{"id":279,"date":"2025-04-28T17:05:23","date_gmt":"2025-04-28T16:05:23","guid":{"rendered":"https:\/\/aspettandomilanocortina2026.it\/?p=279"},"modified":"2025-04-29T15:00:47","modified_gmt":"2025-04-29T14:00:47","slug":"il-viaggio-della-fiamma-olimpica-di-milano-cortina-2026-un-percorso-straordinario","status":"publish","type":"post","link":"https:\/\/aspettandomilanocortina2026.it\/zh\/il-viaggio-della-fiamma-olimpica-di-milano-cortina-2026-un-percorso-straordinario\/","title":{"rendered":"2026 \u5e74\u7c73\u5170-\u79d1\u5c14\u8482\u7eb3\u5965\u8fd0\u5723\u706b\u4e4b\u65c5\uff1a\u975e\u540c\u5bfb\u5e38\u7684\u8def\u7ebf"},"content":{"rendered":"<script type=\"text\/plain\" data-tcf=\"waiting-for-consent\" data-id=\"1033\" data-bid=\"1\" data-placement=\"1034\">PGRpdiBpZD0iYW1jLTE4OTg1OTk1NyIgY2xhc3M9ImFtYy1wcmltYS1kZWwtY29udGVudXRvIj48c2NyaXB0IGFzeW5jIHNyYz0iLy9wYWdlYWQyLmdvb2dsZXN5bmRpY2F0aW9uLmNvbS9wYWdlYWQvanMvYWRzYnlnb29nbGUuanM\/Y2xpZW50PWNhLXB1Yi00NDAxMTQ1MDI3NTM5MTE1IiBjcm9zc29yaWdpbj0iYW5vbnltb3VzIj48L3NjcmlwdD48aW5zIGNsYXNzPSJhZHNieWdvb2dsZSIgc3R5bGU9ImRpc3BsYXk6YmxvY2s7IiBkYXRhLWFkLWNsaWVudD0iY2EtcHViLTQ0MDExNDUwMjc1MzkxMTUiIApkYXRhLWFkLXNsb3Q9IiIgCmRhdGEtYWQtZm9ybWF0PSJhdXRvIiBkYXRhLWZ1bGwtd2lkdGgtcmVzcG9uc2l2ZT0idHJ1ZSI+PC9pbnM+CjxzY3JpcHQ+IAooYWRzYnlnb29nbGUgPSB3aW5kb3cuYWRzYnlnb29nbGUgfHwgW10pLnB1c2goe30pOyAKPC9zY3JpcHQ+CjwvZGl2Pg==<\/script>\n<p>Il viaggio della fiamma olimpica per le Olimpiadi Invernali di Milano Cortina 2026, denominato &#8220;The Greatest Journey&#8221;, \u00e8 un evento simbolico che attraverser\u00e0 tutta l&#8217;Italia, coinvolgendo le comunit\u00e0 locali e celebrando lo spirito olimpico. Partito il 26 novembre 2025 da Olimpia, in Grecia, il percorso toccher\u00e0 tutte le 110 province italiane, coprendo circa 12.000 km in 63 giorni, concludendosi il 6 febbraio 2026 allo Stadio San Siro di Milano durante la cerimonia di apertura dei Giochi .\u200b<\/p><script type=\"text\/plain\" data-tcf=\"waiting-for-consent\" data-id=\"1037\" data-bid=\"1\" data-placement=\"726\">PGRpdiBpZD0iYW1jLTExMDMxMTk4MTciIGNsYXNzPSJhbWMtcG9zdC1jb250ZW50IiBzdHlsZT0ibWFyZ2luLWxlZnQ6IGF1dG87bWFyZ2luLXJpZ2h0OiBhdXRvO3RleHQtYWxpZ246IGNlbnRlcjsiPjxzY3JpcHQgYXN5bmMgc3JjPSIvL3BhZ2VhZDIuZ29vZ2xlc3luZGljYXRpb24uY29tL3BhZ2VhZC9qcy9hZHNieWdvb2dsZS5qcz9jbGllbnQ9Y2EtcHViLTQ0MDExNDUwMjc1MzkxMTUiIGNyb3Nzb3JpZ2luPSJhbm9ueW1vdXMiPjwvc2NyaXB0PjxpbnMgY2xhc3M9ImFkc2J5Z29vZ2xlIiBzdHlsZT0iZGlzcGxheTpibG9jazsiIGRhdGEtYWQtY2xpZW50PSJjYS1wdWItNDQwMTE0NTAyNzUzOTExNSIgCmRhdGEtYWQtc2xvdD0iODAyMDU4Mzc5MyIgCmRhdGEtYWQtZm9ybWF0PSJhdXRvIiBkYXRhLWZ1bGwtd2lkdGgtcmVzcG9uc2l2ZT0idHJ1ZSI+PC9pbnM+CjxzY3JpcHQ+IAooYWRzYnlnb29nbGUgPSB3aW5kb3cuYWRzYnlnb29nbGUgfHwgW10pLnB1c2goe30pOyAKPC9zY3JpcHQ+CjwvZGl2PjxiciBzdHlsZT0iY2xlYXI6IGJvdGg7IGRpc3BsYXk6IGJsb2NrOyBmbG9hdDogbm9uZTsiLz4=<\/script>\n\n\n\n<p><strong>Grecia: L&#8217;Accensione e il Passaggio della Fiaccola<\/strong><\/p><script type=\"text\/plain\" data-tcf=\"waiting-for-consent\" data-id=\"1033\" data-bid=\"1\" data-placement=\"985\">PGRpdiBpZD0iYW1jLTM5ODc1NDc2MzIiIGNsYXNzPSJhbWMtbWgtbWlkIj48c2NyaXB0IGFzeW5jIHNyYz0iLy9wYWdlYWQyLmdvb2dsZXN5bmRpY2F0aW9uLmNvbS9wYWdlYWQvanMvYWRzYnlnb29nbGUuanM\/Y2xpZW50PWNhLXB1Yi00NDAxMTQ1MDI3NTM5MTE1IiBjcm9zc29yaWdpbj0iYW5vbnltb3VzIj48L3NjcmlwdD48aW5zIGNsYXNzPSJhZHNieWdvb2dsZSIgc3R5bGU9ImRpc3BsYXk6YmxvY2s7IiBkYXRhLWFkLWNsaWVudD0iY2EtcHViLTQ0MDExNDUwMjc1MzkxMTUiIApkYXRhLWFkLXNsb3Q9IiIgCmRhdGEtYWQtZm9ybWF0PSJhdXRvIiBkYXRhLWZ1bGwtd2lkdGgtcmVzcG9uc2l2ZT0idHJ1ZSI+PC9pbnM+CjxzY3JpcHQ+IAooYWRzYnlnb29nbGUgPSB3aW5kb3cuYWRzYnlnb29nbGUgfHwgW10pLnB1c2goe30pOyAKPC9zY3JpcHQ+CjwvZGl2Pg==<\/script>\n\n\n\n<ul class=\"wp-block-list\">\n<li><strong>2025 \u5e74 11 \u6708 26 \u65e5<\/strong>: Accensione della fiamma a Olimpia, Grecia, utilizzando il tradizionale specchio parabolico.<\/li>\n\n\n\n<li><strong>2025 \u5e74 12 \u6708 4 \u65e5<\/strong>: Cerimonia di passaggio della fiaccola ad Atene.\u200b<\/li>\n<\/ul>\n\n\n\n<p><strong>Italia: Il Grande Viaggio<\/strong><\/p>\n\n\n\n<p>Il viaggio in Italia inizia il 6 dicembre 2025 e attraversa tutte le regioni e province, con tappe significative in diverse citt\u00e0:\u200b<\/p>\n\n\n\n<ul class=\"wp-block-list\">\n<li><strong>Roma (6 dicembre)<\/strong>: Accoglienza della fiaccola al Quirinale.<\/li>\n\n\n\n<li><strong>Napoli (23 dicembre)<\/strong>: Tappa natalizia.<\/li>\n\n\n\n<li><strong>Bari (31 dicembre)<\/strong>: Celebrazione di Capodanno.<\/li>\n\n\n\n<li><strong>Cortina d&#8217;Ampezzo (26 gennaio 2026)<\/strong>: Commemorazione del 70\u00b0 anniversario dei Giochi Olimpici Invernali del 1956.<\/li>\n\n\n\n<li><strong>Milano (6 febbraio 2026)<\/strong>: Arrivo finale allo Stadio San Siro per la cerimonia di apertura.<\/li>\n<\/ul>\n\n\n\n<p><strong> Tappe Regionali e Locali<\/strong><\/p>\n\n\n\n<ul class=\"wp-block-list\">\n<li><strong>Emilia-Romagna<\/strong>: Dal 5 al 16 gennaio 2026, la fiaccola toccher\u00e0 Rimini, Bologna, Ferrara, Parma e Piacenza .<\/li>\n\n\n\n<li><strong>Alpi Italiane<\/strong>: A gennaio 2026, il percorso attraverser\u00e0 Liguria, Piemonte e Valle d&#8217;Aosta, con tappe a Genova, Cuneo, Torino e Aosta<\/li>\n<\/ul>\n\n\n\n<p><strong> I Tedofori<\/strong><\/p>\n\n\n\n<p>Saranno <strong>10.001<\/strong> i tedofori che porteranno la fiaccola lungo il percorso, selezionati attraverso un bando pubblico. Ogni tedoforo rappresenter\u00e0 una storia unica, contribuendo a unire l&#8217;Italia nel segno dei valori olimpici.<\/p>\n\n\n\n<p><strong>Come candidarsi<\/strong><\/p>\n\n\n\n<p>\u6b32\u4e86\u89e3\u66f4\u591a\u8be6\u60c5\u5e76\u63d0\u4ea4\u5019\u9009\u7533\u8bf7\uff0c\u8bf7\u8bbf\u95ee 2026 \u5e74\u7c73\u5170\u79d1\u5c14\u8482\u7eb3\u5b98\u65b9\u7f51\u7ad9\uff1a <a href=\"https:\/\/www.milanocortina2026.org\" rel=\"nofollow noopener\" target=\"_blank\">www.milanocortina2026.org<\/a><\/p>\n<div class=\"amc-dopo-il-contenuto\" id=\"amc-3363972319\"><script type=\"text\/plain\" data-tcf=\"waiting-for-consent\" data-id=\"1033\" data-bid=\"1\">PGRpdiBpZD0iYW1jLTEyNTQ1MTY4NDUiPjxzY3JpcHQgYXN5bmMgc3JjPSIvL3BhZ2VhZDIuZ29vZ2xlc3luZGljYXRpb24uY29tL3BhZ2VhZC9qcy9hZHNieWdvb2dsZS5qcz9jbGllbnQ9Y2EtcHViLTQ0MDExNDUwMjc1MzkxMTUiIGNyb3Nzb3JpZ2luPSJhbm9ueW1vdXMiPjwvc2NyaXB0PjxpbnMgY2xhc3M9ImFkc2J5Z29vZ2xlIiBzdHlsZT0iZGlzcGxheTpibG9jazsiIGRhdGEtYWQtY2xpZW50PSJjYS1wdWItNDQwMTE0NTAyNzUzOTExNSIgCmRhdGEtYWQtc2xvdD0iIiAKZGF0YS1hZC1mb3JtYXQ9ImF1dG8iIGRhdGEtZnVsbC13aWR0aC1yZXNwb25zaXZlPSJ0cnVlIj48L2lucz4KPHNjcmlwdD4gCihhZHNieWdvb2dsZSA9IHdpbmRvdy5hZHNieWdvb2dsZSB8fCBbXSkucHVzaCh7fSk7IAo8L3NjcmlwdD4KPC9kaXY+<\/script><\/div>","protected":false},"excerpt":{"rendered":"<p>Il viaggio della fiamma olimpica per le Olimpiadi Invernali di Milano Cortina 2026, denominato &#8220;The Greatest Journey&#8221;, \u00e8 un evento simbolico che attraverser\u00e0 tutta l&#8217;Italia, coinvolgendo le comunit\u00e0 locali e celebrando lo spirito olimpico. Partito il 26 novembre 2025 da Olimpia, in Grecia, il percorso toccher\u00e0 tutte le 110 province italiane, coprendo circa 12.000 km [&hellip;]<\/p>","protected":false},"author":3,"featured_media":280,"comment_status":"open","ping_status":"open","sticky":false,"template":"","format":"standard","meta":{"_acf_changed":false,"footnotes":""},"categories":[4,3,1],"tags":[],"class_list":["post-279","post","type-post","status-publish","format-standard","has-post-thumbnail","hentry","category-dietro-le-quinte","category-calendario-gare","category-notizie-e-aggiornamenti"],"acf":[],"_links":{"self":[{"href":"https:\/\/aspettandomilanocortina2026.it\/zh\/wp-json\/wp\/v2\/posts\/279","targetHints":{"allow":["GET"]}}],"collection":[{"href":"https:\/\/aspettandomilanocortina2026.it\/zh\/wp-json\/wp\/v2\/posts"}],"about":[{"href":"https:\/\/aspettandomilanocortina2026.it\/zh\/wp-json\/wp\/v2\/types\/post"}],"author":[{"embeddable":true,"href":"https:\/\/aspettandomilanocortina2026.it\/zh\/wp-json\/wp\/v2\/users\/3"}],"replies":[{"embeddable":true,"href":"https:\/\/aspettandomilanocortina2026.it\/zh\/wp-json\/wp\/v2\/comments?post=279"}],"version-history":[{"count":2,"href":"https:\/\/aspettandomilanocortina2026.it\/zh\/wp-json\/wp\/v2\/posts\/279\/revisions"}],"predecessor-version":[{"id":288,"href":"https:\/\/aspettandomilanocortina2026.it\/zh\/wp-json\/wp\/v2\/posts\/279\/revisions\/288"}],"wp:featuredmedia":[{"embeddable":true,"href":"https:\/\/aspettandomilanocortina2026.it\/zh\/wp-json\/wp\/v2\/media\/280"}],"wp:attachment":[{"href":"https:\/\/aspettandomilanocortina2026.it\/zh\/wp-json\/wp\/v2\/media?parent=279"}],"wp:term":[{"taxonomy":"category","embeddable":true,"href":"https:\/\/aspettandomilanocortina2026.it\/zh\/wp-json\/wp\/v2\/categories?post=279"},{"taxonomy":"post_tag","embeddable":true,"href":"https:\/\/aspettandomilanocortina2026.it\/zh\/wp-json\/wp\/v2\/tags?post=279"}],"curies":[{"name":"wp","href":"https:\/\/api.w.org\/{rel}","templated":true}]}}