{"id":411,"date":"2025-05-15T13:28:58","date_gmt":"2025-05-15T12:28:58","guid":{"rendered":"https:\/\/aspettandomilanocortina2026.it\/?p=411"},"modified":"2025-05-15T13:29:21","modified_gmt":"2025-05-15T12:29:21","slug":"biathlon-paralimpico-precisione-e-resistenza-sulla-neve-di-milano-cortina-2026","status":"publish","type":"post","link":"https:\/\/aspettandomilanocortina2026.it\/ru\/biathlon-paralimpico-precisione-e-resistenza-sulla-neve-di-milano-cortina-2026\/","title":{"rendered":"\u041f\u0430\u0440\u0430\u043b\u0438\u043c\u043f\u0438\u0439\u0441\u043a\u0438\u0439 \u0431\u0438\u0430\u0442\u043b\u043e\u043d: \u0442\u043e\u0447\u043d\u043e\u0441\u0442\u044c \u0438 \u0432\u044b\u043d\u043e\u0441\u043b\u0438\u0432\u043e\u0441\u0442\u044c \u043d\u0430 \u0441\u043d\u0435\u0433\u0443 \u0432 \u041c\u0438\u043b\u0430\u043d\u0435 \u041a\u043e\u0440\u0442\u0438\u043d\u0430 2026"},"content":{"rendered":"<script type=\"text\/plain\" data-tcf=\"waiting-for-consent\" data-id=\"1033\" data-bid=\"1\" data-placement=\"1034\">PGRpdiBpZD0iYW1jLTc2MTY0NTM5OSIgY2xhc3M9ImFtYy1wcmltYS1kZWwtY29udGVudXRvIj48c2NyaXB0IGFzeW5jIHNyYz0iLy9wYWdlYWQyLmdvb2dsZXN5bmRpY2F0aW9uLmNvbS9wYWdlYWQvanMvYWRzYnlnb29nbGUuanM\/Y2xpZW50PWNhLXB1Yi00NDAxMTQ1MDI3NTM5MTE1IiBjcm9zc29yaWdpbj0iYW5vbnltb3VzIj48L3NjcmlwdD48aW5zIGNsYXNzPSJhZHNieWdvb2dsZSIgc3R5bGU9ImRpc3BsYXk6YmxvY2s7IiBkYXRhLWFkLWNsaWVudD0iY2EtcHViLTQ0MDExNDUwMjc1MzkxMTUiIApkYXRhLWFkLXNsb3Q9IiIgCmRhdGEtYWQtZm9ybWF0PSJhdXRvIiBkYXRhLWZ1bGwtd2lkdGgtcmVzcG9uc2l2ZT0idHJ1ZSI+PC9pbnM+CjxzY3JpcHQ+IAooYWRzYnlnb29nbGUgPSB3aW5kb3cuYWRzYnlnb29nbGUgfHwgW10pLnB1c2goe30pOyAKPC9zY3JpcHQ+CjwvZGl2Pg==<\/script>\n<p>Nel cuore dell\u2019inverno italiano, tra le valli innevate e i silenzi delle Dolomiti, il <strong>\u041f\u0430\u0440\u0430\u043b\u0438\u043c\u043f\u0438\u0439\u0441\u043a\u0438\u0439 \u0431\u0438\u0430\u0442\u043b\u043e\u043d<\/strong> torner\u00e0 a emozionare il mondo in occasione delle <strong>Paralimpiadi Invernali di Milano Cortina 2026<\/strong>. Questa disciplina, che unisce la <strong>resistenza dello sci di fondo<\/strong> alla <strong>precisione del tiro con la carabina<\/strong>, \u00e8 una delle pi\u00f9 affascinanti e impegnative dell\u2019intero panorama paralimpico.<\/p><script type=\"text\/plain\" data-tcf=\"waiting-for-consent\" data-id=\"1037\" data-bid=\"1\" data-placement=\"726\">PGRpdiBpZD0iYW1jLTc2OTM0NDMxNCIgY2xhc3M9ImFtYy1wb3N0LWNvbnRlbnQiIHN0eWxlPSJtYXJnaW4tbGVmdDogYXV0bzttYXJnaW4tcmlnaHQ6IGF1dG87dGV4dC1hbGlnbjogY2VudGVyOyI+PHNjcmlwdCBhc3luYyBzcmM9Ii8vcGFnZWFkMi5nb29nbGVzeW5kaWNhdGlvbi5jb20vcGFnZWFkL2pzL2Fkc2J5Z29vZ2xlLmpzP2NsaWVudD1jYS1wdWItNDQwMTE0NTAyNzUzOTExNSIgY3Jvc3NvcmlnaW49ImFub255bW91cyI+PC9zY3JpcHQ+PGlucyBjbGFzcz0iYWRzYnlnb29nbGUiIHN0eWxlPSJkaXNwbGF5OmJsb2NrOyIgZGF0YS1hZC1jbGllbnQ9ImNhLXB1Yi00NDAxMTQ1MDI3NTM5MTE1IiAKZGF0YS1hZC1zbG90PSI4MDIwNTgzNzkzIiAKZGF0YS1hZC1mb3JtYXQ9ImF1dG8iIGRhdGEtZnVsbC13aWR0aC1yZXNwb25zaXZlPSJ0cnVlIj48L2lucz4KPHNjcmlwdD4gCihhZHNieWdvb2dsZSA9IHdpbmRvdy5hZHNieWdvb2dsZSB8fCBbXSkucHVzaCh7fSk7IAo8L3NjcmlwdD4KPC9kaXY+PGJyIHN0eWxlPSJjbGVhcjogYm90aDsgZGlzcGxheTogYmxvY2s7IGZsb2F0OiBub25lOyIvPg==<\/script>\n\n\n\n<p>Ma il biathlon paralimpico \u00e8 anche molto pi\u00f9: \u00e8 la dimostrazione di come lo sport possa superare ogni barriera, trasformando ogni gara in un racconto di determinazione e controllo.<\/p><script type=\"text\/plain\" data-tcf=\"waiting-for-consent\" data-id=\"1033\" data-bid=\"1\" data-placement=\"985\">PGRpdiBpZD0iYW1jLTM4NzIzMzk0NjEiIGNsYXNzPSJhbWMtbWgtbWlkIj48c2NyaXB0IGFzeW5jIHNyYz0iLy9wYWdlYWQyLmdvb2dsZXN5bmRpY2F0aW9uLmNvbS9wYWdlYWQvanMvYWRzYnlnb29nbGUuanM\/Y2xpZW50PWNhLXB1Yi00NDAxMTQ1MDI3NTM5MTE1IiBjcm9zc29yaWdpbj0iYW5vbnltb3VzIj48L3NjcmlwdD48aW5zIGNsYXNzPSJhZHNieWdvb2dsZSIgc3R5bGU9ImRpc3BsYXk6YmxvY2s7IiBkYXRhLWFkLWNsaWVudD0iY2EtcHViLTQ0MDExNDUwMjc1MzkxMTUiIApkYXRhLWFkLXNsb3Q9IiIgCmRhdGEtYWQtZm9ybWF0PSJhdXRvIiBkYXRhLWZ1bGwtd2lkdGgtcmVzcG9uc2l2ZT0idHJ1ZSI+PC9pbnM+CjxzY3JpcHQ+IAooYWRzYnlnb29nbGUgPSB3aW5kb3cuYWRzYnlnb29nbGUgfHwgW10pLnB1c2goe30pOyAKPC9zY3JpcHQ+CjwvZGl2Pg==<\/script>\n\n\n\n<p><strong>Origini di una Disciplina Ibrida e Adrenalinica<\/strong><\/p>\n\n\n\n<p>Il biathlon ha origini militari, nato come esercitazione per le truppe scandinave. Nella sua versione paralimpica, introdotta ai Giochi del 1988 a Innsbruck, ha saputo adattarsi a diversi tipi di disabilit\u00e0, mantenendo intatto il suo fascino.<\/p>\n\n\n\n<p>Ci\u00f2 che rende il biathlon unico \u00e8 la contrapposizione tra lo sforzo fisico della sciata e la calma mentale richiesta nel tiro al bersaglio. Una sfida doppia: contro il cronometro, contro s\u00e9 stessi.<\/p>\n\n\n\n<p><strong>Le Categorie del Biathlon Paralimpico<\/strong><\/p>\n\n\n\n<p>Anche nel biathlon paralimpico gli atleti competono in tre categorie:<\/p>\n\n\n\n<ul class=\"wp-block-list\">\n<li><strong>Sitting<\/strong>: atleti con disabilit\u00e0 agli arti inferiori, che gareggiano su una slitta dotata di sci (sit-ski).<\/li>\n\n\n\n<li><strong>Standing<\/strong>: atleti con disabilit\u00e0 agli arti superiori o inferiori, che competono in posizione eretta.<\/li>\n\n\n\n<li><strong>Visually Impaired<\/strong>: atleti non vedenti o ipovedenti, che gareggiano con una guida e utilizzano un fucile acustico che emette un suono crescente man mano che ci si avvicina al centro del bersaglio.<\/li>\n<\/ul>\n\n\n\n<p>Le distanze variano dai 6 ai 15 km, e il punteggio si basa su un sistema combinato di tempo di percorrenza e penalit\u00e0 per errori nel tiro.<\/p>\n\n\n\n<p><strong>Il Biathlon Paralimpico a Milano Cortina 2026<\/strong><\/p>\n\n\n\n<p>Le gare si svolgeranno nello <strong>stadio del biathlon di Lago di Tesero<\/strong>, \u0432 <strong>\u0412\u0430\u043b\u044c-\u0434\u0438-\u0424\u044c\u0435\u043c\u043c\u0435<\/strong>, una delle localit\u00e0 pi\u00f9 iconiche per gli sport nordici. Il tracciato, immerso in uno scenario alpino mozzafiato, sar\u00e0 completamente accessibile e dotato delle pi\u00f9 moderne tecnologie per il cronometraggio e la sicurezza.<\/p>\n\n\n\n<p>Lo stadio sar\u00e0 attrezzato con tribune riscaldate, aree per spettatori con mobilit\u00e0 ridotta e fan zone interattive per far vivere agli spettatori ogni colpo, ogni sciata, ogni respiro trattenuto al momento del tiro.<\/p>\n\n\n\n<p><strong>Uno Sport di Nervi Saldi e Cuore Forte<\/strong><\/p>\n\n\n\n<p>Nel biathlon paralimpico, la difficolt\u00e0 \u00e8 amplificata: non basta avere forza e resistenza. Serve <strong>concentrazione assoluta<\/strong>, capacit\u00e0 di <strong>gestire la fatica<\/strong>, e un <strong>controllo mentale estremo<\/strong>. Dopo ogni giro sugli sci, l\u2019atleta si sdraia (o si posiziona seduto) e affronta la sfida del tiro. Ogni errore comporta penalit\u00e0, ogni colpo perfetto \u00e8 una vittoria contro il rumore del cuore che batte forte per lo sforzo.<\/p>\n\n\n\n<p>Le performance degli atleti paralimpici lasciano il pubblico senza fiato: chi ha perso la vista o l\u2019uso delle gambe, eppure si lancia sulla neve armato solo della propria volont\u00e0 e della passione per lo sport.<\/p>\n\n\n\n<p><strong>Milano Cortina 2026: Inclusione e Emozione in Diretta Mondiale<\/strong><\/p>\n\n\n\n<p>L\u2019Italia si prepara ad accogliere gli atleti del biathlon paralimpico con un abbraccio di neve, ospitalit\u00e0 e rispetto. Le gare saranno trasmesse in diretta mondiale, sottotitolate e audiodescritte, per permettere a tutti di vivere le emozioni delle Paralimpiadi.<\/p>\n\n\n\n<p>Intorno al biathlon, si svilupperanno anche attivit\u00e0 per il pubblico: laboratori didattici, percorsi sensoriali, mostre e incontri con gli atleti, per far conoscere da vicino il valore dello sport paralimpico.<\/p>\n\n\n\n<p><strong>Pi\u00f9 che un\u2019Olimpiade: una Lezione di Vita<\/strong><\/p>\n\n\n\n<p>Il biathlon paralimpico non \u00e8 solo sport. \u00c8 <strong>disciplina mentale<\/strong>, <strong>precisione chirurgica<\/strong>, <strong>tenacia fisica<\/strong>, ma soprattutto \u00e8 uno specchio delle infinite possibilit\u00e0 umane. A Milano Cortina 2026, ogni atleta sar\u00e0 protagonista di una storia che merita di essere raccontata. Ogni colpo centrato sar\u00e0 un messaggio al mondo: nessun limite pu\u00f2 fermare la voglia di vivere, competere e vincere.<\/p>\n<div class=\"amc-dopo-il-contenuto\" id=\"amc-2772018400\"><script type=\"text\/plain\" data-tcf=\"waiting-for-consent\" data-id=\"1033\" data-bid=\"1\">PGRpdiBpZD0iYW1jLTI0NDMzMTMwNDkiPjxzY3JpcHQgYXN5bmMgc3JjPSIvL3BhZ2VhZDIuZ29vZ2xlc3luZGljYXRpb24uY29tL3BhZ2VhZC9qcy9hZHNieWdvb2dsZS5qcz9jbGllbnQ9Y2EtcHViLTQ0MDExNDUwMjc1MzkxMTUiIGNyb3Nzb3JpZ2luPSJhbm9ueW1vdXMiPjwvc2NyaXB0PjxpbnMgY2xhc3M9ImFkc2J5Z29vZ2xlIiBzdHlsZT0iZGlzcGxheTpibG9jazsiIGRhdGEtYWQtY2xpZW50PSJjYS1wdWItNDQwMTE0NTAyNzUzOTExNSIgCmRhdGEtYWQtc2xvdD0iIiAKZGF0YS1hZC1mb3JtYXQ9ImF1dG8iIGRhdGEtZnVsbC13aWR0aC1yZXNwb25zaXZlPSJ0cnVlIj48L2lucz4KPHNjcmlwdD4gCihhZHNieWdvb2dsZSA9IHdpbmRvdy5hZHNieWdvb2dsZSB8fCBbXSkucHVzaCh7fSk7IAo8L3NjcmlwdD4KPC9kaXY+<\/script><\/div>","protected":false},"excerpt":{"rendered":"<p>Nel cuore dell\u2019inverno italiano, tra le valli innevate e i silenzi delle Dolomiti, il biathlon paralimpico torner\u00e0 a emozionare il mondo in occasione delle Paralimpiadi Invernali di Milano Cortina 2026. Questa disciplina, che unisce la resistenza dello sci di fondo alla precisione del tiro con la carabina, \u00e8 una delle pi\u00f9 affascinanti e impegnative dell\u2019intero [&hellip;]<\/p>","protected":false},"author":3,"featured_media":412,"comment_status":"open","ping_status":"open","sticky":false,"template":"","format":"standard","meta":{"_acf_changed":false,"footnotes":""},"categories":[9],"tags":[],"class_list":["post-411","post","type-post","status-publish","format-standard","has-post-thumbnail","hentry","category-paralimpiadi"],"acf":[],"_links":{"self":[{"href":"https:\/\/aspettandomilanocortina2026.it\/ru\/wp-json\/wp\/v2\/posts\/411","targetHints":{"allow":["GET"]}}],"collection":[{"href":"https:\/\/aspettandomilanocortina2026.it\/ru\/wp-json\/wp\/v2\/posts"}],"about":[{"href":"https:\/\/aspettandomilanocortina2026.it\/ru\/wp-json\/wp\/v2\/types\/post"}],"author":[{"embeddable":true,"href":"https:\/\/aspettandomilanocortina2026.it\/ru\/wp-json\/wp\/v2\/users\/3"}],"replies":[{"embeddable":true,"href":"https:\/\/aspettandomilanocortina2026.it\/ru\/wp-json\/wp\/v2\/comments?post=411"}],"version-history":[{"count":1,"href":"https:\/\/aspettandomilanocortina2026.it\/ru\/wp-json\/wp\/v2\/posts\/411\/revisions"}],"predecessor-version":[{"id":413,"href":"https:\/\/aspettandomilanocortina2026.it\/ru\/wp-json\/wp\/v2\/posts\/411\/revisions\/413"}],"wp:featuredmedia":[{"embeddable":true,"href":"https:\/\/aspettandomilanocortina2026.it\/ru\/wp-json\/wp\/v2\/media\/412"}],"wp:attachment":[{"href":"https:\/\/aspettandomilanocortina2026.it\/ru\/wp-json\/wp\/v2\/media?parent=411"}],"wp:term":[{"taxonomy":"category","embeddable":true,"href":"https:\/\/aspettandomilanocortina2026.it\/ru\/wp-json\/wp\/v2\/categories?post=411"},{"taxonomy":"post_tag","embeddable":true,"href":"https:\/\/aspettandomilanocortina2026.it\/ru\/wp-json\/wp\/v2\/tags?post=411"}],"curies":[{"name":"wp","href":"https:\/\/api.w.org\/{rel}","templated":true}]}}