{"id":408,"date":"2025-05-15T13:17:12","date_gmt":"2025-05-15T12:17:12","guid":{"rendered":"https:\/\/aspettandomilanocortina2026.it\/?p=408"},"modified":"2025-05-15T13:17:13","modified_gmt":"2025-05-15T12:17:13","slug":"sci-di-fondo-paralimpico-storie-di-resistenza-neve-e-spirito-olimpico","status":"publish","type":"post","link":"https:\/\/aspettandomilanocortina2026.it\/ru\/sci-di-fondo-paralimpico-storie-di-resistenza-neve-e-spirito-olimpico\/","title":{"rendered":"\u041f\u0430\u0440\u0430\u043b\u0438\u043c\u043f\u0438\u0439\u0441\u043a\u0438\u0435 \u043b\u044b\u0436\u043d\u044b\u0435 \u0433\u043e\u043d\u043a\u0438: \u0438\u0441\u0442\u043e\u0440\u0438\u0438 \u043e \u0432\u044b\u043d\u043e\u0441\u043b\u0438\u0432\u043e\u0441\u0442\u0438, \u0441\u043d\u0435\u0433\u0435 \u0438 \u043e\u043b\u0438\u043c\u043f\u0438\u0439\u0441\u043a\u043e\u043c \u0434\u0443\u0445\u0435"},"content":{"rendered":"<script type=\"text\/plain\" data-tcf=\"waiting-for-consent\" data-id=\"1033\" data-bid=\"1\" data-placement=\"1034\">PGRpdiBpZD0iYW1jLTQxNzEyMDk5NTgiIGNsYXNzPSJhbWMtcHJpbWEtZGVsLWNvbnRlbnV0byI+PHNjcmlwdCBhc3luYyBzcmM9Ii8vcGFnZWFkMi5nb29nbGVzeW5kaWNhdGlvbi5jb20vcGFnZWFkL2pzL2Fkc2J5Z29vZ2xlLmpzP2NsaWVudD1jYS1wdWItNDQwMTE0NTAyNzUzOTExNSIgY3Jvc3NvcmlnaW49ImFub255bW91cyI+PC9zY3JpcHQ+PGlucyBjbGFzcz0iYWRzYnlnb29nbGUiIHN0eWxlPSJkaXNwbGF5OmJsb2NrOyIgZGF0YS1hZC1jbGllbnQ9ImNhLXB1Yi00NDAxMTQ1MDI3NTM5MTE1IiAKZGF0YS1hZC1zbG90PSIiIApkYXRhLWFkLWZvcm1hdD0iYXV0byIgZGF0YS1mdWxsLXdpZHRoLXJlc3BvbnNpdmU9InRydWUiPjwvaW5zPgo8c2NyaXB0PiAKKGFkc2J5Z29vZ2xlID0gd2luZG93LmFkc2J5Z29vZ2xlIHx8IFtdKS5wdXNoKHt9KTsgCjwvc2NyaXB0Pgo8L2Rpdj4=<\/script>\n<p>\u041b\u043e <strong>\u041f\u0430\u0440\u0430\u043b\u0438\u043c\u043f\u0438\u0439\u0441\u043a\u0438\u0435 \u0441\u043e\u0440\u0435\u0432\u043d\u043e\u0432\u0430\u043d\u0438\u044f \u043f\u043e \u043b\u044b\u0436\u043d\u044b\u043c \u0433\u043e\u043d\u043a\u0430\u043c<\/strong> \u00e8 molto pi\u00f9 di uno sport: \u00e8 la dimostrazione pura di <strong>resilienza<\/strong>, <strong>determinazione<\/strong> e <strong>spirito umano<\/strong>. Nato per offrire opportunit\u00e0 sportive agli atleti con disabilit\u00e0 fisiche e visive, questo sport \u00e8 oggi uno dei pilastri delle <strong>Paralimpiadi Invernali<\/strong>, e a <strong>\u041c\u0438\u043b\u0430\u043d \u041a\u043e\u0440\u0442\u0438\u043d\u0430 2026<\/strong> sar\u00e0 tra i pi\u00f9 seguiti e partecipati.<\/p><script type=\"text\/plain\" data-tcf=\"waiting-for-consent\" data-id=\"1037\" data-bid=\"1\" data-placement=\"726\">PGRpdiBpZD0iYW1jLTExMzEzMDQxOSIgY2xhc3M9ImFtYy1wb3N0LWNvbnRlbnQiIHN0eWxlPSJtYXJnaW4tbGVmdDogYXV0bzttYXJnaW4tcmlnaHQ6IGF1dG87dGV4dC1hbGlnbjogY2VudGVyOyI+PHNjcmlwdCBhc3luYyBzcmM9Ii8vcGFnZWFkMi5nb29nbGVzeW5kaWNhdGlvbi5jb20vcGFnZWFkL2pzL2Fkc2J5Z29vZ2xlLmpzP2NsaWVudD1jYS1wdWItNDQwMTE0NTAyNzUzOTExNSIgY3Jvc3NvcmlnaW49ImFub255bW91cyI+PC9zY3JpcHQ+PGlucyBjbGFzcz0iYWRzYnlnb29nbGUiIHN0eWxlPSJkaXNwbGF5OmJsb2NrOyIgZGF0YS1hZC1jbGllbnQ9ImNhLXB1Yi00NDAxMTQ1MDI3NTM5MTE1IiAKZGF0YS1hZC1zbG90PSI4MDIwNTgzNzkzIiAKZGF0YS1hZC1mb3JtYXQ9ImF1dG8iIGRhdGEtZnVsbC13aWR0aC1yZXNwb25zaXZlPSJ0cnVlIj48L2lucz4KPHNjcmlwdD4gCihhZHNieWdvb2dsZSA9IHdpbmRvdy5hZHNieWdvb2dsZSB8fCBbXSkucHVzaCh7fSk7IAo8L3NjcmlwdD4KPC9kaXY+PGJyIHN0eWxlPSJjbGVhcjogYm90aDsgZGlzcGxheTogYmxvY2s7IGZsb2F0OiBub25lOyIvPg==<\/script>\n\n\n\n<p><strong>Origini e Evoluzione di una Disciplina Eroica<\/strong><\/p><script type=\"text\/plain\" data-tcf=\"waiting-for-consent\" data-id=\"1033\" data-bid=\"1\" data-placement=\"985\">PGRpdiBpZD0iYW1jLTIzODYxNDU4NjQiIGNsYXNzPSJhbWMtbWgtbWlkIj48c2NyaXB0IGFzeW5jIHNyYz0iLy9wYWdlYWQyLmdvb2dsZXN5bmRpY2F0aW9uLmNvbS9wYWdlYWQvanMvYWRzYnlnb29nbGUuanM\/Y2xpZW50PWNhLXB1Yi00NDAxMTQ1MDI3NTM5MTE1IiBjcm9zc29yaWdpbj0iYW5vbnltb3VzIj48L3NjcmlwdD48aW5zIGNsYXNzPSJhZHNieWdvb2dsZSIgc3R5bGU9ImRpc3BsYXk6YmxvY2s7IiBkYXRhLWFkLWNsaWVudD0iY2EtcHViLTQ0MDExNDUwMjc1MzkxMTUiIApkYXRhLWFkLXNsb3Q9IiIgCmRhdGEtYWQtZm9ybWF0PSJhdXRvIiBkYXRhLWZ1bGwtd2lkdGgtcmVzcG9uc2l2ZT0idHJ1ZSI+PC9pbnM+CjxzY3JpcHQ+IAooYWRzYnlnb29nbGUgPSB3aW5kb3cuYWRzYnlnb29nbGUgfHwgW10pLnB1c2goe30pOyAKPC9zY3JpcHQ+CjwvZGl2Pg==<\/script>\n\n\n\n<p>Le origini dello sci di fondo paralimpico risalgono agli anni &#8217;70, quando i primi eventi internazionali furono organizzati per veterani di guerra e atleti con disabilit\u00e0. Dal 1976, lo sport \u00e8 diventato disciplina ufficiale dei <strong>Giochi Paralimpici Invernali<\/strong>, mantenendo nel tempo la sua centralit\u00e0.<\/p>\n\n\n\n<p>Nel corso degli anni, le regole si sono affinate, le tecnologie sono progredite e gli atleti hanno raggiunto prestazioni straordinarie, paragonabili \u2013 per fatica e capacit\u00e0 \u2013 ai colleghi olimpici.<\/p>\n\n\n\n<p><strong>Categorie e Regole dello Sci di Fondo Paralimpico<\/strong><\/p>\n\n\n\n<p>Gli atleti competono in tre principali categorie:<\/p>\n\n\n\n<ul class=\"wp-block-list\">\n<li><strong>Standing (in piedi)<\/strong>: per chi ha disabilit\u00e0 agli arti superiori o inferiori ma \u00e8 in grado di sciare in posizione eretta.<\/li>\n\n\n\n<li><strong>Sitting (seduti)<\/strong>: utilizzano uno <em>sit-ski<\/em>, una sorta di slittino con sci fissati sotto, adatto per persone con paralisi o amputazioni agli arti inferiori.<\/li>\n\n\n\n<li><strong>Visually Impaired (ipovedenti e ciechi)<\/strong>: gareggiano con una guida che fornisce indicazioni vocali e li accompagna lungo il tracciato.<\/li>\n<\/ul>\n\n\n\n<p>Le gare si suddividono in:<\/p>\n\n\n\n<ul class=\"wp-block-list\">\n<li><strong>Sprint<\/strong><\/li>\n\n\n\n<li><strong>Media distanza<\/strong><\/li>\n\n\n\n<li><strong>Lunga distanza<\/strong><\/li>\n\n\n\n<li><strong>\u0421\u043c\u0435\u0448\u0430\u043d\u043d\u0430\u044f \u044d\u0441\u0442\u0430\u0444\u0435\u0442\u0430<\/strong><\/li>\n<\/ul>\n\n\n\n<p>La distanza delle competizioni varia in base alla categoria e al genere, ma lo sforzo richiesto \u00e8 sempre immenso. Gli atleti allenano forza, resistenza e concentrazione in condizioni ambientali complesse.<\/p>\n\n\n\n<p><strong>Milano Cortina 2026: lo Sci di Fondo Paralimpico in Val di Fiemme<\/strong><\/p>\n\n\n\n<p>Nel 2026, le <strong>Paralimpiadi Invernali<\/strong> porteranno lo sci di fondo nella splendida <strong>\u0412\u0430\u043b\u044c-\u0434\u0438-\u0424\u044c\u0435\u043c\u043c\u0435<\/strong>, gi\u00e0 teatro di storiche edizioni della Coppa del Mondo FIS. Il <strong>\u0426\u0435\u043d\u0442\u0440 \u0431\u0435\u0433\u043e\u0432\u044b\u0445 \u043b\u044b\u0436 \u0432 \u041b\u0430\u0433\u043e-\u0434\u0438-\u0422\u0435\u0437\u0435\u0440\u043e<\/strong> sar\u00e0 la sede delle gare paralimpiche, appositamente adattato per garantire accessibilit\u00e0, tecnologia e comfort sia agli atleti che al pubblico.<\/p>\n\n\n\n<p>Il tracciato, circondato dalle Dolomiti innevate, offrir\u00e0 uno scenario mozzafiato per gare cariche di emozione. Le tribune saranno accessibili a tutti, e l\u2019intero impianto sar\u00e0 alimentato da fonti rinnovabili, nel segno della sostenibilit\u00e0.<\/p>\n\n\n\n<p><strong>Una Sfida Sportiva, un Messaggio Universale<\/strong><\/p>\n\n\n\n<p>Ogni atleta che partecipa a una gara di sci di fondo paralimpico rappresenta molto di pi\u00f9 di una nazionale: rappresenta una storia personale fatta di cadute e rinascite. Lo sport diventa cos\u00ec strumento di <strong>inclusione sociale<\/strong>, di <strong>uguaglianza delle opportunit\u00e0<\/strong> e di <strong>ispirazione per le nuove generazioni<\/strong>.<\/p>\n\n\n\n<p>Molti campioni paralimpici sono diventati ambasciatori dello sport e dei diritti delle persone con disabilit\u00e0. Le loro storie vengono raccontate in documentari, libri e nei social media, contribuendo a cambiare la narrazione pubblica sulla disabilit\u00e0.<\/p>\n\n\n\n<p><strong>Uno Sport che Va Oltre il Podio<\/strong><\/p>\n\n\n\n<p>Lo sci di fondo paralimpico non si limita a distribuire medaglie: distribuisce emozioni, valori e cambi di prospettiva. Gli atleti che tagliano quel traguardo innevato, spesso dopo una vita di sfide, ci ricordano che <strong>la vera vittoria non \u00e8 arrivare primi, ma continuare a lottare<\/strong>. A Milano Cortina 2026, gli occhi del mondo saranno puntati anche su di loro \u2013 e non solo per ammirarne la tecnica, ma per lasciarsi ispirare.<\/p>\n<div class=\"amc-dopo-il-contenuto\" id=\"amc-1497885755\"><script type=\"text\/plain\" data-tcf=\"waiting-for-consent\" data-id=\"1033\" data-bid=\"1\">PGRpdiBpZD0iYW1jLTIyNTQ4Njg0OTMiPjxzY3JpcHQgYXN5bmMgc3JjPSIvL3BhZ2VhZDIuZ29vZ2xlc3luZGljYXRpb24uY29tL3BhZ2VhZC9qcy9hZHNieWdvb2dsZS5qcz9jbGllbnQ9Y2EtcHViLTQ0MDExNDUwMjc1MzkxMTUiIGNyb3Nzb3JpZ2luPSJhbm9ueW1vdXMiPjwvc2NyaXB0PjxpbnMgY2xhc3M9ImFkc2J5Z29vZ2xlIiBzdHlsZT0iZGlzcGxheTpibG9jazsiIGRhdGEtYWQtY2xpZW50PSJjYS1wdWItNDQwMTE0NTAyNzUzOTExNSIgCmRhdGEtYWQtc2xvdD0iIiAKZGF0YS1hZC1mb3JtYXQ9ImF1dG8iIGRhdGEtZnVsbC13aWR0aC1yZXNwb25zaXZlPSJ0cnVlIj48L2lucz4KPHNjcmlwdD4gCihhZHNieWdvb2dsZSA9IHdpbmRvdy5hZHNieWdvb2dsZSB8fCBbXSkucHVzaCh7fSk7IAo8L3NjcmlwdD4KPC9kaXY+<\/script><\/div>","protected":false},"excerpt":{"rendered":"<p>Lo sci di fondo paralimpico \u00e8 molto pi\u00f9 di uno sport: \u00e8 la dimostrazione pura di resilienza, determinazione e spirito umano. Nato per offrire opportunit\u00e0 sportive agli atleti con disabilit\u00e0 fisiche e visive, questo sport \u00e8 oggi uno dei pilastri delle Paralimpiadi Invernali, e a Milano Cortina 2026 sar\u00e0 tra i pi\u00f9 seguiti e partecipati. [&hellip;]<\/p>","protected":false},"author":3,"featured_media":409,"comment_status":"open","ping_status":"open","sticky":false,"template":"","format":"standard","meta":{"_acf_changed":false,"footnotes":""},"categories":[9],"tags":[],"class_list":["post-408","post","type-post","status-publish","format-standard","has-post-thumbnail","hentry","category-paralimpiadi"],"acf":[],"_links":{"self":[{"href":"https:\/\/aspettandomilanocortina2026.it\/ru\/wp-json\/wp\/v2\/posts\/408","targetHints":{"allow":["GET"]}}],"collection":[{"href":"https:\/\/aspettandomilanocortina2026.it\/ru\/wp-json\/wp\/v2\/posts"}],"about":[{"href":"https:\/\/aspettandomilanocortina2026.it\/ru\/wp-json\/wp\/v2\/types\/post"}],"author":[{"embeddable":true,"href":"https:\/\/aspettandomilanocortina2026.it\/ru\/wp-json\/wp\/v2\/users\/3"}],"replies":[{"embeddable":true,"href":"https:\/\/aspettandomilanocortina2026.it\/ru\/wp-json\/wp\/v2\/comments?post=408"}],"version-history":[{"count":1,"href":"https:\/\/aspettandomilanocortina2026.it\/ru\/wp-json\/wp\/v2\/posts\/408\/revisions"}],"predecessor-version":[{"id":410,"href":"https:\/\/aspettandomilanocortina2026.it\/ru\/wp-json\/wp\/v2\/posts\/408\/revisions\/410"}],"wp:featuredmedia":[{"embeddable":true,"href":"https:\/\/aspettandomilanocortina2026.it\/ru\/wp-json\/wp\/v2\/media\/409"}],"wp:attachment":[{"href":"https:\/\/aspettandomilanocortina2026.it\/ru\/wp-json\/wp\/v2\/media?parent=408"}],"wp:term":[{"taxonomy":"category","embeddable":true,"href":"https:\/\/aspettandomilanocortina2026.it\/ru\/wp-json\/wp\/v2\/categories?post=408"},{"taxonomy":"post_tag","embeddable":true,"href":"https:\/\/aspettandomilanocortina2026.it\/ru\/wp-json\/wp\/v2\/tags?post=408"}],"curies":[{"name":"wp","href":"https:\/\/api.w.org\/{rel}","templated":true}]}}