{"id":351,"date":"2025-05-08T20:18:06","date_gmt":"2025-05-08T19:18:06","guid":{"rendered":"https:\/\/aspettandomilanocortina2026.it\/?p=351"},"modified":"2025-05-08T20:18:07","modified_gmt":"2025-05-08T19:18:07","slug":"come-raggiungere-la-regina-delle-dolomiti-e-vivere-le-olimpiadi-invernali","status":"publish","type":"post","link":"https:\/\/aspettandomilanocortina2026.it\/ru\/come-raggiungere-la-regina-delle-dolomiti-e-vivere-le-olimpiadi-invernali\/","title":{"rendered":"\u041a\u0430\u043a \u0434\u043e\u0431\u0440\u0430\u0442\u044c\u0441\u044f \u0434\u043e \u043a\u043e\u0440\u043e\u043b\u0435\u0432\u044b \u0414\u043e\u043b\u043e\u043c\u0438\u0442\u043e\u0432\u044b\u0445 \u0410\u043b\u044c\u043f \u0438 \u043f\u043e\u0431\u044b\u0432\u0430\u0442\u044c \u043d\u0430 \u0437\u0438\u043c\u043d\u0438\u0445 \u041e\u043b\u0438\u043c\u043f\u0438\u0439\u0441\u043a\u0438\u0445 \u0438\u0433\u0440\u0430\u0445"},"content":{"rendered":"<script type=\"text\/plain\" data-tcf=\"waiting-for-consent\" data-id=\"1033\" data-bid=\"1\" data-placement=\"1034\">PGRpdiBpZD0iYW1jLTEzNjQ5MzUxODAiIGNsYXNzPSJhbWMtcHJpbWEtZGVsLWNvbnRlbnV0byI+PHNjcmlwdCBhc3luYyBzcmM9Ii8vcGFnZWFkMi5nb29nbGVzeW5kaWNhdGlvbi5jb20vcGFnZWFkL2pzL2Fkc2J5Z29vZ2xlLmpzP2NsaWVudD1jYS1wdWItNDQwMTE0NTAyNzUzOTExNSIgY3Jvc3NvcmlnaW49ImFub255bW91cyI+PC9zY3JpcHQ+PGlucyBjbGFzcz0iYWRzYnlnb29nbGUiIHN0eWxlPSJkaXNwbGF5OmJsb2NrOyIgZGF0YS1hZC1jbGllbnQ9ImNhLXB1Yi00NDAxMTQ1MDI3NTM5MTE1IiAKZGF0YS1hZC1zbG90PSIiIApkYXRhLWFkLWZvcm1hdD0iYXV0byIgZGF0YS1mdWxsLXdpZHRoLXJlc3BvbnNpdmU9InRydWUiPjwvaW5zPgo8c2NyaXB0PiAKKGFkc2J5Z29vZ2xlID0gd2luZG93LmFkc2J5Z29vZ2xlIHx8IFtdKS5wdXNoKHt9KTsgCjwvc2NyaXB0Pgo8L2Rpdj4=<\/script>\n<p>Nel 2026, <strong>\u041a\u043e\u0440\u0442\u0438\u043d\u0430 \u0434'\u0410\u043c\u043f\u0435\u0446\u0446\u043e<\/strong>, la perla delle Dolomiti, torner\u00e0 sotto i riflettori internazionali per accogliere parte delle <strong>Olimpiadi Invernali Milano-Cortina<\/strong>. Una localit\u00e0 che ha gi\u00e0 fatto la storia dei Giochi nel 1956, e che ora si prepara a scrivere un nuovo, entusiasmante capitolo. Ma come arrivare a Cortina e, soprattutto, come vivere l\u2019esperienza olimpica nel cuore delle montagne? Scopriamolo insieme.<\/p><script type=\"text\/plain\" data-tcf=\"waiting-for-consent\" data-id=\"1037\" data-bid=\"1\" data-placement=\"726\">PGRpdiBpZD0iYW1jLTQ3NzU5MDYxOSIgY2xhc3M9ImFtYy1wb3N0LWNvbnRlbnQiIHN0eWxlPSJtYXJnaW4tbGVmdDogYXV0bzttYXJnaW4tcmlnaHQ6IGF1dG87dGV4dC1hbGlnbjogY2VudGVyOyI+PHNjcmlwdCBhc3luYyBzcmM9Ii8vcGFnZWFkMi5nb29nbGVzeW5kaWNhdGlvbi5jb20vcGFnZWFkL2pzL2Fkc2J5Z29vZ2xlLmpzP2NsaWVudD1jYS1wdWItNDQwMTE0NTAyNzUzOTExNSIgY3Jvc3NvcmlnaW49ImFub255bW91cyI+PC9zY3JpcHQ+PGlucyBjbGFzcz0iYWRzYnlnb29nbGUiIHN0eWxlPSJkaXNwbGF5OmJsb2NrOyIgZGF0YS1hZC1jbGllbnQ9ImNhLXB1Yi00NDAxMTQ1MDI3NTM5MTE1IiAKZGF0YS1hZC1zbG90PSI4MDIwNTgzNzkzIiAKZGF0YS1hZC1mb3JtYXQ9ImF1dG8iIGRhdGEtZnVsbC13aWR0aC1yZXNwb25zaXZlPSJ0cnVlIj48L2lucz4KPHNjcmlwdD4gCihhZHNieWdvb2dsZSA9IHdpbmRvdy5hZHNieWdvb2dsZSB8fCBbXSkucHVzaCh7fSk7IAo8L3NjcmlwdD4KPC9kaXY+PGJyIHN0eWxlPSJjbGVhcjogYm90aDsgZGlzcGxheTogYmxvY2s7IGZsb2F0OiBub25lOyIvPg==<\/script>\n\n\n\n<p><strong>Arrivare a Cortina: Tra Paesaggi e Connessioni<\/strong><\/p><script type=\"text\/plain\" data-tcf=\"waiting-for-consent\" data-id=\"1033\" data-bid=\"1\" data-placement=\"985\">PGRpdiBpZD0iYW1jLTE3NjA4NzEzMzQiIGNsYXNzPSJhbWMtbWgtbWlkIj48c2NyaXB0IGFzeW5jIHNyYz0iLy9wYWdlYWQyLmdvb2dsZXN5bmRpY2F0aW9uLmNvbS9wYWdlYWQvanMvYWRzYnlnb29nbGUuanM\/Y2xpZW50PWNhLXB1Yi00NDAxMTQ1MDI3NTM5MTE1IiBjcm9zc29yaWdpbj0iYW5vbnltb3VzIj48L3NjcmlwdD48aW5zIGNsYXNzPSJhZHNieWdvb2dsZSIgc3R5bGU9ImRpc3BsYXk6YmxvY2s7IiBkYXRhLWFkLWNsaWVudD0iY2EtcHViLTQ0MDExNDUwMjc1MzkxMTUiIApkYXRhLWFkLXNsb3Q9IiIgCmRhdGEtYWQtZm9ybWF0PSJhdXRvIiBkYXRhLWZ1bGwtd2lkdGgtcmVzcG9uc2l2ZT0idHJ1ZSI+PC9pbnM+CjxzY3JpcHQ+IAooYWRzYnlnb29nbGUgPSB3aW5kb3cuYWRzYnlnb29nbGUgfHwgW10pLnB1c2goe30pOyAKPC9zY3JpcHQ+CjwvZGl2Pg==<\/script>\n\n\n\n<p>Cortina, pur trovandosi in alta quota, \u00e8 facilmente raggiungibile grazie a una rete di trasporti potenziata in vista dei Giochi:<\/p>\n\n\n\n<ul class=\"wp-block-list\">\n<li><strong>\u041d\u0430 \u043f\u043e\u0435\u0437\u0434\u0435<\/strong>: si potr\u00e0 arrivare fino a <strong>\u041a\u0430\u043b\u0430\u043b\u044c\u0446\u043e - \u041f\u044c\u0435\u0432\u0435-\u0434\u0438-\u041a\u0430\u0434\u043e\u0440\u0435<\/strong>, la stazione pi\u00f9 vicina (a 35 km), servita da treni speciali e navette dirette verso Cortina. In occasione delle Olimpiadi, verranno attivati collegamenti ferroviari dedicati da <strong>Venezia<\/strong>, <strong>Treviso<\/strong>, <strong>Belluno<\/strong> e <strong>Padova<\/strong>.<\/li>\n\n\n\n<li><strong>\u041d\u0430 \u0430\u0432\u0442\u043e\u043c\u043e\u0431\u0438\u043b\u0435<\/strong>: l\u2019accesso a Cortina avverr\u00e0 attraverso la SS51 di Alemagna. Tuttavia, durante i Giochi, il traffico sar\u00e0 regolato e si incoragger\u00e0 l\u2019uso di parcheggi esterni e navette.<\/li>\n\n\n\n<li><strong>In autobus<\/strong>: saranno attive numerose <strong>linee speciali di bus e navette elettriche<\/strong> da aeroporti e stazioni principali del Veneto, Friuli e Trentino-Alto Adige.<\/li>\n\n\n\n<li><strong>\u041d\u0430 \u0441\u0430\u043c\u043e\u043b\u0435\u0442\u0435<\/strong>: gli aeroporti pi\u00f9 comodi sono <strong>Venezia Marco Polo<\/strong>, <strong>Treviso<\/strong> e <strong>Bolzano<\/strong>. Da l\u00ec, i collegamenti saranno garantiti da servizi shuttle con prenotazione online.<\/li>\n<\/ul>\n\n\n\n<p><strong>Gli Impianti Olimpici di Cortina<\/strong><\/p>\n\n\n\n<p>A Cortina si svolgeranno le competizioni pi\u00f9 spettacolari degli sport invernali:<\/p>\n\n\n\n<ul class=\"wp-block-list\">\n<li><strong>Sci alpino femminile<\/strong> sulla mitica pista Olympia delle Tofane<\/li>\n\n\n\n<li><strong>Bob, skeleton e slittino<\/strong> sulla rinnovata pista \u201cEugenio Monti\u201d, ricostruita con criteri sostenibili<\/li>\n\n\n\n<li><strong>\u041a\u0435\u0440\u043b\u0438\u043d\u0433<\/strong> nello storico <strong>\u041e\u043b\u0438\u043c\u043f\u0438\u0439\u0441\u043a\u0438\u0439 \u043b\u0435\u0434\u043e\u0432\u044b\u0439 \u0441\u0442\u0430\u0434\u0438\u043e\u043d<\/strong>, ristrutturato per l\u2019occasione<\/li>\n<\/ul>\n\n\n\n<p>Le venue saranno tutte raggiungibili con <strong>navette gratuite<\/strong>, riservate a chi possiede il biglietto per l\u2019evento. I percorsi pedonali saranno ben segnalati, sicuri e accessibili anche a persone con disabilit\u00e0.<\/p>\n\n\n\n<p><strong>Biglietti e Accessi agli Eventi a Cortina<\/strong><\/p>\n\n\n\n<p>I biglietti per gli eventi olimpici di Cortina saranno disponibili sul sito ufficiale di Milano-Cortina 2026. Vista la capienza limitata delle strutture montane, \u00e8 consigliabile:<\/p>\n\n\n\n<ul class=\"wp-block-list\">\n<li>Prenotare in anticipo, specialmente per sci alpino e bob<\/li>\n\n\n\n<li>Utilizzare il <strong>sistema di registrazione online<\/strong> per ricevere notifiche su disponibilit\u00e0 e orari<\/li>\n\n\n\n<li>Portare con s\u00e9 un documento d\u2019identit\u00e0 e l\u2019app ufficiale per facilitare gli accessi<\/li>\n<\/ul>\n\n\n\n<p><strong>Dove Dormire a Cortina e Dintorni<\/strong><\/p>\n\n\n\n<p>La domanda di alloggi sar\u00e0 molto alta: Cortina \u00e8 gi\u00e0 una localit\u00e0 turistica d\u2019\u00e9lite. Per l\u2019occasione, saranno disponibili:<\/p>\n\n\n\n<ul class=\"wp-block-list\">\n<li>Hotel di fascia alta e chalet tradizionali<\/li>\n\n\n\n<li>Affittacamere, B&amp;B e appartamenti privati<\/li>\n\n\n\n<li>Strutture temporanee autorizzate in aree periferiche<\/li>\n<\/ul>\n\n\n\n<p>Per chi non trova posto in paese, <strong>San Vito di Cadore<\/strong>, <strong>Dobbiaco<\/strong>, <strong>Auronzo<\/strong>, e perfino <strong>Brunico<\/strong> rappresentano ottime basi, tutte ben collegate da navette olimpiche.<\/p>\n\n\n\n<p><strong>Cortina oltre lo Sport: Un\u2019Olimpiade tra Neve e Storia<\/strong><\/p>\n\n\n\n<p>Durante i Giochi, Cortina sar\u00e0 molto pi\u00f9 di un\u2019arena sportiva. Il suo <strong>centro storico<\/strong>, elegante e pedonale, ospiter\u00e0 fan zone, eventi musicali, mostre e installazioni artistiche. I bar e le pasticcerie, gi\u00e0 famose in tutta Europa, diventeranno luoghi di incontro per atleti, giornalisti e turisti.<\/p>\n\n\n\n<p>\u0421\u0430\u0439\u0442 <strong>campanile di San Filippo e San Giacomo<\/strong>, simbolo di Cortina, far\u00e0 da sfondo ai festeggiamenti olimpici. Gli impianti saranno illuminati, le strade animate da spettacoli e dirette TV: tutto il paese sar\u00e0 vestito a festa.<\/p>\n\n\n\n<p><strong>Consigli per Spettatori a Cortina<\/strong><\/p>\n\n\n\n<ul class=\"wp-block-list\">\n<li><strong>Vestiti adeguatamente<\/strong>: l\u2019altitudine pu\u00f2 portare gelo anche con il sole. Scarpe tecniche e strati termici sono d\u2019obbligo.<\/li>\n\n\n\n<li><strong>Muoviti con anticipo<\/strong>: alcune sedi richiedono brevi tratti a piedi o in funivia.<\/li>\n\n\n\n<li><strong>Prenota pranzo e cena in anticipo<\/strong>: i ristoranti saranno affollati, ma la cucina ampezzana merita una sosta.<\/li>\n\n\n\n<li><strong>Usa l\u2019app ufficiale<\/strong> per aggiornamenti in tempo reale su orari, traffico e meteo.<\/li>\n<\/ul>\n\n\n\n<p><strong>Cortina 2026: Un\u2019Olimpiade tra le Vette del Mondo<\/strong><\/p>\n\n\n\n<p>Assistere agli eventi olimpici a Cortina sar\u00e0 un\u2019esperienza indimenticabile: non solo per la bellezza delle gare, ma per l\u2019atmosfera unica che solo una cittadina come questa sa regalare. Tra neve, storia e accoglienza alpina, Cortina \u00e8 pronta a riabbracciare il mondo intero \u2013 con la grazia e l\u2019eleganza di sempre.<\/p>\n\n\n<div class=\"amc-sqrd-sidebar-bottom\" style=\"width: 970px;height: 250px;\" id=\"amc-1832019909\"><script type=\"text\/plain\" data-tcf=\"waiting-for-consent\" data-id=\"1033\" data-bid=\"1\">PGRpdiBpZD0iYW1jLTIxNTg3MjE3NTQiPjxzY3JpcHQgYXN5bmMgc3JjPSIvL3BhZ2VhZDIuZ29vZ2xlc3luZGljYXRpb24uY29tL3BhZ2VhZC9qcy9hZHNieWdvb2dsZS5qcz9jbGllbnQ9Y2EtcHViLTQ0MDExNDUwMjc1MzkxMTUiIGNyb3Nzb3JpZ2luPSJhbm9ueW1vdXMiPjwvc2NyaXB0PjxpbnMgY2xhc3M9ImFkc2J5Z29vZ2xlIiBzdHlsZT0iZGlzcGxheTpibG9jazsiIGRhdGEtYWQtY2xpZW50PSJjYS1wdWItNDQwMTE0NTAyNzUzOTExNSIgCmRhdGEtYWQtc2xvdD0iIiAKZGF0YS1hZC1mb3JtYXQ9ImF1dG8iIGRhdGEtZnVsbC13aWR0aC1yZXNwb25zaXZlPSJ0cnVlIj48L2lucz4KPHNjcmlwdD4gCihhZHNieWdvb2dsZSA9IHdpbmRvdy5hZHNieWdvb2dsZSB8fCBbXSkucHVzaCh7fSk7IAo8L3NjcmlwdD4KPC9kaXY+<\/script><\/div><div class=\"amc-dopo-il-contenuto\" id=\"amc-1242859893\"><script type=\"text\/plain\" data-tcf=\"waiting-for-consent\" data-id=\"1033\" data-bid=\"1\">PGRpdiBpZD0iYW1jLTEwMjE1NTM5NTIiPjxzY3JpcHQgYXN5bmMgc3JjPSIvL3BhZ2VhZDIuZ29vZ2xlc3luZGljYXRpb24uY29tL3BhZ2VhZC9qcy9hZHNieWdvb2dsZS5qcz9jbGllbnQ9Y2EtcHViLTQ0MDExNDUwMjc1MzkxMTUiIGNyb3Nzb3JpZ2luPSJhbm9ueW1vdXMiPjwvc2NyaXB0PjxpbnMgY2xhc3M9ImFkc2J5Z29vZ2xlIiBzdHlsZT0iZGlzcGxheTpibG9jazsiIGRhdGEtYWQtY2xpZW50PSJjYS1wdWItNDQwMTE0NTAyNzUzOTExNSIgCmRhdGEtYWQtc2xvdD0iIiAKZGF0YS1hZC1mb3JtYXQ9ImF1dG8iIGRhdGEtZnVsbC13aWR0aC1yZXNwb25zaXZlPSJ0cnVlIj48L2lucz4KPHNjcmlwdD4gCihhZHNieWdvb2dsZSA9IHdpbmRvdy5hZHNieWdvb2dsZSB8fCBbXSkucHVzaCh7fSk7IAo8L3NjcmlwdD4KPC9kaXY+<\/script><\/div>","protected":false},"excerpt":{"rendered":"<p>Nel 2026, Cortina d\u2019Ampezzo, la perla delle Dolomiti, torner\u00e0 sotto i riflettori internazionali per accogliere parte delle Olimpiadi Invernali Milano-Cortina. Una localit\u00e0 che ha gi\u00e0 fatto la storia dei Giochi nel 1956, e che ora si prepara a scrivere un nuovo, entusiasmante capitolo. Ma come arrivare a Cortina e, soprattutto, come vivere l\u2019esperienza olimpica nel [&hellip;]<\/p>","protected":false},"author":3,"featured_media":352,"comment_status":"open","ping_status":"open","sticky":false,"template":"","format":"standard","meta":{"_acf_changed":false,"footnotes":""},"categories":[1,4,5,7],"tags":[],"class_list":["post-351","post","type-post","status-publish","format-standard","has-post-thumbnail","hentry","category-notizie-e-aggiornamenti","category-dietro-le-quinte","category-guida-per-i-tifosi","category-milano-e-cortina"],"acf":[],"_links":{"self":[{"href":"https:\/\/aspettandomilanocortina2026.it\/ru\/wp-json\/wp\/v2\/posts\/351","targetHints":{"allow":["GET"]}}],"collection":[{"href":"https:\/\/aspettandomilanocortina2026.it\/ru\/wp-json\/wp\/v2\/posts"}],"about":[{"href":"https:\/\/aspettandomilanocortina2026.it\/ru\/wp-json\/wp\/v2\/types\/post"}],"author":[{"embeddable":true,"href":"https:\/\/aspettandomilanocortina2026.it\/ru\/wp-json\/wp\/v2\/users\/3"}],"replies":[{"embeddable":true,"href":"https:\/\/aspettandomilanocortina2026.it\/ru\/wp-json\/wp\/v2\/comments?post=351"}],"version-history":[{"count":1,"href":"https:\/\/aspettandomilanocortina2026.it\/ru\/wp-json\/wp\/v2\/posts\/351\/revisions"}],"predecessor-version":[{"id":353,"href":"https:\/\/aspettandomilanocortina2026.it\/ru\/wp-json\/wp\/v2\/posts\/351\/revisions\/353"}],"wp:featuredmedia":[{"embeddable":true,"href":"https:\/\/aspettandomilanocortina2026.it\/ru\/wp-json\/wp\/v2\/media\/352"}],"wp:attachment":[{"href":"https:\/\/aspettandomilanocortina2026.it\/ru\/wp-json\/wp\/v2\/media?parent=351"}],"wp:term":[{"taxonomy":"category","embeddable":true,"href":"https:\/\/aspettandomilanocortina2026.it\/ru\/wp-json\/wp\/v2\/categories?post=351"},{"taxonomy":"post_tag","embeddable":true,"href":"https:\/\/aspettandomilanocortina2026.it\/ru\/wp-json\/wp\/v2\/tags?post=351"}],"curies":[{"name":"wp","href":"https:\/\/api.w.org\/{rel}","templated":true}]}}