{"id":1056,"date":"2026-02-02T16:23:48","date_gmt":"2026-02-02T14:23:48","guid":{"rendered":"https:\/\/aspettandomilanocortina2026.it\/?p=1056"},"modified":"2026-02-02T16:23:50","modified_gmt":"2026-02-02T14:23:50","slug":"primo-caso-di-doping-alle-olimpiadi-milano-cortina-2026-la-vicenda-della-biatleta-italiana","status":"publish","type":"post","link":"https:\/\/aspettandomilanocortina2026.it\/ru\/primo-caso-di-doping-alle-olimpiadi-milano-cortina-2026-la-vicenda-della-biatleta-italiana\/","title":{"rendered":"\u041f\u0435\u0440\u0432\u044b\u0439 \u0441\u043b\u0443\u0447\u0430\u0439 \u043f\u0440\u0438\u043c\u0435\u043d\u0435\u043d\u0438\u044f \u0434\u043e\u043f\u0438\u043d\u0433\u0430 \u043d\u0430 \u041e\u043b\u0438\u043c\u043f\u0438\u0439\u0441\u043a\u0438\u0445 \u0438\u0433\u0440\u0430\u0445 2026 \u0433\u043e\u0434\u0430 \u0432 \u041c\u0438\u043b\u0430\u043d\u0435 \u0438 \u041a\u043e\u0440\u0442\u0438\u043d\u0435: \u0434\u0435\u043b\u043e \u0438\u0442\u0430\u043b\u044c\u044f\u043d\u0441\u043a\u043e\u0433\u043e \u0431\u0438\u0430\u0442\u043b\u043e\u043d\u0438\u0441\u0442\u0430"},"content":{"rendered":"<script type=\"text\/plain\" data-tcf=\"waiting-for-consent\" data-id=\"1033\" data-bid=\"1\" data-placement=\"1034\">PGRpdiBpZD0iYW1jLTg2NTI2NjY2MCIgY2xhc3M9ImFtYy1wcmltYS1kZWwtY29udGVudXRvIj48c2NyaXB0IGFzeW5jIHNyYz0iLy9wYWdlYWQyLmdvb2dsZXN5bmRpY2F0aW9uLmNvbS9wYWdlYWQvanMvYWRzYnlnb29nbGUuanM\/Y2xpZW50PWNhLXB1Yi00NDAxMTQ1MDI3NTM5MTE1IiBjcm9zc29yaWdpbj0iYW5vbnltb3VzIj48L3NjcmlwdD48aW5zIGNsYXNzPSJhZHNieWdvb2dsZSIgc3R5bGU9ImRpc3BsYXk6YmxvY2s7IiBkYXRhLWFkLWNsaWVudD0iY2EtcHViLTQ0MDExNDUwMjc1MzkxMTUiIApkYXRhLWFkLXNsb3Q9IiIgCmRhdGEtYWQtZm9ybWF0PSJhdXRvIiBkYXRhLWZ1bGwtd2lkdGgtcmVzcG9uc2l2ZT0idHJ1ZSI+PC9pbnM+CjxzY3JpcHQ+IAooYWRzYnlnb29nbGUgPSB3aW5kb3cuYWRzYnlnb29nbGUgfHwgW10pLnB1c2goe30pOyAKPC9zY3JpcHQ+CjwvZGl2Pg==<\/script>\n<p>A pochi giorni dall\u2019inaugurazione delle <strong>\u0417\u0438\u043c\u043d\u0438\u0435 \u041e\u043b\u0438\u043c\u043f\u0438\u0439\u0441\u043a\u0438\u0435 \u0438\u0433\u0440\u044b \u041c\u0438\u043b\u0430\u043d \u041a\u043e\u0440\u0442\u0438\u043d\u0430 2026<\/strong>, arriva la notizia che scuote il mondo sportivo italiano e internazionale: <strong>il primo caso di doping all\u2019interno dei Giochi \u00e8 stato ufficialmente confermato<\/strong>. Si tratta di una giovane atleta italiana del biathlon risultata positiva a un controllo, con ripercussioni sulla sua partecipazione e sul team azzurro.<\/p><script type=\"text\/plain\" data-tcf=\"waiting-for-consent\" data-id=\"1037\" data-bid=\"1\" data-placement=\"726\">PGRpdiBpZD0iYW1jLTI0MTQ4NTI4NDIiIGNsYXNzPSJhbWMtcG9zdC1jb250ZW50IiBzdHlsZT0ibWFyZ2luLWxlZnQ6IGF1dG87bWFyZ2luLXJpZ2h0OiBhdXRvO3RleHQtYWxpZ246IGNlbnRlcjsiPjxzY3JpcHQgYXN5bmMgc3JjPSIvL3BhZ2VhZDIuZ29vZ2xlc3luZGljYXRpb24uY29tL3BhZ2VhZC9qcy9hZHNieWdvb2dsZS5qcz9jbGllbnQ9Y2EtcHViLTQ0MDExNDUwMjc1MzkxMTUiIGNyb3Nzb3JpZ2luPSJhbm9ueW1vdXMiPjwvc2NyaXB0PjxpbnMgY2xhc3M9ImFkc2J5Z29vZ2xlIiBzdHlsZT0iZGlzcGxheTpibG9jazsiIGRhdGEtYWQtY2xpZW50PSJjYS1wdWItNDQwMTE0NTAyNzUzOTExNSIgCmRhdGEtYWQtc2xvdD0iODAyMDU4Mzc5MyIgCmRhdGEtYWQtZm9ybWF0PSJhdXRvIiBkYXRhLWZ1bGwtd2lkdGgtcmVzcG9uc2l2ZT0idHJ1ZSI+PC9pbnM+CjxzY3JpcHQ+IAooYWRzYnlnb29nbGUgPSB3aW5kb3cuYWRzYnlnb29nbGUgfHwgW10pLnB1c2goe30pOyAKPC9zY3JpcHQ+CjwvZGl2PjxiciBzdHlsZT0iY2xlYXI6IGJvdGg7IGRpc3BsYXk6IGJsb2NrOyBmbG9hdDogbm9uZTsiLz4=<\/script>\n\n\n\n<h2 class=\"wp-block-heading\"><strong>L\u2019atleta e la disciplina coinvolta<\/strong><\/h2>\n\n\n\n<p>La protagonista del caso \u00e8 <strong>Rebecca Passler<\/strong>, biatleta italiana classe 2001, originaria di Anterselva e punta di diamante della squadra italiana di biathlon. Passler era stata convocata per partecipare alle gare olimpiche di biathlon, una delle discipline invernali pi\u00f9 tecniche e fisicamente impegnative, che combina sci di fondo e tiro a segno.<\/p><script type=\"text\/plain\" data-tcf=\"waiting-for-consent\" data-id=\"1033\" data-bid=\"1\" data-placement=\"985\">PGRpdiBpZD0iYW1jLTE1MjE2ODM4MzMiIGNsYXNzPSJhbWMtbWgtbWlkIj48c2NyaXB0IGFzeW5jIHNyYz0iLy9wYWdlYWQyLmdvb2dsZXN5bmRpY2F0aW9uLmNvbS9wYWdlYWQvanMvYWRzYnlnb29nbGUuanM\/Y2xpZW50PWNhLXB1Yi00NDAxMTQ1MDI3NTM5MTE1IiBjcm9zc29yaWdpbj0iYW5vbnltb3VzIj48L3NjcmlwdD48aW5zIGNsYXNzPSJhZHNieWdvb2dsZSIgc3R5bGU9ImRpc3BsYXk6YmxvY2s7IiBkYXRhLWFkLWNsaWVudD0iY2EtcHViLTQ0MDExNDUwMjc1MzkxMTUiIApkYXRhLWFkLXNsb3Q9IiIgCmRhdGEtYWQtZm9ybWF0PSJhdXRvIiBkYXRhLWZ1bGwtd2lkdGgtcmVzcG9uc2l2ZT0idHJ1ZSI+PC9pbnM+CjxzY3JpcHQ+IAooYWRzYnlnb29nbGUgPSB3aW5kb3cuYWRzYnlnb29nbGUgfHwgW10pLnB1c2goe30pOyAKPC9zY3JpcHQ+CjwvZGl2Pg==<\/script>\n\n\n\n<h2 class=\"wp-block-heading\"><strong>Come \u00e8 stato scoperto il doping<\/strong><\/h2>\n\n\n\n<p>Il controllo antidoping che ha portato alla positivit\u00e0 di Passler non \u00e8 stato effettuato durante una gara, ma <strong>\u201cout of competition\u201d<\/strong>, cio\u00e8 in un test effettuato al di fuori delle competizioni ufficiali. Durante questo controllo \u00e8 stata riscontrata la presenza di <strong>letrozolo<\/strong>, una sostanza vietata che pu\u00f2 alterare l\u2019equilibrio ormonale ed \u00e8 classificata tra gli agenti che migliorano le prestazioni.<\/p>\n\n\n\n<h2 class=\"wp-block-heading\"><strong>Letrozolo: cosa \u00e8 e perch\u00e9 \u00e8 vietato<\/strong><\/h2>\n\n\n\n<p>\u0421\u0430\u0439\u0442 <strong>letrozolo<\/strong> \u00e8 un farmaco inibitore dell\u2019aromatasi, usato in medicina per trattamenti specifici legati all\u2019equilibrio ormonale. Nel contesto sportivo \u00e8 vietato perch\u00e9 pu\u00f2 ridurre i livelli di estrogeni e mascherare l\u2019assunzione di altre sostanze dopanti, oppure favorire miglioramenti di performance non consentiti dalle regole antidoping.<\/p>\n\n\n\n<h2 class=\"wp-block-heading\"><strong>Conseguenze per l\u2019atleta e per la squadra<\/strong><\/h2>\n\n\n\n<p>Secondo le normative internazionali antidoping e il regolamento del Comitato Olimpico Internazionale, una positivit\u00e0 di questo tipo <strong>porta alla sospensione immediata dell\u2019atleta<\/strong> e alla sua esclusione dalle competizioni. Nel caso di Passler, la sua partecipazione alle gare di biathlon \u00e8 stata annullata, e la squadra italiana dovr\u00e0 <strong>rivedere la composizione delle staffette e delle prove individuali<\/strong> per compensare la sua assenza.<\/p>\n\n\n\n<h2 class=\"wp-block-heading\"><strong>Il contesto delle Olimpiadi e i controlli antidoping<\/strong><\/h2>\n\n\n\n<p>Il caso di Passler arriva a pochi giorni dall\u2019inizio ufficiale dei Giochi \u2014 la cerimonia di apertura \u00e8 prevista per il 6 febbraio 2026 \u2014 e sottolinea <strong>l\u2019intensit\u00e0 dei controlli antidoping che precedono e accompagnano ogni edizione olimpica<\/strong>. Le autorit\u00e0 sportive internazionali, incluso il CIO e le agenzie antidoping, conducono test capillari prima e durante i Giochi per garantire <em>integrit\u00e0, equit\u00e0 e salute degli atleti<\/em>.<\/p>\n\n\n\n<p>Questa situazione conferma anche quanto il sistema di screening sia in grado di individuare casi sospetti fuori dalle competizioni, evitando che eventuali violazioni abbiano luogo proprio durante gli eventi pi\u00f9 importanti.<\/p>\n\n\n\n<h2 class=\"wp-block-heading\"><strong>Reazioni e impatto sulla rassegna olimpica<\/strong><\/h2>\n\n\n\n<p>La notizia ha provocato reazioni in Italia e all\u2019estero, con grande attenzione mediatica sul tema del doping nello sport. Il caso solleva interrogativi sulla preparazione atletica, sulle regole di controllo e sull\u2019efficacia delle misure preventive adottate in vista dei Giochi.<\/p>\n\n\n\n<p>Allo stesso tempo, le autorit\u00e0 sportive sottolineano che <strong>un caso isolato non deve offuscare il valore globale dell\u2019evento<\/strong>, n\u00e9 la maggioranza degli atleti impegnati nelle competizioni, che gareggiano nel rispetto delle regole.<\/p>\n<div class=\"amc-dopo-il-contenuto\" id=\"amc-2695422717\"><script type=\"text\/plain\" data-tcf=\"waiting-for-consent\" data-id=\"1033\" data-bid=\"1\">PGRpdiBpZD0iYW1jLTM3ODMwMTExOCI+PHNjcmlwdCBhc3luYyBzcmM9Ii8vcGFnZWFkMi5nb29nbGVzeW5kaWNhdGlvbi5jb20vcGFnZWFkL2pzL2Fkc2J5Z29vZ2xlLmpzP2NsaWVudD1jYS1wdWItNDQwMTE0NTAyNzUzOTExNSIgY3Jvc3NvcmlnaW49ImFub255bW91cyI+PC9zY3JpcHQ+PGlucyBjbGFzcz0iYWRzYnlnb29nbGUiIHN0eWxlPSJkaXNwbGF5OmJsb2NrOyIgZGF0YS1hZC1jbGllbnQ9ImNhLXB1Yi00NDAxMTQ1MDI3NTM5MTE1IiAKZGF0YS1hZC1zbG90PSIiIApkYXRhLWFkLWZvcm1hdD0iYXV0byIgZGF0YS1mdWxsLXdpZHRoLXJlc3BvbnNpdmU9InRydWUiPjwvaW5zPgo8c2NyaXB0PiAKKGFkc2J5Z29vZ2xlID0gd2luZG93LmFkc2J5Z29vZ2xlIHx8IFtdKS5wdXNoKHt9KTsgCjwvc2NyaXB0Pgo8L2Rpdj4=<\/script><\/div>","protected":false},"excerpt":{"rendered":"<p>A pochi giorni dall\u2019inaugurazione delle Olimpiadi Invernali Milano Cortina 2026, arriva la notizia che scuote il mondo sportivo italiano e internazionale: il primo caso di doping all\u2019interno dei Giochi \u00e8 stato ufficialmente confermato. Si tratta di una giovane atleta italiana del biathlon risultata positiva a un controllo, con ripercussioni sulla sua partecipazione e sul team [&hellip;]<\/p>","protected":false},"author":3,"featured_media":1057,"comment_status":"open","ping_status":"closed","sticky":false,"template":"","format":"standard","meta":{"_acf_changed":false,"footnotes":""},"categories":[16,2,1,17],"tags":[],"class_list":["post-1056","post","type-post","status-publish","format-standard","has-post-thumbnail","hentry","category-notizie-e-approfondimenti","category-atleti-e-squadre","category-notizie-e-aggiornamenti","category-sport-e-atleti"],"acf":[],"_links":{"self":[{"href":"https:\/\/aspettandomilanocortina2026.it\/ru\/wp-json\/wp\/v2\/posts\/1056","targetHints":{"allow":["GET"]}}],"collection":[{"href":"https:\/\/aspettandomilanocortina2026.it\/ru\/wp-json\/wp\/v2\/posts"}],"about":[{"href":"https:\/\/aspettandomilanocortina2026.it\/ru\/wp-json\/wp\/v2\/types\/post"}],"author":[{"embeddable":true,"href":"https:\/\/aspettandomilanocortina2026.it\/ru\/wp-json\/wp\/v2\/users\/3"}],"replies":[{"embeddable":true,"href":"https:\/\/aspettandomilanocortina2026.it\/ru\/wp-json\/wp\/v2\/comments?post=1056"}],"version-history":[{"count":1,"href":"https:\/\/aspettandomilanocortina2026.it\/ru\/wp-json\/wp\/v2\/posts\/1056\/revisions"}],"predecessor-version":[{"id":1058,"href":"https:\/\/aspettandomilanocortina2026.it\/ru\/wp-json\/wp\/v2\/posts\/1056\/revisions\/1058"}],"wp:featuredmedia":[{"embeddable":true,"href":"https:\/\/aspettandomilanocortina2026.it\/ru\/wp-json\/wp\/v2\/media\/1057"}],"wp:attachment":[{"href":"https:\/\/aspettandomilanocortina2026.it\/ru\/wp-json\/wp\/v2\/media?parent=1056"}],"wp:term":[{"taxonomy":"category","embeddable":true,"href":"https:\/\/aspettandomilanocortina2026.it\/ru\/wp-json\/wp\/v2\/categories?post=1056"},{"taxonomy":"post_tag","embeddable":true,"href":"https:\/\/aspettandomilanocortina2026.it\/ru\/wp-json\/wp\/v2\/tags?post=1056"}],"curies":[{"name":"wp","href":"https:\/\/api.w.org\/{rel}","templated":true}]}}