{"id":1053,"date":"2026-02-02T15:26:27","date_gmt":"2026-02-02T13:26:27","guid":{"rendered":"https:\/\/aspettandomilanocortina2026.it\/?p=1053"},"modified":"2026-02-02T15:26:29","modified_gmt":"2026-02-02T13:26:29","slug":"milano-cortina-2026-apre-il-villaggio-olimpico-il-cuore-pulsante-dei-giochi-invernali","status":"publish","type":"post","link":"https:\/\/aspettandomilanocortina2026.it\/ru\/milano-cortina-2026-apre-il-villaggio-olimpico-il-cuore-pulsante-dei-giochi-invernali\/","title":{"rendered":"\u041c\u0438\u043b\u0430\u043d \u041a\u043e\u0440\u0442\u0438\u043d\u0430 2026: \u043e\u0442\u043a\u0440\u044b\u0442\u0438\u0435 \u041e\u043b\u0438\u043c\u043f\u0438\u0439\u0441\u043a\u043e\u0439 \u0434\u0435\u0440\u0435\u0432\u043d\u0438 - \u0441\u0435\u0440\u0434\u0446\u0430 \u0437\u0438\u043c\u043d\u0438\u0445 \u0418\u0433\u0440"},"content":{"rendered":"<script type=\"text\/plain\" data-tcf=\"waiting-for-consent\" data-id=\"1033\" data-bid=\"1\" data-placement=\"1034\">PGRpdiBpZD0iYW1jLTI1Mjk3NjQxMzkiIGNsYXNzPSJhbWMtcHJpbWEtZGVsLWNvbnRlbnV0byI+PHNjcmlwdCBhc3luYyBzcmM9Ii8vcGFnZWFkMi5nb29nbGVzeW5kaWNhdGlvbi5jb20vcGFnZWFkL2pzL2Fkc2J5Z29vZ2xlLmpzP2NsaWVudD1jYS1wdWItNDQwMTE0NTAyNzUzOTExNSIgY3Jvc3NvcmlnaW49ImFub255bW91cyI+PC9zY3JpcHQ+PGlucyBjbGFzcz0iYWRzYnlnb29nbGUiIHN0eWxlPSJkaXNwbGF5OmJsb2NrOyIgZGF0YS1hZC1jbGllbnQ9ImNhLXB1Yi00NDAxMTQ1MDI3NTM5MTE1IiAKZGF0YS1hZC1zbG90PSIiIApkYXRhLWFkLWZvcm1hdD0iYXV0byIgZGF0YS1mdWxsLXdpZHRoLXJlc3BvbnNpdmU9InRydWUiPjwvaW5zPgo8c2NyaXB0PiAKKGFkc2J5Z29vZ2xlID0gd2luZG93LmFkc2J5Z29vZ2xlIHx8IFtdKS5wdXNoKHt9KTsgCjwvc2NyaXB0Pgo8L2Rpdj4=<\/script>\n<p>Con l\u2019avvicinarsi delle <strong>\u0417\u0438\u043c\u043d\u0438\u0435 \u041e\u043b\u0438\u043c\u043f\u0438\u0439\u0441\u043a\u0438\u0435 \u0438\u0433\u0440\u044b \u041c\u0438\u043b\u0430\u043d \u041a\u043e\u0440\u0442\u0438\u043d\u0430 2026<\/strong>, uno dei luoghi simbolo dell\u2019evento si prepara ad aprire le porte: il <strong>Villaggio Olimpico<\/strong>, spazio riservato agli atleti che per settimane diventer\u00e0 una vera e propria citt\u00e0 nella citt\u00e0. Non solo alloggi, ma un ecosistema regolato, sicuro e altamente organizzato, pensato per garantire concentrazione, benessere e assistenza a migliaia di sportivi provenienti da tutto il mondo.<\/p><script type=\"text\/plain\" data-tcf=\"waiting-for-consent\" data-id=\"1037\" data-bid=\"1\" data-placement=\"726\">PGRpdiBpZD0iYW1jLTQwMjU5NDUwODAiIGNsYXNzPSJhbWMtcG9zdC1jb250ZW50IiBzdHlsZT0ibWFyZ2luLWxlZnQ6IGF1dG87bWFyZ2luLXJpZ2h0OiBhdXRvO3RleHQtYWxpZ246IGNlbnRlcjsiPjxzY3JpcHQgYXN5bmMgc3JjPSIvL3BhZ2VhZDIuZ29vZ2xlc3luZGljYXRpb24uY29tL3BhZ2VhZC9qcy9hZHNieWdvb2dsZS5qcz9jbGllbnQ9Y2EtcHViLTQ0MDExNDUwMjc1MzkxMTUiIGNyb3Nzb3JpZ2luPSJhbm9ueW1vdXMiPjwvc2NyaXB0PjxpbnMgY2xhc3M9ImFkc2J5Z29vZ2xlIiBzdHlsZT0iZGlzcGxheTpibG9jazsiIGRhdGEtYWQtY2xpZW50PSJjYS1wdWItNDQwMTE0NTAyNzUzOTExNSIgCmRhdGEtYWQtc2xvdD0iODAyMDU4Mzc5MyIgCmRhdGEtYWQtZm9ybWF0PSJhdXRvIiBkYXRhLWZ1bGwtd2lkdGgtcmVzcG9uc2l2ZT0idHJ1ZSI+PC9pbnM+CjxzY3JpcHQ+IAooYWRzYnlnb29nbGUgPSB3aW5kb3cuYWRzYnlnb29nbGUgfHwgW10pLnB1c2goe30pOyAKPC9zY3JpcHQ+CjwvZGl2PjxiciBzdHlsZT0iY2xlYXI6IGJvdGg7IGRpc3BsYXk6IGJsb2NrOyBmbG9hdDogbm9uZTsiLz4=<\/script>\n\n\n\n<h2 class=\"wp-block-heading\"><strong>Quando apre il Villaggio Olimpico di Milano Cortina 2026<\/strong><\/h2>\n\n\n\n<p>Il Villaggio Olimpico apre ufficialmente nei giorni immediatamente precedenti l\u2019inizio delle competizioni, consentendo l\u2019arrivo scaglionato delle delegazioni nazionali. L\u2019accesso \u00e8 riservato esclusivamente ad atleti, tecnici, membri ufficiali delle squadre e personale accreditato dal Comitato Olimpico Internazionale (CIO).<\/p><script type=\"text\/plain\" data-tcf=\"waiting-for-consent\" data-id=\"1033\" data-bid=\"1\" data-placement=\"985\">PGRpdiBpZD0iYW1jLTEzNTgxNjIyMDkiIGNsYXNzPSJhbWMtbWgtbWlkIj48c2NyaXB0IGFzeW5jIHNyYz0iLy9wYWdlYWQyLmdvb2dsZXN5bmRpY2F0aW9uLmNvbS9wYWdlYWQvanMvYWRzYnlnb29nbGUuanM\/Y2xpZW50PWNhLXB1Yi00NDAxMTQ1MDI3NTM5MTE1IiBjcm9zc29yaWdpbj0iYW5vbnltb3VzIj48L3NjcmlwdD48aW5zIGNsYXNzPSJhZHNieWdvb2dsZSIgc3R5bGU9ImRpc3BsYXk6YmxvY2s7IiBkYXRhLWFkLWNsaWVudD0iY2EtcHViLTQ0MDExNDUwMjc1MzkxMTUiIApkYXRhLWFkLXNsb3Q9IiIgCmRhdGEtYWQtZm9ybWF0PSJhdXRvIiBkYXRhLWZ1bGwtd2lkdGgtcmVzcG9uc2l2ZT0idHJ1ZSI+PC9pbnM+CjxzY3JpcHQ+IAooYWRzYnlnb29nbGUgPSB3aW5kb3cuYWRzYnlnb29nbGUgfHwgW10pLnB1c2goe30pOyAKPC9zY3JpcHQ+CjwvZGl2Pg==<\/script>\n\n\n\n<p>L\u2019apertura del villaggio rappresenta uno dei momenti pi\u00f9 delicati dell\u2019organizzazione: da quel momento prende forma la vita quotidiana dei Giochi, lontano dagli stadi ma al centro dell\u2019esperienza olimpica.<\/p>\n\n\n\n<h2 class=\"wp-block-heading\"><strong>Quanti atleti ospita il Villaggio Olimpico<\/strong><\/h2>\n\n\n\n<p>Per <strong>\u041c\u0438\u043b\u0430\u043d \u041a\u043e\u0440\u0442\u0438\u043d\u0430 2026<\/strong> si stima la presenza di <strong>circa 2.900 atleti olimpici<\/strong>, a cui si aggiungono allenatori, preparatori, medici di squadra e staff tecnici. Complessivamente, il villaggio \u00e8 progettato per accogliere <strong>oltre 6.000 persone<\/strong> contemporaneamente.<\/p>\n\n\n\n<p>Gli alloggi sono organizzati per delegazioni nazionali, con spazi comuni, mense internazionali, aree relax e strutture per il recupero fisico. Tutto \u00e8 pensato per permettere agli atleti di concentrarsi esclusivamente sulla competizione.<\/p>\n\n\n\n<h2 class=\"wp-block-heading\"><strong>Le regole all\u2019interno del Villaggio Olimpico<\/strong><\/h2>\n\n\n\n<p>La vita nel Villaggio Olimpico \u00e8 regolata da norme precise stabilite dal CIO e dal Comitato Organizzatore:<\/p>\n\n\n\n<ul class=\"wp-block-list\">\n<li><strong>A<\/strong>ccesso controllato 24 ore su 24 con badge personali<\/li>\n\n\n\n<li>Divieto di ingresso al pubblico e ai familiari non accreditati<\/li>\n\n\n\n<li>Orari regolamentati per silenzio e riposo, soprattutto nelle ore notturne<\/li>\n\n\n\n<li>Divieto di comportamenti che possano compromettere la sicurezza o l\u2019immagine dei Giochi<\/li>\n\n\n\n<li>Regole stringenti su sicurezza, privacy e utilizzo degli spazi comuni<\/li>\n<\/ul>\n\n\n\n<p>Il villaggio \u00e8 un luogo multiculturale, ma anche altamente disciplinato: ogni aspetto \u00e8 pensato per garantire equit\u00e0, rispetto e sicurezza.<\/p>\n\n\n\n<h2 class=\"wp-block-heading\"><strong>Assistenza medica: cosa succede in caso di emergenza<\/strong><\/h2>\n\n\n\n<p>All\u2019interno del Villaggio Olimpico \u00e8 presente un <strong>presidio medico permanente<\/strong>, operativo giorno e notte. La struttura include:<\/p>\n\n\n\n<ul class=\"wp-block-list\">\n<li>Medici sportivi e generici<\/li>\n\n\n\n<li>Servizi di primo soccorso<\/li>\n\n\n\n<li>Ambulanze e collegamenti diretti con ospedali di riferimento<\/li>\n\n\n\n<li>Supporto fisioterapico e di recupero<\/li>\n<\/ul>\n\n\n\n<h2 class=\"wp-block-heading\"><strong>Chi paga le cure mediche?<\/strong><\/h2>\n\n\n\n<ul class=\"wp-block-list\">\n<li>Le cure di emergenza e il primo soccorso sono coperte dall\u2019organizzazione olimpica<\/li>\n\n\n\n<li>Le cure specialistiche o prolungate possono essere gestite tramite assicurazioni sportive delle delegazioni o federazioni di appartenenza<\/li>\n<\/ul>\n\n\n\n<p>La salute degli atleti \u00e8 una priorit\u00e0 assoluta e il sistema sanitario olimpico \u00e8 progettato per intervenire in tempi rapidissimi.<\/p>\n\n\n\n<h2 class=\"wp-block-heading\"><strong>Com\u2019\u00e8 la vita quotidiana nel Villaggio Olimpico<\/strong><\/h2>\n\n\n\n<p>Il Villaggio Olimpico non \u00e8 solo un dormitorio. Al suo interno si trovano:<\/p>\n\n\n\n<ul class=\"wp-block-list\">\n<li>Mense con cucine internazionali e menu personalizzati<\/li>\n\n\n\n<li>Palestre e aree di allenamento leggero<\/li>\n\n\n\n<li>Spazi verdi e zone relax<\/li>\n\n\n\n<li>Luoghi di incontro informale tra atleti di discipline e Paesi diversi<\/li>\n<\/ul>\n\n\n\n<p>\u00c8 qui che nascono amicizie, confronti culturali e quell\u2019atmosfera unica che rende le Olimpiadi molto pi\u00f9 di una semplice competizione sportiva.<\/p>\n\n\n\n<h2 class=\"wp-block-heading\"><strong>Cosa succeder\u00e0 al Villaggio Olimpico dopo le Olimpiadi<\/strong><\/h2>\n\n\n\n<p>Uno degli aspetti pi\u00f9 rilevanti di <strong>\u041c\u0438\u043b\u0430\u043d \u041a\u043e\u0440\u0442\u0438\u043d\u0430 2026<\/strong> \u00e8 il <strong>riutilizzo del Villaggio Olimpico<\/strong> dopo la fine dei Giochi. Il progetto prevede una riconversione strutturale orientata alla sostenibilit\u00e0 urbana.<\/p>\n\n\n\n<p>Dopo le Olimpiadi:<\/p>\n\n\n\n<ul class=\"wp-block-list\">\n<li>Gli alloggi verranno trasformati in residenze per studenti e housing sociale<\/li>\n\n\n\n<li>Alcune aree saranno destinate a servizi pubblici e spazi comunitari<\/li>\n\n\n\n<li>L\u2019obiettivo \u00e8 lasciare un\u2019eredit\u00e0 concreta e duratura alla citt\u00e0, evitando cattedrali nel deserto<\/li>\n<\/ul>\n\n\n\n<p>Il Villaggio Olimpico diventer\u00e0 cos\u00ec parte integrante del tessuto urbano, continuando a vivere anche dopo lo spegnimento del braciere olimpico.<\/p>\n\n\n\n<h2 class=\"wp-block-heading\"><strong>Perch\u00e9 il Villaggio Olimpico \u00e8 il vero cuore dei Giochi<\/strong><\/h2>\n\n\n\n<p>Lontano dalle telecamere, il Villaggio Olimpico \u00e8 il luogo dove le Olimpiadi prendono forma ogni giorno. \u00c8 qui che gli atleti riposano, si preparano, si confrontano e vivono l\u2019esperienza olimpica nella sua dimensione pi\u00f9 autentica. Con <strong>\u041c\u0438\u043b\u0430\u043d \u041a\u043e\u0440\u0442\u0438\u043d\u0430 2026<\/strong>, il villaggio non sar\u00e0 solo una struttura temporanea, ma un simbolo di organizzazione, sicurezza e futuro, capace di lasciare un\u2019eredit\u00e0 concreta ben oltre le due settimane di gara.<\/p>\n<div class=\"amc-dopo-il-contenuto\" id=\"amc-49681258\"><script type=\"text\/plain\" data-tcf=\"waiting-for-consent\" data-id=\"1033\" data-bid=\"1\">PGRpdiBpZD0iYW1jLTU4MDM5NTM1OCI+PHNjcmlwdCBhc3luYyBzcmM9Ii8vcGFnZWFkMi5nb29nbGVzeW5kaWNhdGlvbi5jb20vcGFnZWFkL2pzL2Fkc2J5Z29vZ2xlLmpzP2NsaWVudD1jYS1wdWItNDQwMTE0NTAyNzUzOTExNSIgY3Jvc3NvcmlnaW49ImFub255bW91cyI+PC9zY3JpcHQ+PGlucyBjbGFzcz0iYWRzYnlnb29nbGUiIHN0eWxlPSJkaXNwbGF5OmJsb2NrOyIgZGF0YS1hZC1jbGllbnQ9ImNhLXB1Yi00NDAxMTQ1MDI3NTM5MTE1IiAKZGF0YS1hZC1zbG90PSIiIApkYXRhLWFkLWZvcm1hdD0iYXV0byIgZGF0YS1mdWxsLXdpZHRoLXJlc3BvbnNpdmU9InRydWUiPjwvaW5zPgo8c2NyaXB0PiAKKGFkc2J5Z29vZ2xlID0gd2luZG93LmFkc2J5Z29vZ2xlIHx8IFtdKS5wdXNoKHt9KTsgCjwvc2NyaXB0Pgo8L2Rpdj4=<\/script><\/div>","protected":false},"excerpt":{"rendered":"<p>Con l\u2019avvicinarsi delle Olimpiadi Invernali Milano Cortina 2026, uno dei luoghi simbolo dell\u2019evento si prepara ad aprire le porte: il Villaggio Olimpico, spazio riservato agli atleti che per settimane diventer\u00e0 una vera e propria citt\u00e0 nella citt\u00e0. Non solo alloggi, ma un ecosistema regolato, sicuro e altamente organizzato, pensato per garantire concentrazione, benessere e assistenza [&hellip;]<\/p>","protected":false},"author":3,"featured_media":1054,"comment_status":"open","ping_status":"closed","sticky":false,"template":"","format":"standard","meta":{"_acf_changed":false,"footnotes":""},"categories":[5,2,4,7,1,16,17],"tags":[],"class_list":["post-1053","post","type-post","status-publish","format-standard","has-post-thumbnail","hentry","category-guida-per-i-tifosi","category-atleti-e-squadre","category-dietro-le-quinte","category-milano-e-cortina","category-notizie-e-aggiornamenti","category-notizie-e-approfondimenti","category-sport-e-atleti"],"acf":[],"_links":{"self":[{"href":"https:\/\/aspettandomilanocortina2026.it\/ru\/wp-json\/wp\/v2\/posts\/1053","targetHints":{"allow":["GET"]}}],"collection":[{"href":"https:\/\/aspettandomilanocortina2026.it\/ru\/wp-json\/wp\/v2\/posts"}],"about":[{"href":"https:\/\/aspettandomilanocortina2026.it\/ru\/wp-json\/wp\/v2\/types\/post"}],"author":[{"embeddable":true,"href":"https:\/\/aspettandomilanocortina2026.it\/ru\/wp-json\/wp\/v2\/users\/3"}],"replies":[{"embeddable":true,"href":"https:\/\/aspettandomilanocortina2026.it\/ru\/wp-json\/wp\/v2\/comments?post=1053"}],"version-history":[{"count":1,"href":"https:\/\/aspettandomilanocortina2026.it\/ru\/wp-json\/wp\/v2\/posts\/1053\/revisions"}],"predecessor-version":[{"id":1055,"href":"https:\/\/aspettandomilanocortina2026.it\/ru\/wp-json\/wp\/v2\/posts\/1053\/revisions\/1055"}],"wp:featuredmedia":[{"embeddable":true,"href":"https:\/\/aspettandomilanocortina2026.it\/ru\/wp-json\/wp\/v2\/media\/1054"}],"wp:attachment":[{"href":"https:\/\/aspettandomilanocortina2026.it\/ru\/wp-json\/wp\/v2\/media?parent=1053"}],"wp:term":[{"taxonomy":"category","embeddable":true,"href":"https:\/\/aspettandomilanocortina2026.it\/ru\/wp-json\/wp\/v2\/categories?post=1053"},{"taxonomy":"post_tag","embeddable":true,"href":"https:\/\/aspettandomilanocortina2026.it\/ru\/wp-json\/wp\/v2\/tags?post=1053"}],"curies":[{"name":"wp","href":"https:\/\/api.w.org\/{rel}","templated":true}]}}