{"id":1009,"date":"2026-01-30T13:37:52","date_gmt":"2026-01-30T11:37:52","guid":{"rendered":"https:\/\/aspettandomilanocortina2026.it\/?p=1009"},"modified":"2026-01-30T13:37:53","modified_gmt":"2026-01-30T11:37:53","slug":"olimpiadi-milano-cortina-2026-cosa-succedera-a-milano-il-giorno-dellinaugurazione","status":"publish","type":"post","link":"https:\/\/aspettandomilanocortina2026.it\/ru\/olimpiadi-milano-cortina-2026-cosa-succedera-a-milano-il-giorno-dellinaugurazione\/","title":{"rendered":"\u041e\u043b\u0438\u043c\u043f\u0438\u0430\u0434\u0430 2026 \u0432 \u041c\u0438\u043b\u0430\u043d\u0435 \u041a\u043e\u0440\u0442\u0438\u043d\u0430: \u0447\u0442\u043e \u0431\u0443\u0434\u0435\u0442 \u043f\u0440\u043e\u0438\u0441\u0445\u043e\u0434\u0438\u0442\u044c \u0432 \u041c\u0438\u043b\u0430\u043d\u0435 \u0432 \u0434\u0435\u043d\u044c \u043e\u0442\u043a\u0440\u044b\u0442\u0438\u044f"},"content":{"rendered":"<script type=\"text\/plain\" data-tcf=\"waiting-for-consent\" data-id=\"1033\" data-bid=\"1\" data-placement=\"1034\">PGRpdiBpZD0iYW1jLTM2NTEyMTk5MjQiIGNsYXNzPSJhbWMtcHJpbWEtZGVsLWNvbnRlbnV0byI+PHNjcmlwdCBhc3luYyBzcmM9Ii8vcGFnZWFkMi5nb29nbGVzeW5kaWNhdGlvbi5jb20vcGFnZWFkL2pzL2Fkc2J5Z29vZ2xlLmpzP2NsaWVudD1jYS1wdWItNDQwMTE0NTAyNzUzOTExNSIgY3Jvc3NvcmlnaW49ImFub255bW91cyI+PC9zY3JpcHQ+PGlucyBjbGFzcz0iYWRzYnlnb29nbGUiIHN0eWxlPSJkaXNwbGF5OmJsb2NrOyIgZGF0YS1hZC1jbGllbnQ9ImNhLXB1Yi00NDAxMTQ1MDI3NTM5MTE1IiAKZGF0YS1hZC1zbG90PSIiIApkYXRhLWFkLWZvcm1hdD0iYXV0byIgZGF0YS1mdWxsLXdpZHRoLXJlc3BvbnNpdmU9InRydWUiPjwvaW5zPgo8c2NyaXB0PiAKKGFkc2J5Z29vZ2xlID0gd2luZG93LmFkc2J5Z29vZ2xlIHx8IFtdKS5wdXNoKHt9KTsgCjwvc2NyaXB0Pgo8L2Rpdj4=<\/script>\n<h2 class=\"wp-block-heading\"><strong>Milano si fermer\u00e0.<\/strong><\/h2>\n\n\n\n<p>Il giorno della <strong>cerimonia di inaugurazione delle Olimpiadi Invernali Milano Cortina 2026<\/strong>, la citt\u00e0 vivr\u00e0 una trasformazione senza precedenti: strade chiuse, traffico limitato, scuole e molte aziende invitate a restare chiuse o a lavorare da remoto. Un evento storico che cambier\u00e0 il ritmo urbano per 24 ore, proiettando il capoluogo lombardo al centro del mondo.<\/p><script type=\"text\/plain\" data-tcf=\"waiting-for-consent\" data-id=\"1037\" data-bid=\"1\" data-placement=\"726\">PGRpdiBpZD0iYW1jLTY0NDI1NzczMyIgY2xhc3M9ImFtYy1wb3N0LWNvbnRlbnQiIHN0eWxlPSJtYXJnaW4tbGVmdDogYXV0bzttYXJnaW4tcmlnaHQ6IGF1dG87dGV4dC1hbGlnbjogY2VudGVyOyI+PHNjcmlwdCBhc3luYyBzcmM9Ii8vcGFnZWFkMi5nb29nbGVzeW5kaWNhdGlvbi5jb20vcGFnZWFkL2pzL2Fkc2J5Z29vZ2xlLmpzP2NsaWVudD1jYS1wdWItNDQwMTE0NTAyNzUzOTExNSIgY3Jvc3NvcmlnaW49ImFub255bW91cyI+PC9zY3JpcHQ+PGlucyBjbGFzcz0iYWRzYnlnb29nbGUiIHN0eWxlPSJkaXNwbGF5OmJsb2NrOyIgZGF0YS1hZC1jbGllbnQ9ImNhLXB1Yi00NDAxMTQ1MDI3NTM5MTE1IiAKZGF0YS1hZC1zbG90PSI4MDIwNTgzNzkzIiAKZGF0YS1hZC1mb3JtYXQ9ImF1dG8iIGRhdGEtZnVsbC13aWR0aC1yZXNwb25zaXZlPSJ0cnVlIj48L2lucz4KPHNjcmlwdD4gCihhZHNieWdvb2dsZSA9IHdpbmRvdy5hZHNieWdvb2dsZSB8fCBbXSkucHVzaCh7fSk7IAo8L3NjcmlwdD4KPC9kaXY+PGJyIHN0eWxlPSJjbGVhcjogYm90aDsgZGlzcGxheTogYmxvY2s7IGZsb2F0OiBub25lOyIvPg==<\/script>\n\n\n\n<h2 class=\"wp-block-heading\"><strong>Una citt\u00e0 blindata per un evento globale<\/strong><\/h2>\n\n\n\n<p>Venerd\u00ec <strong>6 \u0444\u0435\u0432\u0440\u0430\u043b\u044f 2026 \u0433\u043e\u0434\u0430<\/strong>, Milano sar\u00e0 il cuore pulsante dei Giochi Olimpici. La cerimonia di apertura, ospitata allo <strong>Stadio di San Siro<\/strong>, richiamer\u00e0 capi di Stato, delegazioni internazionali, atleti e centinaia di milioni di spettatori collegati da tutto il pianeta.<\/p><script type=\"text\/plain\" data-tcf=\"waiting-for-consent\" data-id=\"1033\" data-bid=\"1\" data-placement=\"985\">PGRpdiBpZD0iYW1jLTEzNDIxNDEwODMiIGNsYXNzPSJhbWMtbWgtbWlkIj48c2NyaXB0IGFzeW5jIHNyYz0iLy9wYWdlYWQyLmdvb2dsZXN5bmRpY2F0aW9uLmNvbS9wYWdlYWQvanMvYWRzYnlnb29nbGUuanM\/Y2xpZW50PWNhLXB1Yi00NDAxMTQ1MDI3NTM5MTE1IiBjcm9zc29yaWdpbj0iYW5vbnltb3VzIj48L3NjcmlwdD48aW5zIGNsYXNzPSJhZHNieWdvb2dsZSIgc3R5bGU9ImRpc3BsYXk6YmxvY2s7IiBkYXRhLWFkLWNsaWVudD0iY2EtcHViLTQ0MDExNDUwMjc1MzkxMTUiIApkYXRhLWFkLXNsb3Q9IiIgCmRhdGEtYWQtZm9ybWF0PSJhdXRvIiBkYXRhLWZ1bGwtd2lkdGgtcmVzcG9uc2l2ZT0idHJ1ZSI+PC9pbnM+CjxzY3JpcHQ+IAooYWRzYnlnb29nbGUgPSB3aW5kb3cuYWRzYnlnb29nbGUgfHwgW10pLnB1c2goe30pOyAKPC9zY3JpcHQ+CjwvZGl2Pg==<\/script>\n\n\n\n<p>Per garantire sicurezza e fluidit\u00e0 dell\u2019evento, il Comune di Milano, in coordinamento con Prefettura e forze dell\u2019ordine, attiver\u00e0 un <strong>piano straordinario di sicurezza e viabilit\u00e0<\/strong>. L\u2019obiettivo \u00e8 chiaro: ridurre al minimo gli spostamenti non essenziali.<\/p>\n\n\n\n<h2 class=\"wp-block-heading\"><strong>Strade chiuse e traffico limitato: cosa sapere<\/strong><\/h2>\n\n\n\n<p>Fin dalle prime ore del mattino, <strong>intere aree della citt\u00e0 saranno interdette al traffico<\/strong>. In particolare:<\/p>\n\n\n\n<ul class=\"wp-block-list\">\n<li>Zona San Siro e quartieri limitrofi completamente chiusi ai veicoli privati<\/li>\n\n\n\n<li>Limitazioni estese sulle principali arterie di collegamento<\/li>\n\n\n\n<li>Accesso consentito solo a mezzi autorizzati, residenti e servizi essenziali<\/li>\n\n\n\n<li>Trasporto pubblico rimodulato con linee deviate e fermate soppresse<\/li>\n<\/ul>\n\n\n\n<p>Le autorit\u00e0 invitano i cittadini a <strong>non utilizzare l\u2019auto<\/strong> e a pianificare per tempo ogni spostamento necessario.<\/p>\n\n\n\n<h2 class=\"wp-block-heading\"><strong>Scuole chiuse e lavoro da remoto: la comunicazione alle famiglie e alle aziende<\/strong><\/h2>\n\n\n\n<p>Per ridurre la pressione sulla mobilit\u00e0 urbana, <strong>il Comune di Milano comunicher\u00e0 ufficialmente la chiusura delle scuole di ogni ordine e grado<\/strong> per la giornata dell\u2019inaugurazione. Una scelta organizzativa gi\u00e0 adottata in passato per grandi eventi internazionali.<\/p>\n\n\n\n<p>Parallelamente, <strong>aziende e uffici<\/strong> saranno fortemente invitati a:<\/p>\n\n\n\n<ul class=\"wp-block-list\">\n<li>Adottare lo smart working<\/li>\n\n\n\n<li>Posticipare riunioni e attivit\u00e0 in presenza<\/li>\n\n\n\n<li>Limitare gli accessi alle sedi fisiche<\/li>\n<\/ul>\n\n\n\n<p>Una Milano che lavora \u201ca distanza\u201d, per permettere alla citt\u00e0 di funzionare in sicurezza.<\/p>\n\n\n\n<h2 class=\"wp-block-heading\"><strong>Una giornata sospesa, tra orgoglio e attesa<\/strong><\/h2>\n\n\n\n<p>Non sar\u00e0 un giorno come gli altri. Le strade vuote, i quartieri silenziosi, i controlli agli ingressi della citt\u00e0: Milano vivr\u00e0 una giornata sospesa, in cui la normalit\u00e0 lascer\u00e0 spazio alla storia.<\/p>\n\n\n\n<p>Per molti cittadini sar\u00e0 l\u2019occasione di assistere all\u2019evento da casa, per altri di partecipare alle iniziative culturali e ai maxischermi previsti in diverse zone. Per tutti, sar\u00e0 un momento di <strong>orgoglio collettivo<\/strong>.<\/p>\n\n\n\n<h2 class=\"wp-block-heading\"><strong>Milano al centro del mondo<\/strong><\/h2>\n\n\n\n<p>L\u2019inaugurazione delle Olimpiadi Milano Cortina 2026 non sar\u00e0 solo una cerimonia sportiva, ma un evento capace di ridisegnare per un giorno la vita della citt\u00e0. Una prova organizzativa imponente, ma anche un segnale forte: Milano \u00e8 pronta a giocare il suo ruolo sulla scena globale.<\/p>\n<div class=\"amc-dopo-il-contenuto\" id=\"amc-2185552673\"><script type=\"text\/plain\" data-tcf=\"waiting-for-consent\" data-id=\"1033\" data-bid=\"1\">PGRpdiBpZD0iYW1jLTM1OTE4NTE1NzciPjxzY3JpcHQgYXN5bmMgc3JjPSIvL3BhZ2VhZDIuZ29vZ2xlc3luZGljYXRpb24uY29tL3BhZ2VhZC9qcy9hZHNieWdvb2dsZS5qcz9jbGllbnQ9Y2EtcHViLTQ0MDExNDUwMjc1MzkxMTUiIGNyb3Nzb3JpZ2luPSJhbm9ueW1vdXMiPjwvc2NyaXB0PjxpbnMgY2xhc3M9ImFkc2J5Z29vZ2xlIiBzdHlsZT0iZGlzcGxheTpibG9jazsiIGRhdGEtYWQtY2xpZW50PSJjYS1wdWItNDQwMTE0NTAyNzUzOTExNSIgCmRhdGEtYWQtc2xvdD0iIiAKZGF0YS1hZC1mb3JtYXQ9ImF1dG8iIGRhdGEtZnVsbC13aWR0aC1yZXNwb25zaXZlPSJ0cnVlIj48L2lucz4KPHNjcmlwdD4gCihhZHNieWdvb2dsZSA9IHdpbmRvdy5hZHNieWdvb2dsZSB8fCBbXSkucHVzaCh7fSk7IAo8L3NjcmlwdD4KPC9kaXY+<\/script><\/div>","protected":false},"excerpt":{"rendered":"<p>Milano si fermer\u00e0. Il giorno della cerimonia di inaugurazione delle Olimpiadi Invernali Milano Cortina 2026, la citt\u00e0 vivr\u00e0 una trasformazione senza precedenti: strade chiuse, traffico limitato, scuole e molte aziende invitate a restare chiuse o a lavorare da remoto. Un evento storico che cambier\u00e0 il ritmo urbano per 24 ore, proiettando il capoluogo lombardo al [&hellip;]<\/p>","protected":false},"author":3,"featured_media":1012,"comment_status":"open","ping_status":"closed","sticky":false,"template":"","format":"standard","meta":{"_acf_changed":false,"footnotes":""},"categories":[5,7,1,16],"tags":[],"class_list":["post-1009","post","type-post","status-publish","format-standard","has-post-thumbnail","hentry","category-guida-per-i-tifosi","category-milano-e-cortina","category-notizie-e-aggiornamenti","category-notizie-e-approfondimenti"],"acf":[],"_links":{"self":[{"href":"https:\/\/aspettandomilanocortina2026.it\/ru\/wp-json\/wp\/v2\/posts\/1009","targetHints":{"allow":["GET"]}}],"collection":[{"href":"https:\/\/aspettandomilanocortina2026.it\/ru\/wp-json\/wp\/v2\/posts"}],"about":[{"href":"https:\/\/aspettandomilanocortina2026.it\/ru\/wp-json\/wp\/v2\/types\/post"}],"author":[{"embeddable":true,"href":"https:\/\/aspettandomilanocortina2026.it\/ru\/wp-json\/wp\/v2\/users\/3"}],"replies":[{"embeddable":true,"href":"https:\/\/aspettandomilanocortina2026.it\/ru\/wp-json\/wp\/v2\/comments?post=1009"}],"version-history":[{"count":1,"href":"https:\/\/aspettandomilanocortina2026.it\/ru\/wp-json\/wp\/v2\/posts\/1009\/revisions"}],"predecessor-version":[{"id":1013,"href":"https:\/\/aspettandomilanocortina2026.it\/ru\/wp-json\/wp\/v2\/posts\/1009\/revisions\/1013"}],"wp:featuredmedia":[{"embeddable":true,"href":"https:\/\/aspettandomilanocortina2026.it\/ru\/wp-json\/wp\/v2\/media\/1012"}],"wp:attachment":[{"href":"https:\/\/aspettandomilanocortina2026.it\/ru\/wp-json\/wp\/v2\/media?parent=1009"}],"wp:term":[{"taxonomy":"category","embeddable":true,"href":"https:\/\/aspettandomilanocortina2026.it\/ru\/wp-json\/wp\/v2\/categories?post=1009"},{"taxonomy":"post_tag","embeddable":true,"href":"https:\/\/aspettandomilanocortina2026.it\/ru\/wp-json\/wp\/v2\/tags?post=1009"}],"curies":[{"name":"wp","href":"https:\/\/api.w.org\/{rel}","templated":true}]}}