{"id":957,"date":"2025-09-12T16:13:34","date_gmt":"2025-09-12T14:13:34","guid":{"rendered":"https:\/\/aspettandomilanocortina2026.it\/?p=957"},"modified":"2025-09-12T16:13:36","modified_gmt":"2025-09-12T14:13:36","slug":"milan-cortina-olympics-2026-comment-les-athletes-italiens-et-internationaux-sont-choisis","status":"publish","type":"post","link":"https:\/\/aspettandomilanocortina2026.it\/fr\/milan-cortina-olympics-2026-comment-les-athletes-italiens-et-internationaux-sont-choisis\/","title":{"rendered":"Jeux olympiques de Milan Cortina 2026 : comment les athl\u00e8tes italiens et internationaux sont choisis"},"content":{"rendered":"<script type=\"text\/plain\" data-tcf=\"waiting-for-consent\" data-id=\"1033\" data-bid=\"1\" data-placement=\"1034\">PGRpdiBpZD0iYW1jLTQ3NTUxMzUzOCIgY2xhc3M9ImFtYy1wcmltYS1kZWwtY29udGVudXRvIj48c2NyaXB0IGFzeW5jIHNyYz0iLy9wYWdlYWQyLmdvb2dsZXN5bmRpY2F0aW9uLmNvbS9wYWdlYWQvanMvYWRzYnlnb29nbGUuanM\/Y2xpZW50PWNhLXB1Yi00NDAxMTQ1MDI3NTM5MTE1IiBjcm9zc29yaWdpbj0iYW5vbnltb3VzIj48L3NjcmlwdD48aW5zIGNsYXNzPSJhZHNieWdvb2dsZSIgc3R5bGU9ImRpc3BsYXk6YmxvY2s7IiBkYXRhLWFkLWNsaWVudD0iY2EtcHViLTQ0MDExNDUwMjc1MzkxMTUiIApkYXRhLWFkLXNsb3Q9IiIgCmRhdGEtYWQtZm9ybWF0PSJhdXRvIiBkYXRhLWZ1bGwtd2lkdGgtcmVzcG9uc2l2ZT0idHJ1ZSI+PC9pbnM+CjxzY3JpcHQ+IAooYWRzYnlnb29nbGUgPSB3aW5kb3cuYWRzYnlnb29nbGUgfHwgW10pLnB1c2goe30pOyAKPC9zY3JpcHQ+CjwvZGl2Pg==<\/script>\n<p>Lorsque l'on parle des Jeux olympiques, l'imagination collective se tourne imm\u00e9diatement vers les courses, les m\u00e9dailles et la torche qui illumine le stade. Mais derri\u00e8re chaque athl\u00e8te qui d\u00e9file dans le stade olympique se cache un long parcours, fait de sacrifices, de d\u00e9vouement et de s\u00e9lection m\u00e9ticuleuse. Pour les <strong>Milan Cortina 2026 Jeux olympiques d'hiver<\/strong>Le processus de s\u00e9lection des participants est aussi rigoureux que fascinant et permet de recueillir des t\u00e9moignages de talent, de passion et de r\u00eaves r\u00e9alis\u00e9s.<\/p><script type=\"text\/plain\" data-tcf=\"waiting-for-consent\" data-id=\"1037\" data-bid=\"1\" data-placement=\"726\">PGRpdiBpZD0iYW1jLTMzMDg3ODQ4MjQiIGNsYXNzPSJhbWMtcG9zdC1jb250ZW50IiBzdHlsZT0ibWFyZ2luLWxlZnQ6IGF1dG87bWFyZ2luLXJpZ2h0OiBhdXRvO3RleHQtYWxpZ246IGNlbnRlcjsiPjxzY3JpcHQgYXN5bmMgc3JjPSIvL3BhZ2VhZDIuZ29vZ2xlc3luZGljYXRpb24uY29tL3BhZ2VhZC9qcy9hZHNieWdvb2dsZS5qcz9jbGllbnQ9Y2EtcHViLTQ0MDExNDUwMjc1MzkxMTUiIGNyb3Nzb3JpZ2luPSJhbm9ueW1vdXMiPjwvc2NyaXB0PjxpbnMgY2xhc3M9ImFkc2J5Z29vZ2xlIiBzdHlsZT0iZGlzcGxheTpibG9jazsiIGRhdGEtYWQtY2xpZW50PSJjYS1wdWItNDQwMTE0NTAyNzUzOTExNSIgCmRhdGEtYWQtc2xvdD0iODAyMDU4Mzc5MyIgCmRhdGEtYWQtZm9ybWF0PSJhdXRvIiBkYXRhLWZ1bGwtd2lkdGgtcmVzcG9uc2l2ZT0idHJ1ZSI+PC9pbnM+CjxzY3JpcHQ+IAooYWRzYnlnb29nbGUgPSB3aW5kb3cuYWRzYnlnb29nbGUgfHwgW10pLnB1c2goe30pOyAKPC9zY3JpcHQ+CjwvZGl2PjxiciBzdHlsZT0iY2xlYXI6IGJvdGg7IGRpc3BsYXk6IGJsb2NrOyBmbG9hdDogbm9uZTsiLz4=<\/script>\n\n\n\n<h2 class=\"wp-block-heading\"><strong>Italie : une attention maniaque aux d\u00e9tails<\/strong><\/h2>\n\n\n\n<p>En Italie, la responsabilit\u00e9 de la s\u00e9lection du maillot des Azzurri incombe \u00e0 l'\u00e9quipe nationale. <strong>CONI<\/strong>en \u00e9troite collaboration avec les f\u00e9d\u00e9rations sportives nationales. Il ne suffit pas d'\u00eatre un champion : chaque athl\u00e8te doit prouver qu'il peut r\u00e9sister \u00e0 la pression, qu'il a des r\u00e9sultats concrets sur les circuits internationaux et qu'il incarne les valeurs olympiques.<\/p><script type=\"text\/plain\" data-tcf=\"waiting-for-consent\" data-id=\"1033\" data-bid=\"1\" data-placement=\"985\">PGRpdiBpZD0iYW1jLTEzNDc4NDc3MDciIGNsYXNzPSJhbWMtbWgtbWlkIj48c2NyaXB0IGFzeW5jIHNyYz0iLy9wYWdlYWQyLmdvb2dsZXN5bmRpY2F0aW9uLmNvbS9wYWdlYWQvanMvYWRzYnlnb29nbGUuanM\/Y2xpZW50PWNhLXB1Yi00NDAxMTQ1MDI3NTM5MTE1IiBjcm9zc29yaWdpbj0iYW5vbnltb3VzIj48L3NjcmlwdD48aW5zIGNsYXNzPSJhZHNieWdvb2dsZSIgc3R5bGU9ImRpc3BsYXk6YmxvY2s7IiBkYXRhLWFkLWNsaWVudD0iY2EtcHViLTQ0MDExNDUwMjc1MzkxMTUiIApkYXRhLWFkLXNsb3Q9IiIgCmRhdGEtYWQtZm9ybWF0PSJhdXRvIiBkYXRhLWZ1bGwtd2lkdGgtcmVzcG9uc2l2ZT0idHJ1ZSI+PC9pbnM+CjxzY3JpcHQ+IAooYWRzYnlnb29nbGUgPSB3aW5kb3cuYWRzYnlnb29nbGUgfHwgW10pLnB1c2goe30pOyAKPC9zY3JpcHQ+CjwvZGl2Pg==<\/script>\n\n\n\n<p>Les comp\u00e9titions de qualification, les championnats du monde et les \u00e9preuves de la Coupe du monde deviennent de v\u00e9ritables bancs d'essai. Certaines f\u00e9d\u00e9rations organisent des crit\u00e9riums nationaux o\u00f9 seuls les meilleurs peuvent gagner de pr\u00e9cieux points. En fin de compte, la d\u00e9cision n'est pas seulement technique : l'exp\u00e9rience, le leadership et la capacit\u00e9 \u00e0 \u00eatre un exemple pour les co\u00e9quipiers et le public sont \u00e9valu\u00e9s.<\/p>\n\n\n\n<p>Pour Milan Cortina 2026, l'Italie pr\u00e9voit de faire figurer parmi les plus grands noms de l'Europe. <strong>120 et 150 athl\u00e8tes<\/strong>r\u00e9parties entre le ski alpin, le ski de fond, le snowboard, le patinage, le bobsleigh, le biathlon, le curling et le hockey sur glace. Certaines disciplines, comme le ski alpin et le patinage artistique, verront des \u00e9quipes plus nombreuses, tandis que d'autres, comme le curling, auront des places tr\u00e8s limit\u00e9es, ce qui rendra la comp\u00e9tition interne encore plus f\u00e9roce.<\/p>\n\n\n\n<h2 class=\"wp-block-heading\"><strong>Autour du monde : des r\u00e8gles diff\u00e9rentes, un m\u00eame objectif<\/strong><\/h2>\n\n\n\n<p>Dans d'autres pays, le parcours est \u00e9galement rigoureux, mais chaque nation a sa propre approche. Dans les pays de l <strong>\u00c9tats-Unis et Canada<\/strong>Par exemple, les s\u00e9lections passent souvent par des \u00e9preuves publiques et des comp\u00e9titions de haut niveau, o\u00f9 m\u00eame les multiples m\u00e9daill\u00e9s doivent confirmer leur statut. Des pays tels que <strong>Norv\u00e8ge et Autriche<\/strong> Ils se basent sur les classements de la Coupe du monde, avec des calculs de points qui peuvent d\u00e9terminer qui portera l'uniforme olympique. En Asie, le Japon et la Cor\u00e9e du Sud combinent les r\u00e9sultats internationaux avec les \u00e9valuations des comit\u00e9s techniques, choisissant ceux qui peuvent le mieux faire face aux conditions de comp\u00e9tition et repr\u00e9senter le pays.<\/p>\n\n\n\n<p>En g\u00e9n\u00e9ral, chaque pays re\u00e7oit un nombre de places de quotas d\u00e9termin\u00e9 par l'Union europ\u00e9enne. <strong>CIO et f\u00e9d\u00e9rations internationales<\/strong>qui tient compte du classement mondial, de l'histoire olympique et des r\u00e9sultats obtenus sur les circuits internationaux. De cette mani\u00e8re, les Jeux maintiennent \u00e9galement l'\u00e9quilibre et la comp\u00e9titivit\u00e9, en offrant \u00e0 chaque discipline un nombre \u00e9quitable de repr\u00e9sentants.<\/p>\n\n\n\n<h2 class=\"wp-block-heading\"><strong>Chiffres, histoires et curiosit\u00e9s<\/strong><\/h2>\n\n\n\n<p>Les Jeux d'hiver de Milan Cortina 2026 seront suivis par environ... <strong>3 000-3 200 athl\u00e8tes<\/strong>de pr\u00e8s de 95 nations. Les disciplines les plus repr\u00e9sent\u00e9es seront le ski alpin, le ski de fond, le snowboard et le patinage artistique, mais il y aura des surprises dans des sports plus sp\u00e9cialis\u00e9s comme le biathlon ou le curling. L'\u00e2ge moyen des participants se situera entre 24 et 28 ans, avec quelques jeunes talents de 17-18 ans pr\u00eats \u00e0 surprendre.<\/p>\n\n\n\n<p>Le processus de s\u00e9lection r\u00e9serve \u00e9galement des surprises : certains athl\u00e8tes peuvent se qualifier dans plus d'une discipline, alliant courage et polyvalence. Et chaque choix, m\u00eame technique, est porteur d'un message symbolique : porter son drapeau signifie repr\u00e9senter l'Italie, raconter son histoire et inspirer les nouvelles g\u00e9n\u00e9rations.<\/p>\n\n\n\n<p>&nbsp;<em>\"Porter le maillot olympique n'est pas seulement un exploit sportif, c'est porter toute une nation avec soi. Chaque pas sur les pistes est une histoire de sacrifice, de passion et de fiert\u00e9\".<\/em><\/p>\n<div class=\"amc-dopo-il-contenuto\" id=\"amc-3598951385\"><script type=\"text\/plain\" data-tcf=\"waiting-for-consent\" data-id=\"1033\" data-bid=\"1\">PGRpdiBpZD0iYW1jLTczMjAyMzE3MCI+PHNjcmlwdCBhc3luYyBzcmM9Ii8vcGFnZWFkMi5nb29nbGVzeW5kaWNhdGlvbi5jb20vcGFnZWFkL2pzL2Fkc2J5Z29vZ2xlLmpzP2NsaWVudD1jYS1wdWItNDQwMTE0NTAyNzUzOTExNSIgY3Jvc3NvcmlnaW49ImFub255bW91cyI+PC9zY3JpcHQ+PGlucyBjbGFzcz0iYWRzYnlnb29nbGUiIHN0eWxlPSJkaXNwbGF5OmJsb2NrOyIgZGF0YS1hZC1jbGllbnQ9ImNhLXB1Yi00NDAxMTQ1MDI3NTM5MTE1IiAKZGF0YS1hZC1zbG90PSIiIApkYXRhLWFkLWZvcm1hdD0iYXV0byIgZGF0YS1mdWxsLXdpZHRoLXJlc3BvbnNpdmU9InRydWUiPjwvaW5zPgo8c2NyaXB0PiAKKGFkc2J5Z29vZ2xlID0gd2luZG93LmFkc2J5Z29vZ2xlIHx8IFtdKS5wdXNoKHt9KTsgCjwvc2NyaXB0Pgo8L2Rpdj4=<\/script><\/div>","protected":false},"excerpt":{"rendered":"<p>Lorsque l'on parle des Jeux olympiques, l'imagination collective se tourne imm\u00e9diatement vers les courses, les m\u00e9dailles et la torche qui illumine le stade. Mais derri\u00e8re chaque athl\u00e8te qui d\u00e9file dans le stade olympique se cache un long parcours, fait de sacrifices, de d\u00e9vouement et de s\u00e9lection m\u00e9ticuleuse. Pour les Jeux olympiques d'hiver de Milan Cortina 2026, le processus de s\u00e9lection des participants est [...]<\/p>","protected":false},"author":3,"featured_media":958,"comment_status":"open","ping_status":"closed","sticky":false,"template":"","format":"standard","meta":{"_acf_changed":false,"footnotes":""},"categories":[16,2,5],"tags":[],"class_list":["post-957","post","type-post","status-publish","format-standard","has-post-thumbnail","hentry","category-notizie-e-approfondimenti","category-atleti-e-squadre","category-guida-per-i-tifosi"],"acf":[],"_links":{"self":[{"href":"https:\/\/aspettandomilanocortina2026.it\/fr\/wp-json\/wp\/v2\/posts\/957","targetHints":{"allow":["GET"]}}],"collection":[{"href":"https:\/\/aspettandomilanocortina2026.it\/fr\/wp-json\/wp\/v2\/posts"}],"about":[{"href":"https:\/\/aspettandomilanocortina2026.it\/fr\/wp-json\/wp\/v2\/types\/post"}],"author":[{"embeddable":true,"href":"https:\/\/aspettandomilanocortina2026.it\/fr\/wp-json\/wp\/v2\/users\/3"}],"replies":[{"embeddable":true,"href":"https:\/\/aspettandomilanocortina2026.it\/fr\/wp-json\/wp\/v2\/comments?post=957"}],"version-history":[{"count":1,"href":"https:\/\/aspettandomilanocortina2026.it\/fr\/wp-json\/wp\/v2\/posts\/957\/revisions"}],"predecessor-version":[{"id":959,"href":"https:\/\/aspettandomilanocortina2026.it\/fr\/wp-json\/wp\/v2\/posts\/957\/revisions\/959"}],"wp:featuredmedia":[{"embeddable":true,"href":"https:\/\/aspettandomilanocortina2026.it\/fr\/wp-json\/wp\/v2\/media\/958"}],"wp:attachment":[{"href":"https:\/\/aspettandomilanocortina2026.it\/fr\/wp-json\/wp\/v2\/media?parent=957"}],"wp:term":[{"taxonomy":"category","embeddable":true,"href":"https:\/\/aspettandomilanocortina2026.it\/fr\/wp-json\/wp\/v2\/categories?post=957"},{"taxonomy":"post_tag","embeddable":true,"href":"https:\/\/aspettandomilanocortina2026.it\/fr\/wp-json\/wp\/v2\/tags?post=957"}],"curies":[{"name":"wp","href":"https:\/\/api.w.org\/{rel}","templated":true}]}}