{"id":953,"date":"2025-09-12T14:26:16","date_gmt":"2025-09-12T12:26:16","guid":{"rendered":"https:\/\/aspettandomilanocortina2026.it\/?p=953"},"modified":"2025-09-12T14:26:18","modified_gmt":"2025-09-12T12:26:18","slug":"torche-olympique-milan-cortina-2026-syracuse-illumine-la-mediterranee-de-son-etreinte","status":"publish","type":"post","link":"https:\/\/aspettandomilanocortina2026.it\/fr\/torche-olympique-milan-cortina-2026-syracuse-illumine-la-mediterranee-de-son-etreinte\/","title":{"rendered":"Torche olympique Milan Cortina 2026 : Syracuse illumine la M\u00e9diterran\u00e9e de son \u00e9treinte"},"content":{"rendered":"<script type=\"text\/plain\" data-tcf=\"waiting-for-consent\" data-id=\"1033\" data-bid=\"1\" data-placement=\"1034\">PGRpdiBpZD0iYW1jLTM2NjI0MDUwNTQiIGNsYXNzPSJhbWMtcHJpbWEtZGVsLWNvbnRlbnV0byI+PHNjcmlwdCBhc3luYyBzcmM9Ii8vcGFnZWFkMi5nb29nbGVzeW5kaWNhdGlvbi5jb20vcGFnZWFkL2pzL2Fkc2J5Z29vZ2xlLmpzP2NsaWVudD1jYS1wdWItNDQwMTE0NTAyNzUzOTExNSIgY3Jvc3NvcmlnaW49ImFub255bW91cyI+PC9zY3JpcHQ+PGlucyBjbGFzcz0iYWRzYnlnb29nbGUiIHN0eWxlPSJkaXNwbGF5OmJsb2NrOyIgZGF0YS1hZC1jbGllbnQ9ImNhLXB1Yi00NDAxMTQ1MDI3NTM5MTE1IiAKZGF0YS1hZC1zbG90PSIiIApkYXRhLWFkLWZvcm1hdD0iYXV0byIgZGF0YS1mdWxsLXdpZHRoLXJlc3BvbnNpdmU9InRydWUiPjwvaW5zPgo8c2NyaXB0PiAKKGFkc2J5Z29vZ2xlID0gd2luZG93LmFkc2J5Z29vZ2xlIHx8IFtdKS5wdXNoKHt9KTsgCjwvc2NyaXB0Pgo8L2Rpdj4=<\/script>\n<p><strong>Syracuse, 17 d\u00e9cembre 2025<\/strong> - La flamme olympique poursuit son voyage \u00e0 travers l'Italie et atterrit dans l'une des villes les plus fascinantes de la M\u00e9diterran\u00e9e : <strong>Syracuse<\/strong>. Apr\u00e8s Palerme et Agrigente, le feu symbole des Jeux arrive sur une terre qui porte les marques de la culture grecque, m\u00e8re des Jeux olympiques, faisant de cette journ\u00e9e un retour aux sources.<\/p><script type=\"text\/plain\" data-tcf=\"waiting-for-consent\" data-id=\"1037\" data-bid=\"1\" data-placement=\"726\">PGRpdiBpZD0iYW1jLTQyNjc3MDg1MTIiIGNsYXNzPSJhbWMtcG9zdC1jb250ZW50IiBzdHlsZT0ibWFyZ2luLWxlZnQ6IGF1dG87bWFyZ2luLXJpZ2h0OiBhdXRvO3RleHQtYWxpZ246IGNlbnRlcjsiPjxzY3JpcHQgYXN5bmMgc3JjPSIvL3BhZ2VhZDIuZ29vZ2xlc3luZGljYXRpb24uY29tL3BhZ2VhZC9qcy9hZHNieWdvb2dsZS5qcz9jbGllbnQ9Y2EtcHViLTQ0MDExNDUwMjc1MzkxMTUiIGNyb3Nzb3JpZ2luPSJhbm9ueW1vdXMiPjwvc2NyaXB0PjxpbnMgY2xhc3M9ImFkc2J5Z29vZ2xlIiBzdHlsZT0iZGlzcGxheTpibG9jazsiIGRhdGEtYWQtY2xpZW50PSJjYS1wdWItNDQwMTE0NTAyNzUzOTExNSIgCmRhdGEtYWQtc2xvdD0iODAyMDU4Mzc5MyIgCmRhdGEtYWQtZm9ybWF0PSJhdXRvIiBkYXRhLWZ1bGwtd2lkdGgtcmVzcG9uc2l2ZT0idHJ1ZSI+PC9pbnM+CjxzY3JpcHQ+IAooYWRzYnlnb29nbGUgPSB3aW5kb3cuYWRzYnlnb29nbGUgfHwgW10pLnB1c2goe30pOyAKPC9zY3JpcHQ+CjwvZGl2PjxiciBzdHlsZT0iY2xlYXI6IGJvdGg7IGRpc3BsYXk6IGJsb2NrOyBmbG9hdDogbm9uZTsiLz4=<\/script>\n\n\n\n<p>Le parcours partira \u00e0 l'aube de la <strong>Th\u00e9\u00e2tre grec<\/strong>un lieu qui abrite des histoires immortelles, des drames et des mythes depuis plus de deux mille ans. C'est ici que le feu olympique fera ses premiers pas syracusains, avant de traverser les rues de la ville. La flamme continuera le long de la mer, se perdant dans les ruelles de la ville. <strong>Ortigia<\/strong> avec sa cath\u00e9drale baroque et ses places en pierre blanche, jusqu'au c\u0153ur battant de la ville, le <strong>Porto Grande<\/strong>o\u00f9 le mythe et l'histoire se rejoignent dans un cadre unique.<\/p><script type=\"text\/plain\" data-tcf=\"waiting-for-consent\" data-id=\"1033\" data-bid=\"1\" data-placement=\"985\">PGRpdiBpZD0iYW1jLTQxMDM5MTAwMDkiIGNsYXNzPSJhbWMtbWgtbWlkIj48c2NyaXB0IGFzeW5jIHNyYz0iLy9wYWdlYWQyLmdvb2dsZXN5bmRpY2F0aW9uLmNvbS9wYWdlYWQvanMvYWRzYnlnb29nbGUuanM\/Y2xpZW50PWNhLXB1Yi00NDAxMTQ1MDI3NTM5MTE1IiBjcm9zc29yaWdpbj0iYW5vbnltb3VzIj48L3NjcmlwdD48aW5zIGNsYXNzPSJhZHNieWdvb2dsZSIgc3R5bGU9ImRpc3BsYXk6YmxvY2s7IiBkYXRhLWFkLWNsaWVudD0iY2EtcHViLTQ0MDExNDUwMjc1MzkxMTUiIApkYXRhLWFkLXNsb3Q9IiIgCmRhdGEtYWQtZm9ybWF0PSJhdXRvIiBkYXRhLWZ1bGwtd2lkdGgtcmVzcG9uc2l2ZT0idHJ1ZSI+PC9pbnM+CjxzY3JpcHQ+IAooYWRzYnlnb29nbGUgPSB3aW5kb3cuYWRzYnlnb29nbGUgfHwgW10pLnB1c2goe30pOyAKPC9zY3JpcHQ+CjwvZGl2Pg==<\/script>\n\n\n\n<p>La travers\u00e9e se terminera par l'un des plus anciens symboles de Syracuse, le <strong>Temple d'Apollon<\/strong>comme pour fermer un cercle id\u00e9al entre le feu des dieux et celui qui unit aujourd'hui les athl\u00e8tes de toutes les nations.<\/p>\n\n\n\n<p>Cette \u00e9tape sera d'autant plus sp\u00e9ciale qu'elle sera marqu\u00e9e par la pr\u00e9sence de <strong>porteurs de flambeau<\/strong> - des athl\u00e8tes, des \u00e9tudiants, des b\u00e9n\u00e9voles, mais aussi des citoyens ordinaires choisis pour repr\u00e9senter la communaut\u00e9. \"Je n'aurais jamais pens\u00e9 qu'un jour je porterais la flamme olympique\", dit-elle avec enthousiasme. <strong>Maria, 19 ans, \u00e9tudiante \u00e0 Syracuse<\/strong>. \"J'ai l'impression d'apporter au monde entier un morceau de ma ville, de notre histoire mill\u00e9naire.<\/p>\n\n\n\n<p>Une id\u00e9e \u00e9galement partag\u00e9e par <strong>Salvatore, ancien athl\u00e8te local<\/strong>qui confie : \"J'ai concouru il y a de nombreuses ann\u00e9es pour les couleurs de la Sicile. Aujourd'hui, courir avec le flambeau, c'est comme retrouver sa jeunesse, mais avec la certitude de vivre un moment qui restera grav\u00e9 dans les m\u00e9moires\".<\/p>\n\n\n\n<p>Syracuse, ce jour-l\u00e0, ne sera pas seulement le th\u00e9\u00e2tre d'un \u00e9v\u00e9nement sportif : elle deviendra un lieu de rencontre et d'\u00e9changes. <strong>sc\u00e8ne mondiale<\/strong> qui mettra en valeur sa beaut\u00e9 intemporelle. Les visiteurs et les millions de t\u00e9l\u00e9spectateurs du monde entier d\u00e9couvriront l'enchantement du parc arch\u00e9ologique de Neapolis, la majest\u00e9 du ch\u00e2teau de Maniace en bord de mer, l'\u00e9nergie vibrante du march\u00e9 d'Ortigia, et les saveurs authentiques ne manqueront pas : des granit\u00e9s d'agrumes au poisson frais, en passant par la reine de la table sicilienne, l'huile d'olive. <strong>p\u00e2tes \u00e0 la Norma<\/strong>.<\/p>\n\n\n\n<p>Le maire de Syracuse, qui a accueilli la flamme, a d\u00e9clar\u00e9 : \"Il ne s'agit pas seulement d'une \u00e9tape du relais olympique, mais d'un moment o\u00f9 Syracuse devient un symbole universel de paix et de rencontre entre les cultures, comme elle l'\u00e9tait il y a deux mille ans.<\/p>\n\n\n\n<p>Le <strong>17 d\u00e9cembre 2025<\/strong> restera dans les m\u00e9moires comme un jour o\u00f9 Syracuse a su fusionner le mythe, la culture et le sport en un seul r\u00e9cit. La flamme olympique ne sera pas seulement un symbole de passage, mais un pont qui unira l'h\u00e9ritage de la Grande Gr\u00e8ce \u00e0 l'avenir des Jeux olympiques d'hiver de 2026 \u00e0 Milan Cortina.<\/p>\n\n\n\n<p>Un feu qui, sur les rives de la M\u00e9diterran\u00e9e, semble vraiment trouver sa place.<\/p>\n\n\n\n<figure class=\"wp-block-embed is-type-video is-provider-youtube wp-block-embed-youtube wp-embed-aspect-16-9 wp-has-aspect-ratio\"><div class=\"wp-block-embed__wrapper\">\n<iframe loading=\"lazy\" title=\"10 choses \u00e0 voir \u00e0 SYRACUSE - GUIDE TOURISTIQUE\" width=\"500\" height=\"281\" src=\"https:\/\/www.youtube.com\/embed\/XoR3aJidj_A?start=103&#038;feature=oembed\" frameborder=\"0\" allow=\"accelerometer; autoplay; clipboard-write; encrypted-media; gyroscope; picture-in-picture; web-share\" referrerpolicy=\"strict-origin-when-cross-origin\" allowfullscreen><\/iframe>\n<\/div><\/figure>\n<div class=\"amc-dopo-il-contenuto\" id=\"amc-1648485364\"><script type=\"text\/plain\" data-tcf=\"waiting-for-consent\" data-id=\"1033\" data-bid=\"1\">PGRpdiBpZD0iYW1jLTM4NjgyNjcwNTYiPjxzY3JpcHQgYXN5bmMgc3JjPSIvL3BhZ2VhZDIuZ29vZ2xlc3luZGljYXRpb24uY29tL3BhZ2VhZC9qcy9hZHNieWdvb2dsZS5qcz9jbGllbnQ9Y2EtcHViLTQ0MDExNDUwMjc1MzkxMTUiIGNyb3Nzb3JpZ2luPSJhbm9ueW1vdXMiPjwvc2NyaXB0PjxpbnMgY2xhc3M9ImFkc2J5Z29vZ2xlIiBzdHlsZT0iZGlzcGxheTpibG9jazsiIGRhdGEtYWQtY2xpZW50PSJjYS1wdWItNDQwMTE0NTAyNzUzOTExNSIgCmRhdGEtYWQtc2xvdD0iIiAKZGF0YS1hZC1mb3JtYXQ9ImF1dG8iIGRhdGEtZnVsbC13aWR0aC1yZXNwb25zaXZlPSJ0cnVlIj48L2lucz4KPHNjcmlwdD4gCihhZHNieWdvb2dsZSA9IHdpbmRvdy5hZHNieWdvb2dsZSB8fCBbXSkucHVzaCh7fSk7IAo8L3NjcmlwdD4KPC9kaXY+<\/script><\/div>","protected":false},"excerpt":{"rendered":"<p>Siracusa, 17 dicembre 2025 \u2013 La fiamma olimpica continua il suo viaggio attraverso l\u2019Italia e approda in una delle citt\u00e0 pi\u00f9 affascinanti del Mediterraneo: Siracusa. Dopo Palermo e Agrigento, il fuoco simbolo dei Giochi arriva in una terra che porta impressi i segni della cultura greca, madre stessa delle Olimpiadi, trasformando questa giornata in un [&hellip;]<\/p>","protected":false},"author":3,"featured_media":955,"comment_status":"open","ping_status":"closed","sticky":false,"template":"","format":"standard","meta":{"_acf_changed":false,"footnotes":""},"categories":[5,16],"tags":[],"class_list":["post-953","post","type-post","status-publish","format-standard","has-post-thumbnail","hentry","category-guida-per-i-tifosi","category-notizie-e-approfondimenti"],"acf":[],"_links":{"self":[{"href":"https:\/\/aspettandomilanocortina2026.it\/fr\/wp-json\/wp\/v2\/posts\/953","targetHints":{"allow":["GET"]}}],"collection":[{"href":"https:\/\/aspettandomilanocortina2026.it\/fr\/wp-json\/wp\/v2\/posts"}],"about":[{"href":"https:\/\/aspettandomilanocortina2026.it\/fr\/wp-json\/wp\/v2\/types\/post"}],"author":[{"embeddable":true,"href":"https:\/\/aspettandomilanocortina2026.it\/fr\/wp-json\/wp\/v2\/users\/3"}],"replies":[{"embeddable":true,"href":"https:\/\/aspettandomilanocortina2026.it\/fr\/wp-json\/wp\/v2\/comments?post=953"}],"version-history":[{"count":1,"href":"https:\/\/aspettandomilanocortina2026.it\/fr\/wp-json\/wp\/v2\/posts\/953\/revisions"}],"predecessor-version":[{"id":956,"href":"https:\/\/aspettandomilanocortina2026.it\/fr\/wp-json\/wp\/v2\/posts\/953\/revisions\/956"}],"wp:featuredmedia":[{"embeddable":true,"href":"https:\/\/aspettandomilanocortina2026.it\/fr\/wp-json\/wp\/v2\/media\/955"}],"wp:attachment":[{"href":"https:\/\/aspettandomilanocortina2026.it\/fr\/wp-json\/wp\/v2\/media?parent=953"}],"wp:term":[{"taxonomy":"category","embeddable":true,"href":"https:\/\/aspettandomilanocortina2026.it\/fr\/wp-json\/wp\/v2\/categories?post=953"},{"taxonomy":"post_tag","embeddable":true,"href":"https:\/\/aspettandomilanocortina2026.it\/fr\/wp-json\/wp\/v2\/tags?post=953"}],"curies":[{"name":"wp","href":"https:\/\/api.w.org\/{rel}","templated":true}]}}