{"id":949,"date":"2025-09-05T15:28:16","date_gmt":"2025-09-05T13:28:16","guid":{"rendered":"https:\/\/aspettandomilanocortina2026.it\/?p=949"},"modified":"2025-09-05T15:28:18","modified_gmt":"2025-09-05T13:28:18","slug":"olympiades-milan-cortina-2026-comment-est-choisi-le-porte-drapeau-italien","status":"publish","type":"post","link":"https:\/\/aspettandomilanocortina2026.it\/fr\/olympiades-milan-cortina-2026-comment-est-choisi-le-porte-drapeau-italien\/","title":{"rendered":"Jeux olympiques de Milan Cortina 2026 : comment est choisi le porte-drapeau de l'Italie"},"content":{"rendered":"<script type=\"text\/plain\" data-tcf=\"waiting-for-consent\" data-id=\"1033\" data-bid=\"1\" data-placement=\"1034\">PGRpdiBpZD0iYW1jLTEyOTY0OTI4MjUiIGNsYXNzPSJhbWMtcHJpbWEtZGVsLWNvbnRlbnV0byI+PHNjcmlwdCBhc3luYyBzcmM9Ii8vcGFnZWFkMi5nb29nbGVzeW5kaWNhdGlvbi5jb20vcGFnZWFkL2pzL2Fkc2J5Z29vZ2xlLmpzP2NsaWVudD1jYS1wdWItNDQwMTE0NTAyNzUzOTExNSIgY3Jvc3NvcmlnaW49ImFub255bW91cyI+PC9zY3JpcHQ+PGlucyBjbGFzcz0iYWRzYnlnb29nbGUiIHN0eWxlPSJkaXNwbGF5OmJsb2NrOyIgZGF0YS1hZC1jbGllbnQ9ImNhLXB1Yi00NDAxMTQ1MDI3NTM5MTE1IiAKZGF0YS1hZC1zbG90PSIiIApkYXRhLWFkLWZvcm1hdD0iYXV0byIgZGF0YS1mdWxsLXdpZHRoLXJlc3BvbnNpdmU9InRydWUiPjwvaW5zPgo8c2NyaXB0PiAKKGFkc2J5Z29vZ2xlID0gd2luZG93LmFkc2J5Z29vZ2xlIHx8IFtdKS5wdXNoKHt9KTsgCjwvc2NyaXB0Pgo8L2Rpdj4=<\/script>\n<p>Chaque \u00e9dition des Jeux Olympiques s'accompagne de symboles et de rituels qui en expriment l'essence la plus profonde. Parmi ceux-ci, l'un des moments les plus solennels et les plus attendus est la c\u00e9r\u00e9monie de remise des m\u00e9dailles. <strong>d\u00e9fil\u00e9 de la d\u00e9l\u00e9gation nationale lors de la c\u00e9r\u00e9monie d'ouverture<\/strong>avec le porte-drapeau \u00e0 la t\u00eate de l'\u00e9quipe italienne sous les yeux du monde entier. Mais comment le porte-drapeau italien est-il choisi pour les Jeux olympiques et paralympiques de Milan Cortina 2026 ?<\/p><script type=\"text\/plain\" data-tcf=\"waiting-for-consent\" data-id=\"1037\" data-bid=\"1\" data-placement=\"726\">PGRpdiBpZD0iYW1jLTU3MTIxMzIyMCIgY2xhc3M9ImFtYy1wb3N0LWNvbnRlbnQiIHN0eWxlPSJtYXJnaW4tbGVmdDogYXV0bzttYXJnaW4tcmlnaHQ6IGF1dG87dGV4dC1hbGlnbjogY2VudGVyOyI+PHNjcmlwdCBhc3luYyBzcmM9Ii8vcGFnZWFkMi5nb29nbGVzeW5kaWNhdGlvbi5jb20vcGFnZWFkL2pzL2Fkc2J5Z29vZ2xlLmpzP2NsaWVudD1jYS1wdWItNDQwMTE0NTAyNzUzOTExNSIgY3Jvc3NvcmlnaW49ImFub255bW91cyI+PC9zY3JpcHQ+PGlucyBjbGFzcz0iYWRzYnlnb29nbGUiIHN0eWxlPSJkaXNwbGF5OmJsb2NrOyIgZGF0YS1hZC1jbGllbnQ9ImNhLXB1Yi00NDAxMTQ1MDI3NTM5MTE1IiAKZGF0YS1hZC1zbG90PSI4MDIwNTgzNzkzIiAKZGF0YS1hZC1mb3JtYXQ9ImF1dG8iIGRhdGEtZnVsbC13aWR0aC1yZXNwb25zaXZlPSJ0cnVlIj48L2lucz4KPHNjcmlwdD4gCihhZHNieWdvb2dsZSA9IHdpbmRvdy5hZHNieWdvb2dsZSB8fCBbXSkucHVzaCh7fSk7IAo8L3NjcmlwdD4KPC9kaXY+PGJyIHN0eWxlPSJjbGVhcjogYm90aDsgZGlzcGxheTogYmxvY2s7IGZsb2F0OiBub25lOyIvPg==<\/script>\n\n\n\n<h2 class=\"wp-block-heading\"><strong>Un honneur qui vaut une carri\u00e8re<\/strong><\/h2>\n\n\n\n<p>La fonction de porte-drapeau n'est pas seulement une t\u00e2che c\u00e9r\u00e9monielle : c'est la mission de l'Union europ\u00e9enne. <strong>reconnaissance d'une carri\u00e8re exemplaire<\/strong> et les valeurs qui incarnent l'esprit olympique. Traditionnellement, ce r\u00f4le est confi\u00e9 \u00e0 des athl\u00e8tes qui ont \u00e9crit des pages importantes du sport italien, capables de repr\u00e9senter le talent, l'\u00e9thique et le d\u00e9vouement.<\/p><script type=\"text\/plain\" data-tcf=\"waiting-for-consent\" data-id=\"1033\" data-bid=\"1\" data-placement=\"985\">PGRpdiBpZD0iYW1jLTExNjU3Mzg1ODUiIGNsYXNzPSJhbWMtbWgtbWlkIj48c2NyaXB0IGFzeW5jIHNyYz0iLy9wYWdlYWQyLmdvb2dsZXN5bmRpY2F0aW9uLmNvbS9wYWdlYWQvanMvYWRzYnlnb29nbGUuanM\/Y2xpZW50PWNhLXB1Yi00NDAxMTQ1MDI3NTM5MTE1IiBjcm9zc29yaWdpbj0iYW5vbnltb3VzIj48L3NjcmlwdD48aW5zIGNsYXNzPSJhZHNieWdvb2dsZSIgc3R5bGU9ImRpc3BsYXk6YmxvY2s7IiBkYXRhLWFkLWNsaWVudD0iY2EtcHViLTQ0MDExNDUwMjc1MzkxMTUiIApkYXRhLWFkLXNsb3Q9IiIgCmRhdGEtYWQtZm9ybWF0PSJhdXRvIiBkYXRhLWZ1bGwtd2lkdGgtcmVzcG9uc2l2ZT0idHJ1ZSI+PC9pbnM+CjxzY3JpcHQ+IAooYWRzYnlnb29nbGUgPSB3aW5kb3cuYWRzYnlnb29nbGUgfHwgW10pLnB1c2goe30pOyAKPC9zY3JpcHQ+CjwvZGl2Pg==<\/script>\n\n\n\n<p>Le porte-drapeau devient ainsi le visage de la d\u00e9l\u00e9gation : son image, lorsqu'il hisse le drapeau tricolore \u00e0 l'int\u00e9rieur du stade olympique, reste \u00e0 jamais dans la m\u00e9moire collective.<\/p>\n\n\n\n<h2 class=\"wp-block-heading\"><strong>Le processus de s\u00e9lection<\/strong><\/h2>\n\n\n\n<p>Le choix du porte-drapeau est confi\u00e9 \u00e0 l'Assembl\u00e9e g\u00e9n\u00e9rale des Nations unies. <strong>CONI (Comit\u00e9 national olympique italien)<\/strong> pour les Jeux olympiques et la <strong>CIP (Comit\u00e9 paralympique italien)<\/strong> pour les Jeux paralympiques.<\/p>\n\n\n\n<p>La proc\u00e9dure comporte plusieurs \u00e9tapes :<\/p>\n\n\n\n<ul class=\"wp-block-list\">\n<li><strong>\u00c9valuation de carri\u00e8re<\/strong>Les athl\u00e8tes les plus repr\u00e9sentatifs, souvent multi-m\u00e9daill\u00e9s ou ayant un lien symbolique fort avec les Jeux, sont pris en compte.<\/li>\n\n\n\n<li><strong>\u00c9quilibre entre les disciplines<\/strong>CONI tend \u00e0 alterner diff\u00e9rents sports afin de donner de la visibilit\u00e9 \u00e0 plus de secteurs du mouvement olympique.<\/li>\n\n\n\n<li><strong>Reconnaissance des valeurs humaines et sportives<\/strong>non seulement les r\u00e9sultats, mais aussi le fair-play, le d\u00e9vouement et la capacit\u00e9 d'\u00eatre les ambassadeurs du sport italien dans le monde.<\/li>\n\n\n\n<li><strong>Annonce officielle<\/strong>La d\u00e9cision finale est communiqu\u00e9e plusieurs mois avant la c\u00e9r\u00e9monie afin que l'athl\u00e8te puisse se pr\u00e9parer \u00e0 ce moment symbolique.<\/li>\n<\/ul>\n\n\n\n<h2 class=\"wp-block-heading\"><strong>Une tradition qui parle au c\u0153ur<\/strong><\/h2>\n\n\n\n<p>Au fil des ans, de nombreux grands champions ont eu ce privil\u00e8ge : de la <strong>Giovanni Pellielo<\/strong> en tir, \u00e0 <strong>Federica Pellegrini<\/strong>ic\u00f4ne de la natation, jusqu'\u00e0 <strong>Jessica Rossi<\/strong> en mati\u00e8re de tir et <strong>Elia Viviani<\/strong> en cyclisme, porte-drapeau \u00e0 Tokyo 2020.<\/p>\n\n\n\n<p>La tradition se poursuit avec Milan Cortina 2026, o\u00f9 le porte-drapeau aura un r\u00f4le encore plus sp\u00e9cial : repr\u00e9senter non seulement l'\u00e9quipe italienne, mais aussi le retour des Jeux olympiques d'hiver en Italie apr\u00e8s vingt ans, avec la force d'un pays qui unit les Alpes, les villes et les territoires dans une grande c\u00e9l\u00e9bration.<\/p>\n\n\n\n<h2 class=\"wp-block-heading\"><strong>Jeux olympiques de Milan Cortina 2026 : la valeur d'un symbole<\/strong><\/h2>\n\n\n\n<p>Le choix du porte-drapeau n'est pas une simple r\u00e9compense individuelle, mais une d\u00e9cision de l'Union europ\u00e9enne. <strong>acte collectif de gratitude<\/strong> vers un athl\u00e8te qui devient le gardien de l'identit\u00e9 nationale. C'est un moment qui r\u00e9unit des millions d'Italiens devant la t\u00e9l\u00e9vision, g\u00e9n\u00e9rant fiert\u00e9 et appartenance.<\/p>\n\n\n\n<p>Lorsque le porte-drapeau italien entrera dans le stade San Siro de Milan le 6 f\u00e9vrier 2026, il ne portera pas seulement un drapeau : il apportera avec lui des histoires, des sacrifices, des victoires et des espoirs.<\/p>\n\n\n\n<h2 class=\"wp-block-heading\"><strong>Les candidats bleus possibles pour Milan Cortina 2026<\/strong><\/h2>\n\n\n\n<p>Bien que le nom officiel n'ait pas encore \u00e9t\u00e9 annonc\u00e9, voici quelques athl\u00e8tes qui pourraient figurer parmi les favoris pour ce r\u00f4le prestigieux :<\/p>\n\n\n\n<ul class=\"wp-block-list\">\n<li><strong>Gianmarco Tamberi (saut en hauteur)<\/strong>Championne olympique \u00e0 Tokyo 2020 et symbole de r\u00e9silience et de spectacle sportif, tr\u00e8s appr\u00e9ci\u00e9 du public.<\/li>\n\n\n\n<li><strong>Sofia Goggia (ski alpin)<\/strong>ic\u00f4ne du ski italien, ancien champion olympique et capable d'exploits extraordinaires sur les pistes de descente.<\/li>\n\n\n\n<li><strong>Federica Brignone (ski alpin)<\/strong>premier Italien \u00e0 remporter le classement g\u00e9n\u00e9ral de la Coupe du monde, un v\u00e9t\u00e9ran du ski et un symbole de continuit\u00e9.<\/li>\n\n\n\n<li><strong>Arianna Fontana (courte piste)<\/strong>une l\u00e9gende des Jeux olympiques d'hiver avec un palmar\u00e8s record, un v\u00e9ritable ambassadeur du sport italien sur la neige et la glace.<\/li>\n\n\n\n<li><strong>Dorothea Wierer (biathlon)<\/strong>l'un des biathl\u00e8tes les plus titr\u00e9s de tous les temps, le visage d'une discipline qui allie technique et endurance.<\/li>\n<\/ul>\n\n\n\n<p>Chacun d'entre eux repr\u00e9senterait une pi\u00e8ce diff\u00e9rente de la mosa\u00efque sportive italienne : le spectaculaire de l'athl\u00e9tisme, la tradition du ski alpin, le courage des disciplines de glace.<\/p>\n<div class=\"amc-dopo-il-contenuto\" id=\"amc-2179859847\"><script type=\"text\/plain\" data-tcf=\"waiting-for-consent\" data-id=\"1033\" data-bid=\"1\">PGRpdiBpZD0iYW1jLTIzNjc5NTUwMzMiPjxzY3JpcHQgYXN5bmMgc3JjPSIvL3BhZ2VhZDIuZ29vZ2xlc3luZGljYXRpb24uY29tL3BhZ2VhZC9qcy9hZHNieWdvb2dsZS5qcz9jbGllbnQ9Y2EtcHViLTQ0MDExNDUwMjc1MzkxMTUiIGNyb3Nzb3JpZ2luPSJhbm9ueW1vdXMiPjwvc2NyaXB0PjxpbnMgY2xhc3M9ImFkc2J5Z29vZ2xlIiBzdHlsZT0iZGlzcGxheTpibG9jazsiIGRhdGEtYWQtY2xpZW50PSJjYS1wdWItNDQwMTE0NTAyNzUzOTExNSIgCmRhdGEtYWQtc2xvdD0iIiAKZGF0YS1hZC1mb3JtYXQ9ImF1dG8iIGRhdGEtZnVsbC13aWR0aC1yZXNwb25zaXZlPSJ0cnVlIj48L2lucz4KPHNjcmlwdD4gCihhZHNieWdvb2dsZSA9IHdpbmRvdy5hZHNieWdvb2dsZSB8fCBbXSkucHVzaCh7fSk7IAo8L3NjcmlwdD4KPC9kaXY+<\/script><\/div>","protected":false},"excerpt":{"rendered":"<p>Ogni Olimpiade porta con s\u00e9 simboli e riti che ne esprimono l\u2019essenza pi\u00f9 profonda. Tra questi, uno dei momenti pi\u00f9 solenni e attesi \u00e8 la sfilata della delegazione nazionale durante la cerimonia di apertura, con il portabandiera che guida la squadra azzurra davanti agli occhi del mondo. Ma come viene scelto il portabandiera dell\u2019Italia per [&hellip;]<\/p>","protected":false},"author":3,"featured_media":950,"comment_status":"open","ping_status":"closed","sticky":false,"template":"","format":"standard","meta":{"_acf_changed":false,"footnotes":""},"categories":[16,4,1],"tags":[],"class_list":["post-949","post","type-post","status-publish","format-standard","has-post-thumbnail","hentry","category-notizie-e-approfondimenti","category-dietro-le-quinte","category-notizie-e-aggiornamenti"],"acf":[],"_links":{"self":[{"href":"https:\/\/aspettandomilanocortina2026.it\/fr\/wp-json\/wp\/v2\/posts\/949","targetHints":{"allow":["GET"]}}],"collection":[{"href":"https:\/\/aspettandomilanocortina2026.it\/fr\/wp-json\/wp\/v2\/posts"}],"about":[{"href":"https:\/\/aspettandomilanocortina2026.it\/fr\/wp-json\/wp\/v2\/types\/post"}],"author":[{"embeddable":true,"href":"https:\/\/aspettandomilanocortina2026.it\/fr\/wp-json\/wp\/v2\/users\/3"}],"replies":[{"embeddable":true,"href":"https:\/\/aspettandomilanocortina2026.it\/fr\/wp-json\/wp\/v2\/comments?post=949"}],"version-history":[{"count":1,"href":"https:\/\/aspettandomilanocortina2026.it\/fr\/wp-json\/wp\/v2\/posts\/949\/revisions"}],"predecessor-version":[{"id":951,"href":"https:\/\/aspettandomilanocortina2026.it\/fr\/wp-json\/wp\/v2\/posts\/949\/revisions\/951"}],"wp:featuredmedia":[{"embeddable":true,"href":"https:\/\/aspettandomilanocortina2026.it\/fr\/wp-json\/wp\/v2\/media\/950"}],"wp:attachment":[{"href":"https:\/\/aspettandomilanocortina2026.it\/fr\/wp-json\/wp\/v2\/media?parent=949"}],"wp:term":[{"taxonomy":"category","embeddable":true,"href":"https:\/\/aspettandomilanocortina2026.it\/fr\/wp-json\/wp\/v2\/categories?post=949"},{"taxonomy":"post_tag","embeddable":true,"href":"https:\/\/aspettandomilanocortina2026.it\/fr\/wp-json\/wp\/v2\/tags?post=949"}],"curies":[{"name":"wp","href":"https:\/\/api.w.org\/{rel}","templated":true}]}}