{"id":937,"date":"2025-09-04T16:49:59","date_gmt":"2025-09-04T14:49:59","guid":{"rendered":"https:\/\/aspettandomilanocortina2026.it\/?p=937"},"modified":"2025-09-04T16:57:41","modified_gmt":"2025-09-04T14:57:41","slug":"litalie-salue-feu-le-roi-giorgio-armani-maitre-du-style-et-de-lesprit-sportif","status":"publish","type":"post","link":"https:\/\/aspettandomilanocortina2026.it\/fr\/litalie-salue-feu-le-roi-giorgio-armani-maitre-du-style-et-de-lesprit-sportif\/","title":{"rendered":"L'Italie salue le \"roi Giorgio\" : Giorgio Armani, ma\u00eetre du style et de l'esprit sportif, est d\u00e9c\u00e9d\u00e9."},"content":{"rendered":"<script type=\"text\/plain\" data-tcf=\"waiting-for-consent\" data-id=\"1033\" data-bid=\"1\" data-placement=\"1034\">PGRpdiBpZD0iYW1jLTI5MzgxNTYwNDIiIGNsYXNzPSJhbWMtcHJpbWEtZGVsLWNvbnRlbnV0byI+PHNjcmlwdCBhc3luYyBzcmM9Ii8vcGFnZWFkMi5nb29nbGVzeW5kaWNhdGlvbi5jb20vcGFnZWFkL2pzL2Fkc2J5Z29vZ2xlLmpzP2NsaWVudD1jYS1wdWItNDQwMTE0NTAyNzUzOTExNSIgY3Jvc3NvcmlnaW49ImFub255bW91cyI+PC9zY3JpcHQ+PGlucyBjbGFzcz0iYWRzYnlnb29nbGUiIHN0eWxlPSJkaXNwbGF5OmJsb2NrOyIgZGF0YS1hZC1jbGllbnQ9ImNhLXB1Yi00NDAxMTQ1MDI3NTM5MTE1IiAKZGF0YS1hZC1zbG90PSIiIApkYXRhLWFkLWZvcm1hdD0iYXV0byIgZGF0YS1mdWxsLXdpZHRoLXJlc3BvbnNpdmU9InRydWUiPjwvaW5zPgo8c2NyaXB0PiAKKGFkc2J5Z29vZ2xlID0gd2luZG93LmFkc2J5Z29vZ2xlIHx8IFtdKS5wdXNoKHt9KTsgCjwvc2NyaXB0Pgo8L2Rpdj4=<\/script>\n<p><strong>Milan, 4 septembre 2025<\/strong> - Un silence \u00e9crasant enveloppe la ville de la mode et de l'\u00e9l\u00e9gance. Giorgio Armani, l'innovateur de la garde-robe contemporaine, s'est \u00e9teint \u00e0 l'\u00e2ge de 18 ans. <strong>91 ans<\/strong>comme l'a annonc\u00e9 aujourd'hui son groupe. Armani s'est \u00e9teint paisiblement, entour\u00e9 de ses proches, avec le m\u00eame engagement et la m\u00eame r\u00e9serve qui l'ont accompagn\u00e9 tout au long de son extraordinaire carri\u00e8re, en travaillant jusqu'\u00e0 son dernier jour.<\/p><script type=\"text\/plain\" data-tcf=\"waiting-for-consent\" data-id=\"1037\" data-bid=\"1\" data-placement=\"726\">PGRpdiBpZD0iYW1jLTE3NDI2NjUwODIiIGNsYXNzPSJhbWMtcG9zdC1jb250ZW50IiBzdHlsZT0ibWFyZ2luLWxlZnQ6IGF1dG87bWFyZ2luLXJpZ2h0OiBhdXRvO3RleHQtYWxpZ246IGNlbnRlcjsiPjxzY3JpcHQgYXN5bmMgc3JjPSIvL3BhZ2VhZDIuZ29vZ2xlc3luZGljYXRpb24uY29tL3BhZ2VhZC9qcy9hZHNieWdvb2dsZS5qcz9jbGllbnQ9Y2EtcHViLTQ0MDExNDUwMjc1MzkxMTUiIGNyb3Nzb3JpZ2luPSJhbm9ueW1vdXMiPjwvc2NyaXB0PjxpbnMgY2xhc3M9ImFkc2J5Z29vZ2xlIiBzdHlsZT0iZGlzcGxheTpibG9jazsiIGRhdGEtYWQtY2xpZW50PSJjYS1wdWItNDQwMTE0NTAyNzUzOTExNSIgCmRhdGEtYWQtc2xvdD0iODAyMDU4Mzc5MyIgCmRhdGEtYWQtZm9ybWF0PSJhdXRvIiBkYXRhLWZ1bGwtd2lkdGgtcmVzcG9uc2l2ZT0idHJ1ZSI+PC9pbnM+CjxzY3JpcHQ+IAooYWRzYnlnb29nbGUgPSB3aW5kb3cuYWRzYnlnb29nbGUgfHwgW10pLnB1c2goe30pOyAKPC9zY3JpcHQ+CjwvZGl2PjxiciBzdHlsZT0iY2xlYXI6IGJvdGg7IGRpc3BsYXk6IGJsb2NrOyBmbG9hdDogbm9uZTsiLz4=<\/script>\n\n\n\n<h2 class=\"wp-block-heading\"><strong>Une vie d\u00e9di\u00e9e \u00e0 l'\u00e9l\u00e9gance moderne<\/strong><\/h2>\n\n\n\n<p>N\u00e9 \u00e0 Piacenza en 1934, Armani abandonne ses \u00e9tudes de m\u00e9decine pour suivre sa v\u00e9ritable vocation : la cr\u00e9ation. Apr\u00e8s un passage comme vendeur \u00e0 La Rinascente et d\u00e9couvert par le roi de la mode italienne, Nino Cerruti, il fonde en 1975 la maison de couture qui porte toujours son nom.<\/p><script type=\"text\/plain\" data-tcf=\"waiting-for-consent\" data-id=\"1033\" data-bid=\"1\" data-placement=\"985\">PGRpdiBpZD0iYW1jLTExMjA3MjQ1MjUiIGNsYXNzPSJhbWMtbWgtbWlkIj48c2NyaXB0IGFzeW5jIHNyYz0iLy9wYWdlYWQyLmdvb2dsZXN5bmRpY2F0aW9uLmNvbS9wYWdlYWQvanMvYWRzYnlnb29nbGUuanM\/Y2xpZW50PWNhLXB1Yi00NDAxMTQ1MDI3NTM5MTE1IiBjcm9zc29yaWdpbj0iYW5vbnltb3VzIj48L3NjcmlwdD48aW5zIGNsYXNzPSJhZHNieWdvb2dsZSIgc3R5bGU9ImRpc3BsYXk6YmxvY2s7IiBkYXRhLWFkLWNsaWVudD0iY2EtcHViLTQ0MDExNDUwMjc1MzkxMTUiIApkYXRhLWFkLXNsb3Q9IiIgCmRhdGEtYWQtZm9ybWF0PSJhdXRvIiBkYXRhLWZ1bGwtd2lkdGgtcmVzcG9uc2l2ZT0idHJ1ZSI+PC9pbnM+CjxzY3JpcHQ+IAooYWRzYnlnb29nbGUgPSB3aW5kb3cuYWRzYnlnb29nbGUgfHwgW10pLnB1c2goe30pOyAKPC9zY3JpcHQ+CjwvZGl2Pg==<\/script>\n\n\n\n<p>D\u00e8s ses d\u00e9buts, la veste d\u00e9structur\u00e9e, les tons neutres et le m\u00e9lange convaincant de confort et de sophistication sont devenus c\u00e9l\u00e8bres. Dans les ann\u00e9es 1980, l'ascension a \u00e9t\u00e9 fulgurante, les c\u00e9l\u00e9brit\u00e9s hollywoodiennes adorant son \u00e9l\u00e9gance \"power dressing\".<\/p>\n\n\n\n<figure class=\"wp-block-image size-large\"><img loading=\"lazy\" decoding=\"async\" width=\"791\" height=\"1024\" src=\"https:\/\/aspettandomilanocortina2026.it\/wp-content\/uploads\/2025\/09\/pexels-spolyakov-16761913-791x1024.jpg\" alt=\"\" class=\"wp-image-940\" title=\"\" srcset=\"https:\/\/aspettandomilanocortina2026.it\/wp-content\/uploads\/2025\/09\/pexels-spolyakov-16761913-791x1024.jpg 791w, https:\/\/aspettandomilanocortina2026.it\/wp-content\/uploads\/2025\/09\/pexels-spolyakov-16761913-232x300.jpg 232w, https:\/\/aspettandomilanocortina2026.it\/wp-content\/uploads\/2025\/09\/pexels-spolyakov-16761913-768x994.jpg 768w, https:\/\/aspettandomilanocortina2026.it\/wp-content\/uploads\/2025\/09\/pexels-spolyakov-16761913-1187x1536.jpg 1187w, https:\/\/aspettandomilanocortina2026.it\/wp-content\/uploads\/2025\/09\/pexels-spolyakov-16761913-1583x2048.jpg 1583w, https:\/\/aspettandomilanocortina2026.it\/wp-content\/uploads\/2025\/09\/pexels-spolyakov-16761913-9x12.jpg 9w, https:\/\/aspettandomilanocortina2026.it\/wp-content\/uploads\/2025\/09\/pexels-spolyakov-16761913-1200x1553.jpg 1200w, https:\/\/aspettandomilanocortina2026.it\/wp-content\/uploads\/2025\/09\/pexels-spolyakov-16761913-600x776.jpg 600w, https:\/\/aspettandomilanocortina2026.it\/wp-content\/uploads\/2025\/09\/pexels-spolyakov-16761913-scaled.jpg 1978w\" sizes=\"auto, (max-width: 791px) 100vw, 791px\" \/><\/figure>\n\n\n\n<h2 class=\"wp-block-heading\"><strong>Le roi Giorgio : une ic\u00f4ne de style et de discr\u00e9tion<\/strong><\/h2>\n\n\n\n<p>Armani a gard\u00e9 un profil rare, travaillant dans l'ombre mais toujours \u00e0 la barre, surtout dans la derni\u00e8re p\u00e9riode o\u00f9, malgr\u00e9 sa sant\u00e9 pr\u00e9caire, il suivait chaque d\u00e9tail de ses collections, allant m\u00eame jusqu'\u00e0 sauter des d\u00e9fil\u00e9s de mode pour reprendre des forces.<\/p>\n\n\n\n<p>Son dernier adieu public a eu lieu \u00e0 l'occasion de son 91e anniversaire, lorsqu'il a donn\u00e9 rendez-vous \u00e0 son public en septembre : un geste d'une \u00e9l\u00e9gance discr\u00e8te, mais plein d'affection.<\/p>\n\n\n\n<h2 class=\"wp-block-heading\"><strong>Le cr\u00e9ateur qui habille le sport italien<\/strong><\/h2>\n\n\n\n<p>Mais l'empreinte d'Armani ne s'arr\u00eate pas \u00e0 la mode : il est entr\u00e9 concr\u00e8tement au c\u0153ur du sport national. En 2008, il est devenu le parrain de la<strong>Olimpia Milan<\/strong>contribuant \u00e0 la renaissance du club avec le sponsor EA7, qui a propuls\u00e9 l'\u00e9quipe vers le Scudetto.<\/p>\n\n\n\n<p>Les uniformes Armani ont habill\u00e9 les \u00e9quipes de la Squadra Azzurra aux Jeux olympiques et paralympiques d'hiver (Sotchi, PyeongChang, P\u00e9kin et seront \u00e9galement pr\u00e9sents \u00e0 Milan Cortina 2026), donnant une touche de classe Made in Italy au sport mondial.<\/p>\n\n\n\n<figure class=\"wp-block-image size-full\"><img loading=\"lazy\" decoding=\"async\" width=\"994\" height=\"486\" src=\"https:\/\/aspettandomilanocortina2026.it\/wp-content\/uploads\/2025\/09\/ea72.jpg\" alt=\"\" class=\"wp-image-942\" title=\"\" srcset=\"https:\/\/aspettandomilanocortina2026.it\/wp-content\/uploads\/2025\/09\/ea72.jpg 994w, https:\/\/aspettandomilanocortina2026.it\/wp-content\/uploads\/2025\/09\/ea72-300x147.jpg 300w, https:\/\/aspettandomilanocortina2026.it\/wp-content\/uploads\/2025\/09\/ea72-768x376.jpg 768w, https:\/\/aspettandomilanocortina2026.it\/wp-content\/uploads\/2025\/09\/ea72-18x9.jpg 18w, https:\/\/aspettandomilanocortina2026.it\/wp-content\/uploads\/2025\/09\/ea72-600x293.jpg 600w\" sizes=\"auto, (max-width: 994px) 100vw, 994px\" \/><\/figure>\n\n\n\n<h2 class=\"wp-block-heading\"><strong>Un adieu silencieux, un h\u00e9ritage immense<\/strong><\/h2>\n\n\n\n<p>Armani recevra des fun\u00e9railles priv\u00e9es \u00e0 Milan au cours du week-end, apr\u00e8s un service priv\u00e9, \u00e0 l'image de son style : \u00e9l\u00e9gant, sobre, sans chichis.<\/p>\n\n\n\n<p>L'h\u00e9ritage qu'il laisse est celui d'un cr\u00e9ateur qui a transform\u00e9 la mode, lanc\u00e9 des empires, travaill\u00e9 jusqu'au bout, \u00e9vitant le battage m\u00e9diatique. Son nom restera \u00e0 jamais li\u00e9 \u00e0 l'\u00e9l\u00e9gance italienne, au design moderne et \u00e0 un sport qui a su porter la grandeur.<\/p>\n\n\n\n<p>Si la mode a perdu son chef, le monde a perdu un ma\u00eetre silencieux et visionnaire. Giorgio Armani a habill\u00e9 des g\u00e9n\u00e9rations, devenant synonyme d'\u00e9l\u00e9gance discr\u00e8te et raffin\u00e9e. Aujourd'hui, en faisant ses adieux, il laisse derri\u00e8re lui non seulement une marque, mais aussi un style, un mode de vie. Que l'Italie se souvienne toujours de lui comme d'un g\u00e9ant qui a su allier beaut\u00e9, sport et int\u00e9riorit\u00e9.<\/p>\n\n\n\n<figure class=\"wp-block-embed is-type-video is-provider-youtube wp-block-embed-youtube wp-embed-aspect-16-9 wp-has-aspect-ratio\"><div class=\"wp-block-embed__wrapper\">\n<iframe loading=\"lazy\" title=\"RE Giorgio : la VRAIE histoire d&#039;ARMANI\" width=\"500\" height=\"281\" src=\"https:\/\/www.youtube.com\/embed\/sTEoOc6qihY?feature=oembed\" frameborder=\"0\" allow=\"accelerometer; autoplay; clipboard-write; encrypted-media; gyroscope; picture-in-picture; web-share\" referrerpolicy=\"strict-origin-when-cross-origin\" allowfullscreen><\/iframe>\n<\/div><\/figure>\n<div class=\"amc-dopo-il-contenuto\" id=\"amc-3415759125\"><script type=\"text\/plain\" data-tcf=\"waiting-for-consent\" data-id=\"1033\" data-bid=\"1\">PGRpdiBpZD0iYW1jLTE0NDA4MjA2NjAiPjxzY3JpcHQgYXN5bmMgc3JjPSIvL3BhZ2VhZDIuZ29vZ2xlc3luZGljYXRpb24uY29tL3BhZ2VhZC9qcy9hZHNieWdvb2dsZS5qcz9jbGllbnQ9Y2EtcHViLTQ0MDExNDUwMjc1MzkxMTUiIGNyb3Nzb3JpZ2luPSJhbm9ueW1vdXMiPjwvc2NyaXB0PjxpbnMgY2xhc3M9ImFkc2J5Z29vZ2xlIiBzdHlsZT0iZGlzcGxheTpibG9jazsiIGRhdGEtYWQtY2xpZW50PSJjYS1wdWItNDQwMTE0NTAyNzUzOTExNSIgCmRhdGEtYWQtc2xvdD0iIiAKZGF0YS1hZC1mb3JtYXQ9ImF1dG8iIGRhdGEtZnVsbC13aWR0aC1yZXNwb25zaXZlPSJ0cnVlIj48L2lucz4KPHNjcmlwdD4gCihhZHNieWdvb2dsZSA9IHdpbmRvdy5hZHNieWdvb2dsZSB8fCBbXSkucHVzaCh7fSk7IAo8L3NjcmlwdD4KPC9kaXY+<\/script><\/div>","protected":false},"excerpt":{"rendered":"<p>Milano, 4 settembre 2025 \u2013 Un silenzio sopraffino avvolge la citt\u00e0 della moda e dell\u2019eleganza. \u00c8 venuto a mancare Giorgio Armani, l\u2019innovatore del guardaroba contemporaneo, a 91 anni, come annunciato oggi dal suo gruppo. Armani si \u00e8 spento serenamente, circondato dai suoi affetti, nello stesso impegno e riserbo che lo avevano accompagnato nella sua straordinaria [&hellip;]<\/p>","protected":false},"author":3,"featured_media":947,"comment_status":"open","ping_status":"closed","sticky":false,"template":"","format":"standard","meta":{"_acf_changed":false,"footnotes":""},"categories":[16],"tags":[],"class_list":["post-937","post","type-post","status-publish","format-standard","has-post-thumbnail","hentry","category-notizie-e-approfondimenti"],"acf":[],"_links":{"self":[{"href":"https:\/\/aspettandomilanocortina2026.it\/fr\/wp-json\/wp\/v2\/posts\/937","targetHints":{"allow":["GET"]}}],"collection":[{"href":"https:\/\/aspettandomilanocortina2026.it\/fr\/wp-json\/wp\/v2\/posts"}],"about":[{"href":"https:\/\/aspettandomilanocortina2026.it\/fr\/wp-json\/wp\/v2\/types\/post"}],"author":[{"embeddable":true,"href":"https:\/\/aspettandomilanocortina2026.it\/fr\/wp-json\/wp\/v2\/users\/3"}],"replies":[{"embeddable":true,"href":"https:\/\/aspettandomilanocortina2026.it\/fr\/wp-json\/wp\/v2\/comments?post=937"}],"version-history":[{"count":3,"href":"https:\/\/aspettandomilanocortina2026.it\/fr\/wp-json\/wp\/v2\/posts\/937\/revisions"}],"predecessor-version":[{"id":948,"href":"https:\/\/aspettandomilanocortina2026.it\/fr\/wp-json\/wp\/v2\/posts\/937\/revisions\/948"}],"wp:featuredmedia":[{"embeddable":true,"href":"https:\/\/aspettandomilanocortina2026.it\/fr\/wp-json\/wp\/v2\/media\/947"}],"wp:attachment":[{"href":"https:\/\/aspettandomilanocortina2026.it\/fr\/wp-json\/wp\/v2\/media?parent=937"}],"wp:term":[{"taxonomy":"category","embeddable":true,"href":"https:\/\/aspettandomilanocortina2026.it\/fr\/wp-json\/wp\/v2\/categories?post=937"},{"taxonomy":"post_tag","embeddable":true,"href":"https:\/\/aspettandomilanocortina2026.it\/fr\/wp-json\/wp\/v2\/tags?post=937"}],"curies":[{"name":"wp","href":"https:\/\/api.w.org\/{rel}","templated":true}]}}