{"id":932,"date":"2025-09-04T15:57:14","date_gmt":"2025-09-04T13:57:14","guid":{"rendered":"https:\/\/aspettandomilanocortina2026.it\/?p=932"},"modified":"2025-09-04T15:57:16","modified_gmt":"2025-09-04T13:57:16","slug":"team26-les-volontaires-qui-se-donneront-corps-et-ame-aux-jeux-olympiques-de-milan-cortina-2026","status":"publish","type":"post","link":"https:\/\/aspettandomilanocortina2026.it\/fr\/team26-les-volontaires-qui-se-donneront-corps-et-ame-aux-jeux-olympiques-de-milan-cortina-2026\/","title":{"rendered":"Team26 : les volontaires qui se donneront corps et \u00e2me aux Jeux olympiques de Milan-Cortina 2026"},"content":{"rendered":"<script type=\"text\/plain\" data-tcf=\"waiting-for-consent\" data-id=\"1033\" data-bid=\"1\" data-placement=\"1034\">PGRpdiBpZD0iYW1jLTE3NTk5NTUwMzUiIGNsYXNzPSJhbWMtcHJpbWEtZGVsLWNvbnRlbnV0byI+PHNjcmlwdCBhc3luYyBzcmM9Ii8vcGFnZWFkMi5nb29nbGVzeW5kaWNhdGlvbi5jb20vcGFnZWFkL2pzL2Fkc2J5Z29vZ2xlLmpzP2NsaWVudD1jYS1wdWItNDQwMTE0NTAyNzUzOTExNSIgY3Jvc3NvcmlnaW49ImFub255bW91cyI+PC9zY3JpcHQ+PGlucyBjbGFzcz0iYWRzYnlnb29nbGUiIHN0eWxlPSJkaXNwbGF5OmJsb2NrOyIgZGF0YS1hZC1jbGllbnQ9ImNhLXB1Yi00NDAxMTQ1MDI3NTM5MTE1IiAKZGF0YS1hZC1zbG90PSIiIApkYXRhLWFkLWZvcm1hdD0iYXV0byIgZGF0YS1mdWxsLXdpZHRoLXJlc3BvbnNpdmU9InRydWUiPjwvaW5zPgo8c2NyaXB0PiAKKGFkc2J5Z29vZ2xlID0gd2luZG93LmFkc2J5Z29vZ2xlIHx8IFtdKS5wdXNoKHt9KTsgCjwvc2NyaXB0Pgo8L2Rpdj4=<\/script>\n<p>Chaque olympiade a ses h\u00e9ros silencieux : ils ne montent pas sur le podium, ils ne portent pas de m\u00e9dailles, mais ils sont le moteur qui rend possible chaque course, chaque c\u00e9r\u00e9monie, chaque \u00e9motion. Pour les Jeux d'hiver de <strong>Milan-Cortina 2026<\/strong> ces h\u00e9ros sont appel\u00e9s <strong>\u00c9quipe26<\/strong>L'\u00e9v\u00e9nement sportif le plus attendu sera transform\u00e9 en une exp\u00e9rience inoubliable gr\u00e2ce \u00e0 l'enthousiasme, \u00e0 l'\u00e9nergie et \u00e0 l'engagement de la grande \u00e9quipe de b\u00e9n\u00e9voles.<\/p><script type=\"text\/plain\" data-tcf=\"waiting-for-consent\" data-id=\"1037\" data-bid=\"1\" data-placement=\"726\">PGRpdiBpZD0iYW1jLTg1Mzk1MzU0MCIgY2xhc3M9ImFtYy1wb3N0LWNvbnRlbnQiIHN0eWxlPSJtYXJnaW4tbGVmdDogYXV0bzttYXJnaW4tcmlnaHQ6IGF1dG87dGV4dC1hbGlnbjogY2VudGVyOyI+PHNjcmlwdCBhc3luYyBzcmM9Ii8vcGFnZWFkMi5nb29nbGVzeW5kaWNhdGlvbi5jb20vcGFnZWFkL2pzL2Fkc2J5Z29vZ2xlLmpzP2NsaWVudD1jYS1wdWItNDQwMTE0NTAyNzUzOTExNSIgY3Jvc3NvcmlnaW49ImFub255bW91cyI+PC9zY3JpcHQ+PGlucyBjbGFzcz0iYWRzYnlnb29nbGUiIHN0eWxlPSJkaXNwbGF5OmJsb2NrOyIgZGF0YS1hZC1jbGllbnQ9ImNhLXB1Yi00NDAxMTQ1MDI3NTM5MTE1IiAKZGF0YS1hZC1zbG90PSI4MDIwNTgzNzkzIiAKZGF0YS1hZC1mb3JtYXQ9ImF1dG8iIGRhdGEtZnVsbC13aWR0aC1yZXNwb25zaXZlPSJ0cnVlIj48L2lucz4KPHNjcmlwdD4gCihhZHNieWdvb2dsZSA9IHdpbmRvdy5hZHNieWdvb2dsZSB8fCBbXSkucHVzaCh7fSk7IAo8L3NjcmlwdD4KPC9kaXY+PGJyIHN0eWxlPSJjbGVhcjogYm90aDsgZGlzcGxheTogYmxvY2s7IGZsb2F0OiBub25lOyIvPg==<\/script>\n\n\n\n<h2 class=\"wp-block-heading\"><strong>La naissance d'une \u00e9quipe unique<\/strong><\/h2>\n\n\n\n<p>L'\u00e9quipe 26 n'est pas seulement un programme de volontariat : c'est un programme d'\u00e9ducation et de formation. <strong>mouvement communautaire<\/strong>. C'est le r\u00eave partag\u00e9 de milliers de personnes qui ont d\u00e9cid\u00e9 de mettre \u00e0 disposition leur temps, leur \u00e9nergie et leurs comp\u00e9tences pour \u00e9crire une page d'histoire.<\/p><script type=\"text\/plain\" data-tcf=\"waiting-for-consent\" data-id=\"1033\" data-bid=\"1\" data-placement=\"985\">PGRpdiBpZD0iYW1jLTEzODczMzA1OSIgY2xhc3M9ImFtYy1taC1taWQiPjxzY3JpcHQgYXN5bmMgc3JjPSIvL3BhZ2VhZDIuZ29vZ2xlc3luZGljYXRpb24uY29tL3BhZ2VhZC9qcy9hZHNieWdvb2dsZS5qcz9jbGllbnQ9Y2EtcHViLTQ0MDExNDUwMjc1MzkxMTUiIGNyb3Nzb3JpZ2luPSJhbm9ueW1vdXMiPjwvc2NyaXB0PjxpbnMgY2xhc3M9ImFkc2J5Z29vZ2xlIiBzdHlsZT0iZGlzcGxheTpibG9jazsiIGRhdGEtYWQtY2xpZW50PSJjYS1wdWItNDQwMTE0NTAyNzUzOTExNSIgCmRhdGEtYWQtc2xvdD0iIiAKZGF0YS1hZC1mb3JtYXQ9ImF1dG8iIGRhdGEtZnVsbC13aWR0aC1yZXNwb25zaXZlPSJ0cnVlIj48L2lucz4KPHNjcmlwdD4gCihhZHNieWdvb2dsZSA9IHdpbmRvdy5hZHNieWdvb2dsZSB8fCBbXSkucHVzaCh7fSk7IAo8L3NjcmlwdD4KPC9kaXY+<\/script>\n\n\n\n<p>L'objectif est ambitieux : il s'agit de cr\u00e9er une \u00e9quipe compos\u00e9e de plus de <strong>20 000 b\u00e9n\u00e9voles<\/strong> venus de toute l'Italie et du monde entier, pr\u00eats \u00e0 faire de chaque moment des Jeux un moment sp\u00e9cial. Jeunes \u00e9tudiants, retrait\u00e9s, sportifs, professionnels et simples citoyens : chacun avec sa propre histoire, chacun avec le d\u00e9sir de faire partie de quelque chose de plus grand.<\/p>\n\n\n\n<figure class=\"wp-block-image size-full\"><img loading=\"lazy\" decoding=\"async\" width=\"1024\" height=\"1024\" src=\"https:\/\/aspettandomilanocortina2026.it\/wp-content\/uploads\/2025\/09\/Copilot_20250904_154725.png\" alt=\"\" class=\"wp-image-935\" title=\"\" srcset=\"https:\/\/aspettandomilanocortina2026.it\/wp-content\/uploads\/2025\/09\/Copilot_20250904_154725.png 1024w, https:\/\/aspettandomilanocortina2026.it\/wp-content\/uploads\/2025\/09\/Copilot_20250904_154725-300x300.png 300w, https:\/\/aspettandomilanocortina2026.it\/wp-content\/uploads\/2025\/09\/Copilot_20250904_154725-150x150.png 150w, https:\/\/aspettandomilanocortina2026.it\/wp-content\/uploads\/2025\/09\/Copilot_20250904_154725-768x768.png 768w, https:\/\/aspettandomilanocortina2026.it\/wp-content\/uploads\/2025\/09\/Copilot_20250904_154725-12x12.png 12w, https:\/\/aspettandomilanocortina2026.it\/wp-content\/uploads\/2025\/09\/Copilot_20250904_154725-600x600.png 600w\" sizes=\"auto, (max-width: 1024px) 100vw, 1024px\" \/><\/figure>\n\n\n\n<h2 class=\"wp-block-heading\"><strong>Les r\u00f4les du volontaire olympique<\/strong><\/h2>\n\n\n\n<p>Faire partie de l'\u00e9quipe 26, c'est vivre les Jeux d'un point de vue privil\u00e9gi\u00e9. Les volontaires joueront de nombreux r\u00f4les diff\u00e9rents :<\/p>\n\n\n\n<ul class=\"wp-block-list\">\n<li><strong>Accueillir et soutenir le public<\/strong>pour guider les spectateurs italiens et \u00e9trangers dans les villes h\u00f4tes.<\/li>\n\n\n\n<li><strong>Assistance logistique et organisationnelle<\/strong>dans les coulisses des concours.<\/li>\n\n\n\n<li><strong>Soutenir les athl\u00e8tes<\/strong>de vivre en direct la pr\u00e9paration et les moments cruciaux des courses.<\/li>\n\n\n\n<li><strong>Animation culturelle et territoriale<\/strong>pour raconter l'histoire des traditions locales et du patrimoine unique des Alpes italiennes.<\/li>\n\n\n\n<li><strong>Durabilit\u00e9 et inclusion<\/strong>deux piliers fondamentaux des Jeux de Milan-Cortina.<\/li>\n<\/ul>\n\n\n\n<p>Il ne s'agit pas d'un travail, mais d'une exp\u00e9rience transformatrice : ceux qui participent en tant que volontaires rentrent chez eux avec de nouvelles amiti\u00e9s, des souvenirs ind\u00e9l\u00e9biles et la certitude d'avoir contribu\u00e9 \u00e0 un \u00e9v\u00e9nement qui restera dans la m\u00e9moire collective.<\/p>\n\n\n\n<h2 class=\"wp-block-heading\"><strong>Comment na\u00eet un volontaire olympique<\/strong><\/h2>\n\n\n\n<p>Le processus de s\u00e9lection de la Team26 a d\u00e9but\u00e9 en 2025 par un appel \u00e0 candidatures ouvert \u00e0 tous les citoyens majeurs, sans limite d'\u00e2ge. La principale exigence n'est pas la carri\u00e8re sportive ou l'exp\u00e9rience professionnelle, mais la motivation : l'envie de participer \u00e0 une aventure extraordinaire.<\/p>\n\n\n\n<p>Apr\u00e8s avoir pos\u00e9 leur candidature, les volontaires s\u00e9lectionn\u00e9s participeront \u00e0 des sessions de formation sp\u00e9cifiques : cours en ligne, ateliers sur le terrain, formation linguistique et culturelle. Tout cela afin d'\u00eatre pr\u00eats pour le 6 f\u00e9vrier 2026, jour o\u00f9 San Siro s'illuminera pour la c\u00e9r\u00e9monie d'ouverture.<\/p>\n\n\n\n<h2 class=\"wp-block-heading\"><strong>Une communaut\u00e9 qui r\u00e9siste \u00e0 l'\u00e9preuve du temps<\/strong><\/h2>\n\n\n\n<p>La force de Team26 est qu'elle ne s'arr\u00eatera pas avec la cl\u00f4ture des Jeux. De nombreux volontaires resteront en contact les uns avec les autres, cr\u00e9ant ainsi une communaut\u00e9 qui continuera \u00e0 travailler dans le cadre de futurs \u00e9v\u00e9nements culturels et sportifs.<\/p>\n\n\n\n<p>Comme cela a \u00e9t\u00e9 le cas pour d'autres Jeux olympiques, le plus grand h\u00e9ritage ne sera pas seulement dans les r\u00e9sultats sportifs, mais dans le tissu social qui sera cr\u00e9\u00e9 par la r\u00e9union de milliers de personnes unies par la m\u00eame passion.<\/p>\n\n\n\n<h2 class=\"wp-block-heading\"><strong>R\u00e9cit d'un r\u00eave collectif<\/strong><\/h2>\n\n\n\n<p>Imaginez les rues de Cortina couvertes de neige, le c\u0153ur de Milan en f\u00eate, les stations de ski de la Valteline bond\u00e9es de fans : derri\u00e8re chaque sourire, chaque signe, chaque geste d'aide, il y aura un volontaire de Team26.<\/p>\n\n\n\n<p>Ce sont eux qui feront en sorte que ceux qui viennent de loin se sentent chez eux, qui transformeront la complexit\u00e9 de l'organisation en harmonie, qui incarneront l'esprit olympique d'accueil, d'amiti\u00e9 et de solidarit\u00e9.<\/p>\n\n\n\n<p><strong>\u00c9quipe26<\/strong> n'est pas seulement du volontariat : c'est une exp\u00e9rience de vie, un voyage personnel et collectif vers l'\u00e9v\u00e9nement sportif le plus important de ces derni\u00e8res ann\u00e9es en Italie.<\/p>\n\n\n\n<p>Ceux qui porteront l'uniforme des volontaires emporteront avec eux non seulement le logo olympique, mais surtout un sourire, une histoire et un c\u0153ur battant au rythme des Jeux. Les champions gagneront des m\u00e9dailles, mais les volontaires de Team26 gagneront quelque chose de plus grand encore : la certitude d'avoir fait quelque chose de grand. <strong>Milan-Cortina 2026<\/strong> un souvenir ind\u00e9l\u00e9bile pour des millions de personnes.<\/p>\n\n\n\n<figure class=\"wp-block-embed is-type-video is-provider-youtube wp-block-embed-youtube wp-embed-aspect-16-9 wp-has-aspect-ratio\"><div class=\"wp-block-embed__wrapper\">\n<iframe loading=\"lazy\" title=\"Rejoignez Team26, le programme de volontariat de Milan Cortina 2026\" width=\"500\" height=\"281\" src=\"https:\/\/www.youtube.com\/embed\/SypZsJmdwRg?feature=oembed\" frameborder=\"0\" allow=\"accelerometer; autoplay; clipboard-write; encrypted-media; gyroscope; picture-in-picture; web-share\" referrerpolicy=\"strict-origin-when-cross-origin\" allowfullscreen><\/iframe>\n<\/div><\/figure>\n<div class=\"amc-dopo-il-contenuto\" id=\"amc-3140909037\"><script type=\"text\/plain\" data-tcf=\"waiting-for-consent\" data-id=\"1033\" data-bid=\"1\">PGRpdiBpZD0iYW1jLTEzMDY5MDY2NDkiPjxzY3JpcHQgYXN5bmMgc3JjPSIvL3BhZ2VhZDIuZ29vZ2xlc3luZGljYXRpb24uY29tL3BhZ2VhZC9qcy9hZHNieWdvb2dsZS5qcz9jbGllbnQ9Y2EtcHViLTQ0MDExNDUwMjc1MzkxMTUiIGNyb3Nzb3JpZ2luPSJhbm9ueW1vdXMiPjwvc2NyaXB0PjxpbnMgY2xhc3M9ImFkc2J5Z29vZ2xlIiBzdHlsZT0iZGlzcGxheTpibG9jazsiIGRhdGEtYWQtY2xpZW50PSJjYS1wdWItNDQwMTE0NTAyNzUzOTExNSIgCmRhdGEtYWQtc2xvdD0iIiAKZGF0YS1hZC1mb3JtYXQ9ImF1dG8iIGRhdGEtZnVsbC13aWR0aC1yZXNwb25zaXZlPSJ0cnVlIj48L2lucz4KPHNjcmlwdD4gCihhZHNieWdvb2dsZSA9IHdpbmRvdy5hZHNieWdvb2dsZSB8fCBbXSkucHVzaCh7fSk7IAo8L3NjcmlwdD4KPC9kaXY+<\/script><\/div>","protected":false},"excerpt":{"rendered":"<p>Chaque olympiade a ses h\u00e9ros silencieux : ils ne montent pas sur le podium, ils ne portent pas de m\u00e9dailles, mais ils sont le moteur qui rend possible chaque course, chaque c\u00e9r\u00e9monie, chaque \u00e9motion. Pour les Jeux d'hiver de Milan-Cortina 2026, ces h\u00e9ros s'appellent Team26, la grande \u00e9quipe de volontaires qui, avec leur enthousiasme, leur \u00e9nergie et leur [...]<\/p>","protected":false},"author":3,"featured_media":934,"comment_status":"open","ping_status":"closed","sticky":false,"template":"","format":"standard","meta":{"_acf_changed":false,"footnotes":""},"categories":[16,4,7,1],"tags":[],"class_list":["post-932","post","type-post","status-publish","format-standard","has-post-thumbnail","hentry","category-notizie-e-approfondimenti","category-dietro-le-quinte","category-milano-e-cortina","category-notizie-e-aggiornamenti"],"acf":[],"_links":{"self":[{"href":"https:\/\/aspettandomilanocortina2026.it\/fr\/wp-json\/wp\/v2\/posts\/932","targetHints":{"allow":["GET"]}}],"collection":[{"href":"https:\/\/aspettandomilanocortina2026.it\/fr\/wp-json\/wp\/v2\/posts"}],"about":[{"href":"https:\/\/aspettandomilanocortina2026.it\/fr\/wp-json\/wp\/v2\/types\/post"}],"author":[{"embeddable":true,"href":"https:\/\/aspettandomilanocortina2026.it\/fr\/wp-json\/wp\/v2\/users\/3"}],"replies":[{"embeddable":true,"href":"https:\/\/aspettandomilanocortina2026.it\/fr\/wp-json\/wp\/v2\/comments?post=932"}],"version-history":[{"count":1,"href":"https:\/\/aspettandomilanocortina2026.it\/fr\/wp-json\/wp\/v2\/posts\/932\/revisions"}],"predecessor-version":[{"id":936,"href":"https:\/\/aspettandomilanocortina2026.it\/fr\/wp-json\/wp\/v2\/posts\/932\/revisions\/936"}],"wp:featuredmedia":[{"embeddable":true,"href":"https:\/\/aspettandomilanocortina2026.it\/fr\/wp-json\/wp\/v2\/media\/934"}],"wp:attachment":[{"href":"https:\/\/aspettandomilanocortina2026.it\/fr\/wp-json\/wp\/v2\/media?parent=932"}],"wp:term":[{"taxonomy":"category","embeddable":true,"href":"https:\/\/aspettandomilanocortina2026.it\/fr\/wp-json\/wp\/v2\/categories?post=932"},{"taxonomy":"post_tag","embeddable":true,"href":"https:\/\/aspettandomilanocortina2026.it\/fr\/wp-json\/wp\/v2\/tags?post=932"}],"curies":[{"name":"wp","href":"https:\/\/api.w.org\/{rel}","templated":true}]}}