{"id":922,"date":"2025-09-04T15:27:44","date_gmt":"2025-09-04T13:27:44","guid":{"rendered":"https:\/\/aspettandomilanocortina2026.it\/?p=922"},"modified":"2025-09-04T15:46:53","modified_gmt":"2025-09-04T13:46:53","slug":"gen26-le-reve-olympique-grandit-en-classe","status":"publish","type":"post","link":"https:\/\/aspettandomilanocortina2026.it\/fr\/gen26-le-reve-olympique-grandit-en-classe\/","title":{"rendered":"Gen26 : le r\u00eave olympique grandit dans les salles de classe"},"content":{"rendered":"<script type=\"text\/plain\" data-tcf=\"waiting-for-consent\" data-id=\"1033\" data-bid=\"1\" data-placement=\"1034\">PGRpdiBpZD0iYW1jLTQwODI5NjEwNjQiIGNsYXNzPSJhbWMtcHJpbWEtZGVsLWNvbnRlbnV0byI+PHNjcmlwdCBhc3luYyBzcmM9Ii8vcGFnZWFkMi5nb29nbGVzeW5kaWNhdGlvbi5jb20vcGFnZWFkL2pzL2Fkc2J5Z29vZ2xlLmpzP2NsaWVudD1jYS1wdWItNDQwMTE0NTAyNzUzOTExNSIgY3Jvc3NvcmlnaW49ImFub255bW91cyI+PC9zY3JpcHQ+PGlucyBjbGFzcz0iYWRzYnlnb29nbGUiIHN0eWxlPSJkaXNwbGF5OmJsb2NrOyIgZGF0YS1hZC1jbGllbnQ9ImNhLXB1Yi00NDAxMTQ1MDI3NTM5MTE1IiAKZGF0YS1hZC1zbG90PSIiIApkYXRhLWFkLWZvcm1hdD0iYXV0byIgZGF0YS1mdWxsLXdpZHRoLXJlc3BvbnNpdmU9InRydWUiPjwvaW5zPgo8c2NyaXB0PiAKKGFkc2J5Z29vZ2xlID0gd2luZG93LmFkc2J5Z29vZ2xlIHx8IFtdKS5wdXNoKHt9KTsgCjwvc2NyaXB0Pgo8L2Rpdj4=<\/script>\n<p>Les Jeux olympiques se pr\u00e9parent non seulement avec des pistes enneig\u00e9es, des ar\u00e8nes et des villages pour les athl\u00e8tes, mais aussi \u00e0 l'int\u00e9rieur des salles de classe, entre les sacs \u00e0 dos color\u00e9s, les tableaux noirs et les voix d'\u00e9l\u00e8ves curieux. C'est l\u00e0 que <strong>G\u00e9n\u00e9ration 26<\/strong>Le programme \u00e9ducatif qui accompagne les nouvelles g\u00e9n\u00e9rations vers les Jeux olympiques et paralympiques d'hiver en Europe. <strong>Milan-Cortina 2026<\/strong>.<\/p><script type=\"text\/plain\" data-tcf=\"waiting-for-consent\" data-id=\"1037\" data-bid=\"1\" data-placement=\"726\">PGRpdiBpZD0iYW1jLTQyMTY0NzYxOTciIGNsYXNzPSJhbWMtcG9zdC1jb250ZW50IiBzdHlsZT0ibWFyZ2luLWxlZnQ6IGF1dG87bWFyZ2luLXJpZ2h0OiBhdXRvO3RleHQtYWxpZ246IGNlbnRlcjsiPjxzY3JpcHQgYXN5bmMgc3JjPSIvL3BhZ2VhZDIuZ29vZ2xlc3luZGljYXRpb24uY29tL3BhZ2VhZC9qcy9hZHNieWdvb2dsZS5qcz9jbGllbnQ9Y2EtcHViLTQ0MDExNDUwMjc1MzkxMTUiIGNyb3Nzb3JpZ2luPSJhbm9ueW1vdXMiPjwvc2NyaXB0PjxpbnMgY2xhc3M9ImFkc2J5Z29vZ2xlIiBzdHlsZT0iZGlzcGxheTpibG9jazsiIGRhdGEtYWQtY2xpZW50PSJjYS1wdWItNDQwMTE0NTAyNzUzOTExNSIgCmRhdGEtYWQtc2xvdD0iODAyMDU4Mzc5MyIgCmRhdGEtYWQtZm9ybWF0PSJhdXRvIiBkYXRhLWZ1bGwtd2lkdGgtcmVzcG9uc2l2ZT0idHJ1ZSI+PC9pbnM+CjxzY3JpcHQ+IAooYWRzYnlnb29nbGUgPSB3aW5kb3cuYWRzYnlnb29nbGUgfHwgW10pLnB1c2goe30pOyAKPC9zY3JpcHQ+CjwvZGl2PjxiciBzdHlsZT0iY2xlYXI6IGJvdGg7IGRpc3BsYXk6IGJsb2NrOyBmbG9hdDogbm9uZTsiLz4=<\/script>\n\n\n\n<p>Un projet destin\u00e9 \u00e0 former non seulement les sportifs de demain, mais surtout des citoyens conscients, pr\u00eats \u00e0 reprendre le flambeau des valeurs olympiques : <strong>l'amiti\u00e9, le respect, l'inclusion et la durabilit\u00e9<\/strong>.<\/p><script type=\"text\/plain\" data-tcf=\"waiting-for-consent\" data-id=\"1033\" data-bid=\"1\" data-placement=\"985\">PGRpdiBpZD0iYW1jLTQwOTc0Mzk1NTgiIGNsYXNzPSJhbWMtbWgtbWlkIj48c2NyaXB0IGFzeW5jIHNyYz0iLy9wYWdlYWQyLmdvb2dsZXN5bmRpY2F0aW9uLmNvbS9wYWdlYWQvanMvYWRzYnlnb29nbGUuanM\/Y2xpZW50PWNhLXB1Yi00NDAxMTQ1MDI3NTM5MTE1IiBjcm9zc29yaWdpbj0iYW5vbnltb3VzIj48L3NjcmlwdD48aW5zIGNsYXNzPSJhZHNieWdvb2dsZSIgc3R5bGU9ImRpc3BsYXk6YmxvY2s7IiBkYXRhLWFkLWNsaWVudD0iY2EtcHViLTQ0MDExNDUwMjc1MzkxMTUiIApkYXRhLWFkLXNsb3Q9IiIgCmRhdGEtYWQtZm9ybWF0PSJhdXRvIiBkYXRhLWZ1bGwtd2lkdGgtcmVzcG9uc2l2ZT0idHJ1ZSI+PC9pbnM+CjxzY3JpcHQ+IAooYWRzYnlnb29nbGUgPSB3aW5kb3cuYWRzYnlnb29nbGUgfHwgW10pLnB1c2goe30pOyAKPC9zY3JpcHQ+CjwvZGl2Pg==<\/script>\n\n\n\n<figure class=\"wp-block-image size-full\"><img loading=\"lazy\" decoding=\"async\" width=\"1024\" height=\"1024\" src=\"https:\/\/aspettandomilanocortina2026.it\/wp-content\/uploads\/2025\/09\/gen26.jpg\" alt=\"cercles olympiques \u00e9crits milan cortina et gen 26\" class=\"wp-image-924\" title=\"\" srcset=\"https:\/\/aspettandomilanocortina2026.it\/wp-content\/uploads\/2025\/09\/gen26.jpg 1024w, https:\/\/aspettandomilanocortina2026.it\/wp-content\/uploads\/2025\/09\/gen26-300x300.jpg 300w, https:\/\/aspettandomilanocortina2026.it\/wp-content\/uploads\/2025\/09\/gen26-150x150.jpg 150w, https:\/\/aspettandomilanocortina2026.it\/wp-content\/uploads\/2025\/09\/gen26-768x768.jpg 768w, https:\/\/aspettandomilanocortina2026.it\/wp-content\/uploads\/2025\/09\/gen26-12x12.jpg 12w, https:\/\/aspettandomilanocortina2026.it\/wp-content\/uploads\/2025\/09\/gen26-600x600.jpg 600w\" sizes=\"auto, (max-width: 1024px) 100vw, 1024px\" \/><\/figure>\n\n\n\n<h2 class=\"wp-block-heading\"><strong>L'\u00e9tincelle entre les gar\u00e7ons<\/strong><\/h2>\n\n\n\n<p>Gen26 est arriv\u00e9 dans les \u00e9coles comme une flamme que l'on allume et que l'on se passe de main en main. Plus de 100 000 \u00e9l\u00e8ves dans toute l'Italie ont d\u00e9j\u00e0 particip\u00e9 \u00e0 des rencontres, des ateliers et des journ\u00e9es th\u00e9matiques qui ont transform\u00e9 la routine scolaire en une occasion de d\u00e9couverte.<\/p>\n\n\n\n<p>Il ne s'agit pas seulement de sport : les cours abordent des sujets tels que la protection de l'environnement, la force de la diversit\u00e9, la valeur du b\u00e9n\u00e9volat et la beaut\u00e9 du travail d'\u00e9quipe.<\/p>\n\n\n\n<p>Les \u00e9l\u00e8ves entendent des histoires d'athl\u00e8tes olympiques et paralympiques, rencontrent des t\u00e9moins qui ont su transformer sacrifices et passion en r\u00e9ussites inoubliables, puis s'impliquent eux-m\u00eames, avec des activit\u00e9s qui allient mouvement et r\u00e9flexion.<\/p>\n\n\n\n<h2 class=\"wp-block-heading\"><strong>Quand le sport entre \u00e0 l'\u00e9cole<\/strong><\/h2>\n\n\n\n<p>Chaque \u00e9tape du programme Gen26 est un petit \u00e9v\u00e9nement. A Bari, par exemple, l'arriv\u00e9e du patineur <strong>Valentina Marchei<\/strong> et le champion olympique de taekwondo <strong>Carlo Molfetta<\/strong> a transform\u00e9 une simple matin\u00e9e en un moment de f\u00eate collective. Les \u00e9l\u00e8ves n'ont pas seulement \u00e9cout\u00e9, ils ont aussi pos\u00e9 des questions, ri, se sont enthousiasm\u00e9s : dans ce dialogue, ils ont vu que le sport n'est pas un monde lointain, mais un chemin qui peut leur appartenir.<\/p>\n\n\n\n<p>En <strong>Valtellina<\/strong>Au contraire, le projet a pris les contours d'une v\u00e9ritable communaut\u00e9 : <strong>6 000 gar\u00e7ons<\/strong> Les participants ont \u00e9galement pu rencontrer des experts en mati\u00e8re de d\u00e9veloppement durable, de marketing sportif et de volontariat. Ici, Gen26 est devenu un laboratoire d'id\u00e9es, o\u00f9 le sport rencontre le territoire, la nourriture de qualit\u00e9 et la culture locale.<\/p>\n\n\n\n<h2 class=\"wp-block-heading\"><strong>Gen26 en dehors de la salle de classe : places, \u00e9v\u00e9nements et communaut\u00e9<\/strong><\/h2>\n\n\n\n<p>Mais Gen26 ne vit pas seulement entre les bureaux et les couloirs. Elle s'illumine \u00e9galement lors de grands \u00e9v\u00e9nements populaires, tels que l'Expo pour le sport \u00e0 Milan ou la Course pour l'inclusion, transformant les parcs et les places en salles de sport \u00e0 ciel ouvert.<\/p>\n\n\n\n<p>Et encore : le <strong>Semaine des jeux d'hiver<\/strong>avec des centaines d'\u00e9coles impliqu\u00e9es, a permis d'organiser des ateliers, des jeux et des rencontres culturelles dans toute l'Italie. Un v\u00e9ritable compte \u00e0 rebours partag\u00e9 vers les Jeux de 2026.<\/p>\n\n\n\n<p>En Lombardie et en V\u00e9n\u00e9tie, les Troph\u00e9es Milan Cortina 2026 ont rassembl\u00e9 plus de 40 000 \u00e9tudiants, transformant la Brera Arena de Milan en un festival du sport et de la jeunesse.<\/p>\n\n\n\n<h2 class=\"wp-block-heading\"><strong>Une g\u00e9n\u00e9ration qui porte le nom des Jeux<\/strong><\/h2>\n\n\n\n<p>Le nom <strong>G\u00e9n\u00e9ration 26<\/strong> n'est pas le fruit du hasard : elle \u00e9voque une g\u00e9n\u00e9ration qui sera adulte en 2026, lorsque les Jeux illumineront Milan, Cortina et toutes les Alpes italiennes. Des gar\u00e7ons et des filles qui sont aujourd'hui assis dans des bureaux, mais qui deviendront bient\u00f4t des volontaires, des spectateurs, des professionnels et des citoyens du monde olympique.<\/p>\n\n\n\n<p>Il y a ceux qui r\u00eavent de concourir, ceux qui r\u00eavent de faire des reportages sur les Jeux olympiques en tant que journaliste, ceux qui r\u00eavent de les vivre en tant que b\u00e9n\u00e9vole pour l'organisation des Jeux olympiques et paralympiques. <strong>\u00c9quipe26<\/strong>. Cependant, ils partagent tous un parcours commun : grandir avec un bagage de valeurs qui va bien au-del\u00e0 du sport.<\/p>\n\n\n\n<h2 class=\"wp-block-heading\"><strong>Un h\u00e9ritage qui perdure<\/strong><\/h2>\n\n\n\n<p>L'aspect le plus extraordinaire de Gen26 est que son impact ne s'arr\u00eatera pas \u00e0 la fin de l'ann\u00e9e. <strong>6 f\u00e9vrier 2026<\/strong>lorsque le brasier olympique sera allum\u00e9 au stade de San Siro. Il restera dans les enfants, dans les enseignants, dans les communaut\u00e9s qui ont particip\u00e9 au voyage.<\/p>\n\n\n\n<p>Chaque atelier, chaque t\u00e9moignage, chaque journ\u00e9e d\u00e9di\u00e9e est une graine plant\u00e9e : une graine de respect, d'inclusion, d'amour pour le sport et l'environnement. Un h\u00e9ritage que Milan-Cortina laissera au pays bien plus durable qu'un record sportif.<\/p>\n\n\n\n<p><strong>G\u00e9n\u00e9ration 26 <\/strong>est une histoire sur l'avenir<strong>.<\/strong> C'est l'histoire d'une Italie qui ne se contente pas d'accueillir les Jeux, mais qui les vit et les transmet aux nouvelles g\u00e9n\u00e9rations. C'est la d\u00e9monstration que le sport n'est pas seulement une comp\u00e9tition, mais aussi une \u00e9ducation, une croissance et une communaut\u00e9.<\/p>\n\n\n\n<p>Lorsqu'en 2026 la flamme olympique brillera dans les montagnes, ce ne sera pas seulement la lumi\u00e8re des Jeux qui illuminera le pays : ce sera la lumi\u00e8re de milliers de gar\u00e7ons et de filles qui auront appris \u00e0 croire aux valeurs olympiques et \u00e0 les porter avec eux dans leur vie quotidienne.<\/p>\n\n\n\n<figure class=\"wp-block-embed is-type-video is-provider-youtube wp-block-embed-youtube wp-embed-aspect-16-9 wp-has-aspect-ratio\"><div class=\"wp-block-embed__wrapper\">\n<iframe loading=\"lazy\" title=\"Programme \u00e9ducatif #Gen26 : Milan Cortina 2026 dans les \u00e9coles d&#039;Italie\" width=\"500\" height=\"281\" src=\"https:\/\/www.youtube.com\/embed\/vrRSbF_hL4w?feature=oembed\" frameborder=\"0\" allow=\"accelerometer; autoplay; clipboard-write; encrypted-media; gyroscope; picture-in-picture; web-share\" referrerpolicy=\"strict-origin-when-cross-origin\" allowfullscreen><\/iframe>\n<\/div><\/figure>\n<div class=\"amc-dopo-il-contenuto\" id=\"amc-3512659363\"><script type=\"text\/plain\" data-tcf=\"waiting-for-consent\" data-id=\"1033\" data-bid=\"1\">PGRpdiBpZD0iYW1jLTQxMTQ2Njc1NzciPjxzY3JpcHQgYXN5bmMgc3JjPSIvL3BhZ2VhZDIuZ29vZ2xlc3luZGljYXRpb24uY29tL3BhZ2VhZC9qcy9hZHNieWdvb2dsZS5qcz9jbGllbnQ9Y2EtcHViLTQ0MDExNDUwMjc1MzkxMTUiIGNyb3Nzb3JpZ2luPSJhbm9ueW1vdXMiPjwvc2NyaXB0PjxpbnMgY2xhc3M9ImFkc2J5Z29vZ2xlIiBzdHlsZT0iZGlzcGxheTpibG9jazsiIGRhdGEtYWQtY2xpZW50PSJjYS1wdWItNDQwMTE0NTAyNzUzOTExNSIgCmRhdGEtYWQtc2xvdD0iIiAKZGF0YS1hZC1mb3JtYXQ9ImF1dG8iIGRhdGEtZnVsbC13aWR0aC1yZXNwb25zaXZlPSJ0cnVlIj48L2lucz4KPHNjcmlwdD4gCihhZHNieWdvb2dsZSA9IHdpbmRvdy5hZHNieWdvb2dsZSB8fCBbXSkucHVzaCh7fSk7IAo8L3NjcmlwdD4KPC9kaXY+<\/script><\/div>","protected":false},"excerpt":{"rendered":"<p>C\u2019\u00e8 un\u2019Olimpiade che si prepara non soltanto con piste innevate, palazzetti e villaggi per gli atleti, ma anche dentro le aule scolastiche, tra zaini colorati, lavagne e voci di studenti curiosi. \u00c8 qui che prende vita Gen26, il programma educativo che accompagna le nuove generazioni verso i Giochi Olimpici e Paralimpici Invernali di Milano-Cortina 2026. [&hellip;]<\/p>","protected":false},"author":3,"featured_media":926,"comment_status":"open","ping_status":"closed","sticky":false,"template":"","format":"standard","meta":{"_acf_changed":false,"footnotes":""},"categories":[16,7,1],"tags":[],"class_list":["post-922","post","type-post","status-publish","format-standard","has-post-thumbnail","hentry","category-notizie-e-approfondimenti","category-milano-e-cortina","category-notizie-e-aggiornamenti"],"acf":[],"_links":{"self":[{"href":"https:\/\/aspettandomilanocortina2026.it\/fr\/wp-json\/wp\/v2\/posts\/922","targetHints":{"allow":["GET"]}}],"collection":[{"href":"https:\/\/aspettandomilanocortina2026.it\/fr\/wp-json\/wp\/v2\/posts"}],"about":[{"href":"https:\/\/aspettandomilanocortina2026.it\/fr\/wp-json\/wp\/v2\/types\/post"}],"author":[{"embeddable":true,"href":"https:\/\/aspettandomilanocortina2026.it\/fr\/wp-json\/wp\/v2\/users\/3"}],"replies":[{"embeddable":true,"href":"https:\/\/aspettandomilanocortina2026.it\/fr\/wp-json\/wp\/v2\/comments?post=922"}],"version-history":[{"count":4,"href":"https:\/\/aspettandomilanocortina2026.it\/fr\/wp-json\/wp\/v2\/posts\/922\/revisions"}],"predecessor-version":[{"id":931,"href":"https:\/\/aspettandomilanocortina2026.it\/fr\/wp-json\/wp\/v2\/posts\/922\/revisions\/931"}],"wp:featuredmedia":[{"embeddable":true,"href":"https:\/\/aspettandomilanocortina2026.it\/fr\/wp-json\/wp\/v2\/media\/926"}],"wp:attachment":[{"href":"https:\/\/aspettandomilanocortina2026.it\/fr\/wp-json\/wp\/v2\/media?parent=922"}],"wp:term":[{"taxonomy":"category","embeddable":true,"href":"https:\/\/aspettandomilanocortina2026.it\/fr\/wp-json\/wp\/v2\/categories?post=922"},{"taxonomy":"post_tag","embeddable":true,"href":"https:\/\/aspettandomilanocortina2026.it\/fr\/wp-json\/wp\/v2\/tags?post=922"}],"curies":[{"name":"wp","href":"https:\/\/api.w.org\/{rel}","templated":true}]}}