{"id":915,"date":"2025-08-14T15:03:41","date_gmt":"2025-08-14T13:03:41","guid":{"rendered":"https:\/\/aspettandomilanocortina2026.it\/?p=915"},"modified":"2025-08-14T15:03:43","modified_gmt":"2025-08-14T13:03:43","slug":"une-finale-palpitante-le-paris-saint-germain-remporte-la-supercoupe-de-luefa-a-udine","status":"publish","type":"post","link":"https:\/\/aspettandomilanocortina2026.it\/fr\/une-finale-palpitante-le-paris-saint-germain-remporte-la-supercoupe-de-luefa-a-udine\/","title":{"rendered":"Une finale palpitante : le Paris Saint-Germain remporte la Super Coupe de l'UEFA \u00e0 Udine"},"content":{"rendered":"<script type=\"text\/plain\" data-tcf=\"waiting-for-consent\" data-id=\"1033\" data-bid=\"1\" data-placement=\"1034\">PGRpdiBpZD0iYW1jLTIxOTIzMDMwNTQiIGNsYXNzPSJhbWMtcHJpbWEtZGVsLWNvbnRlbnV0byI+PHNjcmlwdCBhc3luYyBzcmM9Ii8vcGFnZWFkMi5nb29nbGVzeW5kaWNhdGlvbi5jb20vcGFnZWFkL2pzL2Fkc2J5Z29vZ2xlLmpzP2NsaWVudD1jYS1wdWItNDQwMTE0NTAyNzUzOTExNSIgY3Jvc3NvcmlnaW49ImFub255bW91cyI+PC9zY3JpcHQ+PGlucyBjbGFzcz0iYWRzYnlnb29nbGUiIHN0eWxlPSJkaXNwbGF5OmJsb2NrOyIgZGF0YS1hZC1jbGllbnQ9ImNhLXB1Yi00NDAxMTQ1MDI3NTM5MTE1IiAKZGF0YS1hZC1zbG90PSIiIApkYXRhLWFkLWZvcm1hdD0iYXV0byIgZGF0YS1mdWxsLXdpZHRoLXJlc3BvbnNpdmU9InRydWUiPjwvaW5zPgo8c2NyaXB0PiAKKGFkc2J5Z29vZ2xlID0gd2luZG93LmFkc2J5Z29vZ2xlIHx8IFtdKS5wdXNoKHt9KTsgCjwvc2NyaXB0Pgo8L2Rpdj4=<\/script>\n<p>Udine, 13 ao\u00fbt 2025 Le stade Friuli a accueilli une soir\u00e9e de football historique : le Paris Saint-Germain a soulev\u00e9 la Super Coupe de l'UEFA en battant Tottenham aux tirs au but apr\u00e8s un retentissant match nul 2-2 dans le temps r\u00e9glementaire.<\/p><script type=\"text\/plain\" data-tcf=\"waiting-for-consent\" data-id=\"1037\" data-bid=\"1\" data-placement=\"726\">PGRpdiBpZD0iYW1jLTI0ODIxMzgyMiIgY2xhc3M9ImFtYy1wb3N0LWNvbnRlbnQiIHN0eWxlPSJtYXJnaW4tbGVmdDogYXV0bzttYXJnaW4tcmlnaHQ6IGF1dG87dGV4dC1hbGlnbjogY2VudGVyOyI+PHNjcmlwdCBhc3luYyBzcmM9Ii8vcGFnZWFkMi5nb29nbGVzeW5kaWNhdGlvbi5jb20vcGFnZWFkL2pzL2Fkc2J5Z29vZ2xlLmpzP2NsaWVudD1jYS1wdWItNDQwMTE0NTAyNzUzOTExNSIgY3Jvc3NvcmlnaW49ImFub255bW91cyI+PC9zY3JpcHQ+PGlucyBjbGFzcz0iYWRzYnlnb29nbGUiIHN0eWxlPSJkaXNwbGF5OmJsb2NrOyIgZGF0YS1hZC1jbGllbnQ9ImNhLXB1Yi00NDAxMTQ1MDI3NTM5MTE1IiAKZGF0YS1hZC1zbG90PSI4MDIwNTgzNzkzIiAKZGF0YS1hZC1mb3JtYXQ9ImF1dG8iIGRhdGEtZnVsbC13aWR0aC1yZXNwb25zaXZlPSJ0cnVlIj48L2lucz4KPHNjcmlwdD4gCihhZHNieWdvb2dsZSA9IHdpbmRvdy5hZHNieWdvb2dsZSB8fCBbXSkucHVzaCh7fSk7IAo8L3NjcmlwdD4KPC9kaXY+PGJyIHN0eWxlPSJjbGVhcjogYm90aDsgZGlzcGxheTogYmxvY2s7IGZsb2F0OiBub25lOyIvPg==<\/script>\n\n\n\n<h2 class=\"wp-block-heading\"><strong>Un retour \u00e9pique<\/strong><\/h2>\n\n\n\n<p>Tottenham a domin\u00e9 pendant 85 minutes : Van de Ven a d\u00e9bloqu\u00e9 le match \u00e0 la 39\u2032 avec une claquette sur un rebond du gardien adverse, et Romero a doubl\u00e9 la mise \u00e0 la 48\u2032 avec une t\u00eate prise en faveur de Friuli.<\/p><script type=\"text\/plain\" data-tcf=\"waiting-for-consent\" data-id=\"1033\" data-bid=\"1\" data-placement=\"985\">PGRpdiBpZD0iYW1jLTIxMTgxOTI4OTAiIGNsYXNzPSJhbWMtbWgtbWlkIj48c2NyaXB0IGFzeW5jIHNyYz0iLy9wYWdlYWQyLmdvb2dsZXN5bmRpY2F0aW9uLmNvbS9wYWdlYWQvanMvYWRzYnlnb29nbGUuanM\/Y2xpZW50PWNhLXB1Yi00NDAxMTQ1MDI3NTM5MTE1IiBjcm9zc29yaWdpbj0iYW5vbnltb3VzIj48L3NjcmlwdD48aW5zIGNsYXNzPSJhZHNieWdvb2dsZSIgc3R5bGU9ImRpc3BsYXk6YmxvY2s7IiBkYXRhLWFkLWNsaWVudD0iY2EtcHViLTQ0MDExNDUwMjc1MzkxMTUiIApkYXRhLWFkLXNsb3Q9IiIgCmRhdGEtYWQtZm9ybWF0PSJhdXRvIiBkYXRhLWZ1bGwtd2lkdGgtcmVzcG9uc2l2ZT0idHJ1ZSI+PC9pbnM+CjxzY3JpcHQ+IAooYWRzYnlnb29nbGUgPSB3aW5kb3cuYWRzYnlnb29nbGUgfHwgW10pLnB1c2goe30pOyAKPC9zY3JpcHQ+CjwvZGl2Pg==<\/script>\n\n\n\n<p>Mais la finale est entr\u00e9e dans la l\u00e9gende : \u00e0 la 85\u2032, Lee Kang-In r\u00e9duit le score d'une frappe du gauche de l'ext\u00e9rieur de la surface. Puis, \u00e0 la 94\u2032, Gon\u00e7alo Ramos profite d'un centre parfait de Demb\u00e9l\u00e9 et \u00e9galise de la t\u00eate, inversant le r\u00e9sultat et amenant le match aux tirs au but.<\/p>\n\n\n\n<h2 class=\"wp-block-heading\"><strong>La loterie des p\u00e9nalit\u00e9s<\/strong><\/h2>\n\n\n\n<p>C'est le PSG qui s'est r\u00e9joui : l'\u00e9quipe fran\u00e7aise a gagn\u00e9 4-3 aux tirs au but, gr\u00e2ce \u00e0 des erreurs d\u00e9cisives de Van de Ven et Tel pour Tottenham et \u00e0 un arr\u00eat du gardien Chevalier, qui s'est rachet\u00e9 de ses erreurs pr\u00e9c\u00e9dentes.<\/p>\n\n\n\n<p>Il s'agit du premier troph\u00e9e de l'UEFA dans l'histoire du club : un triomphe qui marque un moment important dans son ascension europ\u00e9enne.<\/p>\n\n\n\n<h2 class=\"wp-block-heading\"><strong>Atmosph\u00e8re et contenu de l'\u00e9v\u00e9nement<\/strong><\/h2>\n\n\n\n<p>L'\u00e9v\u00e9nement a \u00e9t\u00e9 bien plus qu'un simple match : Udine a \u00e9t\u00e9 le protagoniste de la vague de l'esprit olympique du Frioul. Plus de 21 000 spectateurs ont assist\u00e9 \u00e0 la f\u00eate, qui comprenait des points de rencontre pour les supporters, des concerts, des DJ sets et le \"Trophy Experience\" distribu\u00e9 dans toute la r\u00e9gion.<\/p>\n\n\n\n<p>Le stade du Frioul a \u00e9t\u00e9 c\u00e9l\u00e9br\u00e9 comme un mod\u00e8le europ\u00e9en de durabilit\u00e9, l'un des plus avanc\u00e9s de son genre dans le monde. La Super Coupe de l'UEFA \u00e0 Udine a \u00e9t\u00e9 une f\u00eate du football et du spectacle : un retour impressionnant, un triomphe historique pour le PSG et un succ\u00e8s international pour le Frioul. Ce match a confirm\u00e9 qu'avec du caract\u00e8re et du c\u0153ur, chaque match peut \u00eatre renvers\u00e9 - et que le sport peut nous procurer des \u00e9motions inoubliables.<\/p>\n\n\n\n<figure class=\"wp-block-embed is-type-video is-provider-youtube wp-block-embed-youtube wp-embed-aspect-16-9 wp-has-aspect-ratio\"><div class=\"wp-block-embed__wrapper\">\n<iframe loading=\"lazy\" title=\"PSG-Tottenham 6-5 (AD) : buts et temps forts | Super Coupe d&#039;Europe\" width=\"500\" height=\"281\" src=\"https:\/\/www.youtube.com\/embed\/Cves56jFq0U?feature=oembed\" frameborder=\"0\" allow=\"accelerometer; autoplay; clipboard-write; encrypted-media; gyroscope; picture-in-picture; web-share\" referrerpolicy=\"strict-origin-when-cross-origin\" allowfullscreen><\/iframe>\n<\/div><\/figure>\n<div class=\"amc-dopo-il-contenuto\" id=\"amc-3688067785\"><script type=\"text\/plain\" data-tcf=\"waiting-for-consent\" data-id=\"1033\" data-bid=\"1\">PGRpdiBpZD0iYW1jLTI0OTMzMDE5OTgiPjxzY3JpcHQgYXN5bmMgc3JjPSIvL3BhZ2VhZDIuZ29vZ2xlc3luZGljYXRpb24uY29tL3BhZ2VhZC9qcy9hZHNieWdvb2dsZS5qcz9jbGllbnQ9Y2EtcHViLTQ0MDExNDUwMjc1MzkxMTUiIGNyb3Nzb3JpZ2luPSJhbm9ueW1vdXMiPjwvc2NyaXB0PjxpbnMgY2xhc3M9ImFkc2J5Z29vZ2xlIiBzdHlsZT0iZGlzcGxheTpibG9jazsiIGRhdGEtYWQtY2xpZW50PSJjYS1wdWItNDQwMTE0NTAyNzUzOTExNSIgCmRhdGEtYWQtc2xvdD0iIiAKZGF0YS1hZC1mb3JtYXQ9ImF1dG8iIGRhdGEtZnVsbC13aWR0aC1yZXNwb25zaXZlPSJ0cnVlIj48L2lucz4KPHNjcmlwdD4gCihhZHNieWdvb2dsZSA9IHdpbmRvdy5hZHNieWdvb2dsZSB8fCBbXSkucHVzaCh7fSk7IAo8L3NjcmlwdD4KPC9kaXY+<\/script><\/div>","protected":false},"excerpt":{"rendered":"<p>Udine, 13 agosto 2025 lo stadio Friuli ha ospitato una serata storica di calcio: il Paris Saint-Germain ha alzato al cielo la Supercoppa UEFA, superando ai rigori il Tottenham dopo il clamoroso 2-2 nei tempi regolamentari. Una rimonta epica Il Tottenham ha dominato per 85 minuti: Van de Ven sblocca la partita al 39\u2032 con [&hellip;]<\/p>","protected":false},"author":3,"featured_media":917,"comment_status":"open","ping_status":"closed","sticky":false,"template":"","format":"standard","meta":{"_acf_changed":false,"footnotes":""},"categories":[16,1],"tags":[],"class_list":["post-915","post","type-post","status-publish","format-standard","has-post-thumbnail","hentry","category-notizie-e-approfondimenti","category-notizie-e-aggiornamenti"],"acf":[],"_links":{"self":[{"href":"https:\/\/aspettandomilanocortina2026.it\/fr\/wp-json\/wp\/v2\/posts\/915","targetHints":{"allow":["GET"]}}],"collection":[{"href":"https:\/\/aspettandomilanocortina2026.it\/fr\/wp-json\/wp\/v2\/posts"}],"about":[{"href":"https:\/\/aspettandomilanocortina2026.it\/fr\/wp-json\/wp\/v2\/types\/post"}],"author":[{"embeddable":true,"href":"https:\/\/aspettandomilanocortina2026.it\/fr\/wp-json\/wp\/v2\/users\/3"}],"replies":[{"embeddable":true,"href":"https:\/\/aspettandomilanocortina2026.it\/fr\/wp-json\/wp\/v2\/comments?post=915"}],"version-history":[{"count":1,"href":"https:\/\/aspettandomilanocortina2026.it\/fr\/wp-json\/wp\/v2\/posts\/915\/revisions"}],"predecessor-version":[{"id":918,"href":"https:\/\/aspettandomilanocortina2026.it\/fr\/wp-json\/wp\/v2\/posts\/915\/revisions\/918"}],"wp:featuredmedia":[{"embeddable":true,"href":"https:\/\/aspettandomilanocortina2026.it\/fr\/wp-json\/wp\/v2\/media\/917"}],"wp:attachment":[{"href":"https:\/\/aspettandomilanocortina2026.it\/fr\/wp-json\/wp\/v2\/media?parent=915"}],"wp:term":[{"taxonomy":"category","embeddable":true,"href":"https:\/\/aspettandomilanocortina2026.it\/fr\/wp-json\/wp\/v2\/categories?post=915"},{"taxonomy":"post_tag","embeddable":true,"href":"https:\/\/aspettandomilanocortina2026.it\/fr\/wp-json\/wp\/v2\/tags?post=915"}],"curies":[{"name":"wp","href":"https:\/\/api.w.org\/{rel}","templated":true}]}}