{"id":904,"date":"2025-08-14T14:40:31","date_gmt":"2025-08-14T12:40:31","guid":{"rendered":"https:\/\/aspettandomilanocortina2026.it\/?p=904"},"modified":"2025-08-14T15:05:08","modified_gmt":"2025-08-14T13:05:08","slug":"syracuse-accueille-la-torche-olympique-histoire-mer-et-passion-sportive","status":"publish","type":"post","link":"https:\/\/aspettandomilanocortina2026.it\/fr\/syracuse-accueille-la-torche-olympique-histoire-mer-et-passion-sportive\/","title":{"rendered":"Syracuse accueille la flamme olympique : histoire, mer et passion sportive"},"content":{"rendered":"<script type=\"text\/plain\" data-tcf=\"waiting-for-consent\" data-id=\"1033\" data-bid=\"1\" data-placement=\"1034\">PGRpdiBpZD0iYW1jLTE1MjIyNzcyNDAiIGNsYXNzPSJhbWMtcHJpbWEtZGVsLWNvbnRlbnV0byI+PHNjcmlwdCBhc3luYyBzcmM9Ii8vcGFnZWFkMi5nb29nbGVzeW5kaWNhdGlvbi5jb20vcGFnZWFkL2pzL2Fkc2J5Z29vZ2xlLmpzP2NsaWVudD1jYS1wdWItNDQwMTE0NTAyNzUzOTExNSIgY3Jvc3NvcmlnaW49ImFub255bW91cyI+PC9zY3JpcHQ+PGlucyBjbGFzcz0iYWRzYnlnb29nbGUiIHN0eWxlPSJkaXNwbGF5OmJsb2NrOyIgZGF0YS1hZC1jbGllbnQ9ImNhLXB1Yi00NDAxMTQ1MDI3NTM5MTE1IiAKZGF0YS1hZC1zbG90PSIiIApkYXRhLWFkLWZvcm1hdD0iYXV0byIgZGF0YS1mdWxsLXdpZHRoLXJlc3BvbnNpdmU9InRydWUiPjwvaW5zPgo8c2NyaXB0PiAKKGFkc2J5Z29vZ2xlID0gd2luZG93LmFkc2J5Z29vZ2xlIHx8IFtdKS5wdXNoKHt9KTsgCjwvc2NyaXB0Pgo8L2Rpdj4=<\/script>\n<p>Syracuse, 17 d\u00e9cembre 2025 Le parcours de la flamme olympique de Milan Cortina 2026 continue d'entrem\u00ealer sport et culture, et le 17 d\u00e9cembre, elle s'arr\u00eatera \u00e0 Syracuse, l'une des villes les plus fascinantes et les plus riches en histoire de la M\u00e9diterran\u00e9e. Ici, entre le bleu intense de la mer et les vestiges d'une civilisation mill\u00e9naire, le passage du feu olympique se transformera en une v\u00e9ritable c\u00e9l\u00e9bration collective.<\/p><script type=\"text\/plain\" data-tcf=\"waiting-for-consent\" data-id=\"1037\" data-bid=\"1\" data-placement=\"726\">PGRpdiBpZD0iYW1jLTE0NzUzMTkxOTAiIGNsYXNzPSJhbWMtcG9zdC1jb250ZW50IiBzdHlsZT0ibWFyZ2luLWxlZnQ6IGF1dG87bWFyZ2luLXJpZ2h0OiBhdXRvO3RleHQtYWxpZ246IGNlbnRlcjsiPjxzY3JpcHQgYXN5bmMgc3JjPSIvL3BhZ2VhZDIuZ29vZ2xlc3luZGljYXRpb24uY29tL3BhZ2VhZC9qcy9hZHNieWdvb2dsZS5qcz9jbGllbnQ9Y2EtcHViLTQ0MDExNDUwMjc1MzkxMTUiIGNyb3Nzb3JpZ2luPSJhbm9ueW1vdXMiPjwvc2NyaXB0PjxpbnMgY2xhc3M9ImFkc2J5Z29vZ2xlIiBzdHlsZT0iZGlzcGxheTpibG9jazsiIGRhdGEtYWQtY2xpZW50PSJjYS1wdWItNDQwMTE0NTAyNzUzOTExNSIgCmRhdGEtYWQtc2xvdD0iODAyMDU4Mzc5MyIgCmRhdGEtYWQtZm9ybWF0PSJhdXRvIiBkYXRhLWZ1bGwtd2lkdGgtcmVzcG9uc2l2ZT0idHJ1ZSI+PC9pbnM+CjxzY3JpcHQ+IAooYWRzYnlnb29nbGUgPSB3aW5kb3cuYWRzYnlnb29nbGUgfHwgW10pLnB1c2goe30pOyAKPC9zY3JpcHQ+CjwvZGl2PjxiciBzdHlsZT0iY2xlYXI6IGJvdGg7IGRpc3BsYXk6IGJsb2NrOyBmbG9hdDogbm9uZTsiLz4=<\/script>\n\n\n\n<h2 class=\"wp-block-heading\"><strong>Un voyage \u00e0 travers l'histoire et la mer<\/strong><\/h2>\n\n\n\n<p>Le voyage de la flamme de Syracuse sera un voyage dans la beaut\u00e9 : de la<strong>\u00cele d'Ortigia<\/strong>c\u0153ur de la ville et site du patrimoine de l'UNESCO, jusqu'\u00e0 ce que les <strong>Parc arch\u00e9ologique de Neapolis<\/strong>o\u00f9 se trouve le c\u00e9l\u00e8bre th\u00e9\u00e2tre grec. La flamme traversera des ruelles anciennes et des vues maritimes, accompagn\u00e9e par la chaleur de la population et les couleurs vives des traditions locales.<\/p><script type=\"text\/plain\" data-tcf=\"waiting-for-consent\" data-id=\"1033\" data-bid=\"1\" data-placement=\"985\">PGRpdiBpZD0iYW1jLTI3MjI4Mzk0ODEiIGNsYXNzPSJhbWMtbWgtbWlkIj48c2NyaXB0IGFzeW5jIHNyYz0iLy9wYWdlYWQyLmdvb2dsZXN5bmRpY2F0aW9uLmNvbS9wYWdlYWQvanMvYWRzYnlnb29nbGUuanM\/Y2xpZW50PWNhLXB1Yi00NDAxMTQ1MDI3NTM5MTE1IiBjcm9zc29yaWdpbj0iYW5vbnltb3VzIj48L3NjcmlwdD48aW5zIGNsYXNzPSJhZHNieWdvb2dsZSIgc3R5bGU9ImRpc3BsYXk6YmxvY2s7IiBkYXRhLWFkLWNsaWVudD0iY2EtcHViLTQ0MDExNDUwMjc1MzkxMTUiIApkYXRhLWFkLXNsb3Q9IiIgCmRhdGEtYWQtZm9ybWF0PSJhdXRvIiBkYXRhLWZ1bGwtd2lkdGgtcmVzcG9uc2l2ZT0idHJ1ZSI+PC9pbnM+CjxzY3JpcHQ+IAooYWRzYnlnb29nbGUgPSB3aW5kb3cuYWRzYnlnb29nbGUgfHwgW10pLnB1c2goe30pOyAKPC9zY3JpcHQ+CjwvZGl2Pg==<\/script>\n\n\n\n<p>Tout au long du parcours, des dizaines de porteurs de torches passeront devant le feu sacr\u00e9, symbole d'unit\u00e9 et de paix, avec des arr\u00eats symboliques \u00e0 des endroits embl\u00e9matiques tels que la source Arethusa et la promenade de Levante, o\u00f9 la lueur de la flamme se confondra avec celle du coucher de soleil.<\/p>\n\n\n\n<h2 class=\"wp-block-heading\"><strong>Syracuse, un pont entre le pass\u00e9 et l'avenir<\/strong><\/h2>\n\n\n\n<p>Pour Syracuse, accueillir la flamme olympique repr\u00e9sente bien plus qu'une simple \u00e9tape sportive : c'est l'occasion de raconter au monde son histoire, depuis ses racines grecques jusqu'\u00e0 son identit\u00e9 contemporaine, faite de culture, de tourisme et d'innovation. Le passage de la flamme sera \u00e9galement un moment de promotion pour la r\u00e9gion, qui attirera des visiteurs et des m\u00e9dias nationaux et internationaux.<\/p>\n\n\n\n<h2 class=\"wp-block-heading\"><strong>Go\u00fbts, sons et traditions<\/strong><\/h2>\n\n\n\n<p>Les personnes qui suivront le parcours pourront \u00e9galement se plonger dans les saveurs typiques de la cuisine de Syracuse : granit\u00e9s aux agrumes, arancini, poisson frais et les fameuses p\u00e2tes aux oursins. Les rues se rempliront de musique, de chorales et de danses populaires, transformant cette journ\u00e9e en une f\u00eate g\u00e9n\u00e9ralis\u00e9e.<\/p>\n\n\n\n<h2 class=\"wp-block-heading\"><strong>Vers Milan Cortina 2026<\/strong><\/h2>\n\n\n\n<p>Apr\u00e8s Syracuse, la flamme poursuivra son voyage vers les \u00e9tapes siciliennes suivantes, apportant avec elle l'\u00e9nergie du Sud et la chaleur du peuple sicilien. L'arriv\u00e9e \u00e0 Milan, le 6 f\u00e9vrier 2026, pour la c\u00e9r\u00e9monie inaugurale au stade San Siro, sera le point culminant de ce long voyage qui a commenc\u00e9 quelques mois plus t\u00f4t, unissant l'Italie du Nord au Sud sous le signe du sport.<\/p>\n\n\n\n<figure class=\"wp-block-embed is-type-video is-provider-youtube wp-block-embed-youtube wp-embed-aspect-16-9 wp-has-aspect-ratio\"><div class=\"wp-block-embed__wrapper\">\n<iframe loading=\"lazy\" title=\"10 choses \u00e0 voir \u00e0 SYRACUSE - GUIDE TOURISTIQUE\" width=\"500\" height=\"281\" src=\"https:\/\/www.youtube.com\/embed\/XoR3aJidj_A?feature=oembed\" frameborder=\"0\" allow=\"accelerometer; autoplay; clipboard-write; encrypted-media; gyroscope; picture-in-picture; web-share\" referrerpolicy=\"strict-origin-when-cross-origin\" allowfullscreen><\/iframe>\n<\/div><\/figure>\n<div class=\"amc-dopo-il-contenuto\" id=\"amc-1672324862\"><script type=\"text\/plain\" data-tcf=\"waiting-for-consent\" data-id=\"1033\" data-bid=\"1\">PGRpdiBpZD0iYW1jLTIxNDkwMDczMTciPjxzY3JpcHQgYXN5bmMgc3JjPSIvL3BhZ2VhZDIuZ29vZ2xlc3luZGljYXRpb24uY29tL3BhZ2VhZC9qcy9hZHNieWdvb2dsZS5qcz9jbGllbnQ9Y2EtcHViLTQ0MDExNDUwMjc1MzkxMTUiIGNyb3Nzb3JpZ2luPSJhbm9ueW1vdXMiPjwvc2NyaXB0PjxpbnMgY2xhc3M9ImFkc2J5Z29vZ2xlIiBzdHlsZT0iZGlzcGxheTpibG9jazsiIGRhdGEtYWQtY2xpZW50PSJjYS1wdWItNDQwMTE0NTAyNzUzOTExNSIgCmRhdGEtYWQtc2xvdD0iIiAKZGF0YS1hZC1mb3JtYXQ9ImF1dG8iIGRhdGEtZnVsbC13aWR0aC1yZXNwb25zaXZlPSJ0cnVlIj48L2lucz4KPHNjcmlwdD4gCihhZHNieWdvb2dsZSA9IHdpbmRvdy5hZHNieWdvb2dsZSB8fCBbXSkucHVzaCh7fSk7IAo8L3NjcmlwdD4KPC9kaXY+<\/script><\/div>","protected":false},"excerpt":{"rendered":"<p>Siracusa, 17 dicembre 2025 il viaggio della Fiaccola Olimpica di Milano Cortina 2026 continua a intrecciare sport e cultura, e il 17 dicembre far\u00e0 tappa a Siracusa, una delle citt\u00e0 pi\u00f9 affascinanti e ricche di storia del Mediterraneo. Qui, tra il blu intenso del mare e i resti di una civilt\u00e0 millenaria, il passaggio del [&hellip;]<\/p>","protected":false},"author":3,"featured_media":911,"comment_status":"open","ping_status":"closed","sticky":false,"template":"","format":"standard","meta":{"_acf_changed":false,"footnotes":""},"categories":[5,1,16],"tags":[],"class_list":["post-904","post","type-post","status-publish","format-standard","has-post-thumbnail","hentry","category-guida-per-i-tifosi","category-notizie-e-aggiornamenti","category-notizie-e-approfondimenti"],"acf":[],"_links":{"self":[{"href":"https:\/\/aspettandomilanocortina2026.it\/fr\/wp-json\/wp\/v2\/posts\/904","targetHints":{"allow":["GET"]}}],"collection":[{"href":"https:\/\/aspettandomilanocortina2026.it\/fr\/wp-json\/wp\/v2\/posts"}],"about":[{"href":"https:\/\/aspettandomilanocortina2026.it\/fr\/wp-json\/wp\/v2\/types\/post"}],"author":[{"embeddable":true,"href":"https:\/\/aspettandomilanocortina2026.it\/fr\/wp-json\/wp\/v2\/users\/3"}],"replies":[{"embeddable":true,"href":"https:\/\/aspettandomilanocortina2026.it\/fr\/wp-json\/wp\/v2\/comments?post=904"}],"version-history":[{"count":4,"href":"https:\/\/aspettandomilanocortina2026.it\/fr\/wp-json\/wp\/v2\/posts\/904\/revisions"}],"predecessor-version":[{"id":920,"href":"https:\/\/aspettandomilanocortina2026.it\/fr\/wp-json\/wp\/v2\/posts\/904\/revisions\/920"}],"wp:featuredmedia":[{"embeddable":true,"href":"https:\/\/aspettandomilanocortina2026.it\/fr\/wp-json\/wp\/v2\/media\/911"}],"wp:attachment":[{"href":"https:\/\/aspettandomilanocortina2026.it\/fr\/wp-json\/wp\/v2\/media?parent=904"}],"wp:term":[{"taxonomy":"category","embeddable":true,"href":"https:\/\/aspettandomilanocortina2026.it\/fr\/wp-json\/wp\/v2\/categories?post=904"},{"taxonomy":"post_tag","embeddable":true,"href":"https:\/\/aspettandomilanocortina2026.it\/fr\/wp-json\/wp\/v2\/tags?post=904"}],"curies":[{"name":"wp","href":"https:\/\/api.w.org\/{rel}","templated":true}]}}