{"id":896,"date":"2025-08-10T20:38:14","date_gmt":"2025-08-10T18:38:14","guid":{"rendered":"https:\/\/aspettandomilanocortina2026.it\/?p=896"},"modified":"2025-08-10T20:38:16","modified_gmt":"2025-08-10T18:38:16","slug":"la-flamme-olympique-illumine-agrigento-le-16-decembre-le-coeur-des-temples-accueille-le-symbole-des-jeux","status":"publish","type":"post","link":"https:\/\/aspettandomilanocortina2026.it\/fr\/la-flamme-olympique-illumine-agrigento-le-16-decembre-le-coeur-des-temples-accueille-le-symbole-des-jeux\/","title":{"rendered":"La flamme olympique illumine Agrigente : le c\u0153ur des temples accueille le symbole des Jeux le 16 d\u00e9cembre"},"content":{"rendered":"<script type=\"text\/plain\" data-tcf=\"waiting-for-consent\" data-id=\"1033\" data-bid=\"1\" data-placement=\"1034\">PGRpdiBpZD0iYW1jLTM5Mjg3ODgzMTMiIGNsYXNzPSJhbWMtcHJpbWEtZGVsLWNvbnRlbnV0byI+PHNjcmlwdCBhc3luYyBzcmM9Ii8vcGFnZWFkMi5nb29nbGVzeW5kaWNhdGlvbi5jb20vcGFnZWFkL2pzL2Fkc2J5Z29vZ2xlLmpzP2NsaWVudD1jYS1wdWItNDQwMTE0NTAyNzUzOTExNSIgY3Jvc3NvcmlnaW49ImFub255bW91cyI+PC9zY3JpcHQ+PGlucyBjbGFzcz0iYWRzYnlnb29nbGUiIHN0eWxlPSJkaXNwbGF5OmJsb2NrOyIgZGF0YS1hZC1jbGllbnQ9ImNhLXB1Yi00NDAxMTQ1MDI3NTM5MTE1IiAKZGF0YS1hZC1zbG90PSIiIApkYXRhLWFkLWZvcm1hdD0iYXV0byIgZGF0YS1mdWxsLXdpZHRoLXJlc3BvbnNpdmU9InRydWUiPjwvaW5zPgo8c2NyaXB0PiAKKGFkc2J5Z29vZ2xlID0gd2luZG93LmFkc2J5Z29vZ2xlIHx8IFtdKS5wdXNoKHt9KTsgCjwvc2NyaXB0Pgo8L2Rpdj4=<\/script>\n<p>Agrigente, 16 d\u00e9cembre 2025 Apr\u00e8s l'enthousiasme de Palerme, le voyage de la flamme olympique de Milan Cortina 2026 se poursuit vers l'une des villes les plus fascinantes et les plus charg\u00e9es d'histoire de la M\u00e9diterran\u00e9e : Agrigente. C'est ici, au milieu de vestiges mill\u00e9naires et de panoramas alliant mer et arch\u00e9ologie, que la flamme s'arr\u00eatera dans un cadre unique, poursuivant son voyage vers le nord de l'Italie en vue de la c\u00e9r\u00e9monie inaugurale du 6 f\u00e9vrier 2026 au stade San Siro.<\/p><script type=\"text\/plain\" data-tcf=\"waiting-for-consent\" data-id=\"1037\" data-bid=\"1\" data-placement=\"726\">PGRpdiBpZD0iYW1jLTI1Mjg0MjM1NTAiIGNsYXNzPSJhbWMtcG9zdC1jb250ZW50IiBzdHlsZT0ibWFyZ2luLWxlZnQ6IGF1dG87bWFyZ2luLXJpZ2h0OiBhdXRvO3RleHQtYWxpZ246IGNlbnRlcjsiPjxzY3JpcHQgYXN5bmMgc3JjPSIvL3BhZ2VhZDIuZ29vZ2xlc3luZGljYXRpb24uY29tL3BhZ2VhZC9qcy9hZHNieWdvb2dsZS5qcz9jbGllbnQ9Y2EtcHViLTQ0MDExNDUwMjc1MzkxMTUiIGNyb3Nzb3JpZ2luPSJhbm9ueW1vdXMiPjwvc2NyaXB0PjxpbnMgY2xhc3M9ImFkc2J5Z29vZ2xlIiBzdHlsZT0iZGlzcGxheTpibG9jazsiIGRhdGEtYWQtY2xpZW50PSJjYS1wdWItNDQwMTE0NTAyNzUzOTExNSIgCmRhdGEtYWQtc2xvdD0iODAyMDU4Mzc5MyIgCmRhdGEtYWQtZm9ybWF0PSJhdXRvIiBkYXRhLWZ1bGwtd2lkdGgtcmVzcG9uc2l2ZT0idHJ1ZSI+PC9pbnM+CjxzY3JpcHQ+IAooYWRzYnlnb29nbGUgPSB3aW5kb3cuYWRzYnlnb29nbGUgfHwgW10pLnB1c2goe30pOyAKPC9zY3JpcHQ+CjwvZGl2PjxiciBzdHlsZT0iY2xlYXI6IGJvdGg7IGRpc3BsYXk6IGJsb2NrOyBmbG9hdDogbm9uZTsiLz4=<\/script>\n\n\n\n<h2 class=\"wp-block-heading\"><strong>Un voyage \u00e0 travers l'histoire et les mythes<\/strong><\/h2>\n\n\n\n<p>Le relais d'Agrigente passera par des lieux symboliques de la ville, avec un d\u00e9part pr\u00e9vu du <strong>Vall\u00e9e de la <\/strong>Temples, site de l'UNESCO et ic\u00f4ne de l'architecture dorique. La flamme, port\u00e9e de main en main par les relayeurs, parcourra les rues menant au centre historique, entre la Via Atenea, les places baroques et les points de vue panoramiques d'o\u00f9 l'on peut admirer la M\u00e9diterran\u00e9e. L'arriv\u00e9e sera accompagn\u00e9e d'\u00e9v\u00e9nements culturels et musicaux, destin\u00e9s \u00e0 c\u00e9l\u00e9brer la rencontre entre le sport et le patrimoine culturel.<\/p><script type=\"text\/plain\" data-tcf=\"waiting-for-consent\" data-id=\"1033\" data-bid=\"1\" data-placement=\"985\">PGRpdiBpZD0iYW1jLTM5MTEzNzA5MTciIGNsYXNzPSJhbWMtbWgtbWlkIj48c2NyaXB0IGFzeW5jIHNyYz0iLy9wYWdlYWQyLmdvb2dsZXN5bmRpY2F0aW9uLmNvbS9wYWdlYWQvanMvYWRzYnlnb29nbGUuanM\/Y2xpZW50PWNhLXB1Yi00NDAxMTQ1MDI3NTM5MTE1IiBjcm9zc29yaWdpbj0iYW5vbnltb3VzIj48L3NjcmlwdD48aW5zIGNsYXNzPSJhZHNieWdvb2dsZSIgc3R5bGU9ImRpc3BsYXk6YmxvY2s7IiBkYXRhLWFkLWNsaWVudD0iY2EtcHViLTQ0MDExNDUwMjc1MzkxMTUiIApkYXRhLWFkLXNsb3Q9IiIgCmRhdGEtYWQtZm9ybWF0PSJhdXRvIiBkYXRhLWZ1bGwtd2lkdGgtcmVzcG9uc2l2ZT0idHJ1ZSI+PC9pbnM+CjxzY3JpcHQ+IAooYWRzYnlnb29nbGUgPSB3aW5kb3cuYWRzYnlnb29nbGUgfHwgW10pLnB1c2goe30pOyAKPC9zY3JpcHQ+CjwvZGl2Pg==<\/script>\n\n\n\n<h2 class=\"wp-block-heading\"><strong>Les protagonistes<\/strong><\/h2>\n\n\n\n<p>Les porteurs de flambeau s\u00e9lectionn\u00e9s sont les suivants<\/p>\n\n\n\n<ul class=\"wp-block-list\">\n<li>Les athl\u00e8tes siciliens qui ont marqu\u00e9 l'histoire du sport national.<\/li>\n\n\n\n<li>B\u00e9n\u00e9voles et citoyens qui se sont distingu\u00e9s par leur engagement social.<\/li>\n\n\n\n<li>Des repr\u00e9sentants d'institutions et des visages connus de la culture.<\/li>\n<\/ul>\n\n\n\n<p>Chacun d'entre eux marchera environ 200 m\u00e8tres, transformant son parcours en une histoire de passion, d'identit\u00e9 et d'unit\u00e9.<\/p>\n\n\n\n<h2 class=\"wp-block-heading\"><strong>Agrigente \u00e0 vivre<\/strong><\/h2>\n\n\n\n<p>La sc\u00e8ne sera \u00e9galement l'occasion de d\u00e9couvrir ou de red\u00e9couvrir les merveilles de la ville :<\/p>\n\n\n\n<ul class=\"wp-block-list\">\n<li>\u00c0 voir : outre la vall\u00e9e des temples, le jardin de Kolymbethra, la cath\u00e9drale de San Gerlando, le monast\u00e8re de Santo Spirito et le quartier pittoresque de Rabato.<\/li>\n\n\n\n<li>Les d\u00e9gustations de produits typiques tels que les cannoli siciliens, les p\u00e2tes aux sardines, les minne di Sant'Agata et le couscous de poisson sont au programme.<\/li>\n\n\n\n<li>\u00c0 faire : participer \u00e0 des visites guid\u00e9es nocturnes parmi les temples illumin\u00e9s, assister \u00e0 des concerts en plein air et fl\u00e2ner parmi les \u00e9choppes d'artisanat local.<\/li>\n<\/ul>\n\n\n\n<h2 class=\"wp-block-heading\"><strong>Un pont entre le pass\u00e9 et l'avenir<\/strong><\/h2>\n\n\n\n<p>Le passage de la flamme \u00e0 Agrigente ne sera pas seulement un \u00e9v\u00e9nement sportif, mais un moment de connexion entre diff\u00e9rentes \u00e9poques : de la splendeur de l'ancienne Akragas \u00e0 la contemporan\u00e9it\u00e9 d'une ville vivante et projet\u00e9e vers l'avenir. Un signe que l'esprit olympique, avec ses valeurs de paix, de respect et de fraternit\u00e9, trouve un terrain fertile partout o\u00f9 il y a des communaut\u00e9s pr\u00eates \u00e0 l'accueillir.<\/p>\n\n\n\n<figure class=\"wp-block-embed is-type-video is-provider-youtube wp-block-embed-youtube wp-embed-aspect-16-9 wp-has-aspect-ratio\"><div class=\"wp-block-embed__wrapper\">\n<iframe loading=\"lazy\" title=\"10 choses \u00e0 voir \u00e0 AGRIGENTO - GUIDE TOURISTIQUE\" width=\"500\" height=\"281\" src=\"https:\/\/www.youtube.com\/embed\/_8hmAURAeTA?feature=oembed\" frameborder=\"0\" allow=\"accelerometer; autoplay; clipboard-write; encrypted-media; gyroscope; picture-in-picture; web-share\" referrerpolicy=\"strict-origin-when-cross-origin\" allowfullscreen><\/iframe>\n<\/div><\/figure>\n<div class=\"amc-dopo-il-contenuto\" id=\"amc-1401164822\"><script type=\"text\/plain\" data-tcf=\"waiting-for-consent\" data-id=\"1033\" data-bid=\"1\">PGRpdiBpZD0iYW1jLTc5Mjk4MDM0MiI+PHNjcmlwdCBhc3luYyBzcmM9Ii8vcGFnZWFkMi5nb29nbGVzeW5kaWNhdGlvbi5jb20vcGFnZWFkL2pzL2Fkc2J5Z29vZ2xlLmpzP2NsaWVudD1jYS1wdWItNDQwMTE0NTAyNzUzOTExNSIgY3Jvc3NvcmlnaW49ImFub255bW91cyI+PC9zY3JpcHQ+PGlucyBjbGFzcz0iYWRzYnlnb29nbGUiIHN0eWxlPSJkaXNwbGF5OmJsb2NrOyIgZGF0YS1hZC1jbGllbnQ9ImNhLXB1Yi00NDAxMTQ1MDI3NTM5MTE1IiAKZGF0YS1hZC1zbG90PSIiIApkYXRhLWFkLWZvcm1hdD0iYXV0byIgZGF0YS1mdWxsLXdpZHRoLXJlc3BvbnNpdmU9InRydWUiPjwvaW5zPgo8c2NyaXB0PiAKKGFkc2J5Z29vZ2xlID0gd2luZG93LmFkc2J5Z29vZ2xlIHx8IFtdKS5wdXNoKHt9KTsgCjwvc2NyaXB0Pgo8L2Rpdj4=<\/script><\/div>","protected":false},"excerpt":{"rendered":"<p>Agrigento, 16 dicembre 2025 dopo l\u2019entusiasmo di Palermo, il viaggio della Fiamma Olimpica di Milano Cortina 2026 prosegue verso una delle citt\u00e0 pi\u00f9 affascinanti e cariche di storia del Mediterraneo: Agrigento. Qui, tra vestigia millenarie e panorami che uniscono mare e archeologia, la torcia far\u00e0 tappa in un contesto unico al mondo, proseguendo il suo [&hellip;]<\/p>","protected":false},"author":3,"featured_media":898,"comment_status":"open","ping_status":"closed","sticky":false,"template":"","format":"standard","meta":{"_acf_changed":false,"footnotes":""},"categories":[5,1,16],"tags":[],"class_list":["post-896","post","type-post","status-publish","format-standard","has-post-thumbnail","hentry","category-guida-per-i-tifosi","category-notizie-e-aggiornamenti","category-notizie-e-approfondimenti"],"acf":[],"_links":{"self":[{"href":"https:\/\/aspettandomilanocortina2026.it\/fr\/wp-json\/wp\/v2\/posts\/896","targetHints":{"allow":["GET"]}}],"collection":[{"href":"https:\/\/aspettandomilanocortina2026.it\/fr\/wp-json\/wp\/v2\/posts"}],"about":[{"href":"https:\/\/aspettandomilanocortina2026.it\/fr\/wp-json\/wp\/v2\/types\/post"}],"author":[{"embeddable":true,"href":"https:\/\/aspettandomilanocortina2026.it\/fr\/wp-json\/wp\/v2\/users\/3"}],"replies":[{"embeddable":true,"href":"https:\/\/aspettandomilanocortina2026.it\/fr\/wp-json\/wp\/v2\/comments?post=896"}],"version-history":[{"count":1,"href":"https:\/\/aspettandomilanocortina2026.it\/fr\/wp-json\/wp\/v2\/posts\/896\/revisions"}],"predecessor-version":[{"id":899,"href":"https:\/\/aspettandomilanocortina2026.it\/fr\/wp-json\/wp\/v2\/posts\/896\/revisions\/899"}],"wp:featuredmedia":[{"embeddable":true,"href":"https:\/\/aspettandomilanocortina2026.it\/fr\/wp-json\/wp\/v2\/media\/898"}],"wp:attachment":[{"href":"https:\/\/aspettandomilanocortina2026.it\/fr\/wp-json\/wp\/v2\/media?parent=896"}],"wp:term":[{"taxonomy":"category","embeddable":true,"href":"https:\/\/aspettandomilanocortina2026.it\/fr\/wp-json\/wp\/v2\/categories?post=896"},{"taxonomy":"post_tag","embeddable":true,"href":"https:\/\/aspettandomilanocortina2026.it\/fr\/wp-json\/wp\/v2\/tags?post=896"}],"curies":[{"name":"wp","href":"https:\/\/api.w.org\/{rel}","templated":true}]}}