{"id":874,"date":"2025-08-06T12:03:50","date_gmt":"2025-08-06T11:03:50","guid":{"rendered":"https:\/\/aspettandomilanocortina2026.it\/?p=874"},"modified":"2025-08-06T12:17:54","modified_gmt":"2025-08-06T11:17:54","slug":"palerme-15-decembre-2025-la-torche-olympique-illumine-la-sicile","status":"publish","type":"post","link":"https:\/\/aspettandomilanocortina2026.it\/fr\/palerme-15-decembre-2025-la-torche-olympique-illumine-la-sicile\/","title":{"rendered":"Palerme, 15 d\u00e9cembre 2025 : la flamme olympique illumine la Sicile"},"content":{"rendered":"<script type=\"text\/plain\" data-tcf=\"waiting-for-consent\" data-id=\"1033\" data-bid=\"1\" data-placement=\"1034\">PGRpdiBpZD0iYW1jLTIwNDQ2OTc3OSIgY2xhc3M9ImFtYy1wcmltYS1kZWwtY29udGVudXRvIj48c2NyaXB0IGFzeW5jIHNyYz0iLy9wYWdlYWQyLmdvb2dsZXN5bmRpY2F0aW9uLmNvbS9wYWdlYWQvanMvYWRzYnlnb29nbGUuanM\/Y2xpZW50PWNhLXB1Yi00NDAxMTQ1MDI3NTM5MTE1IiBjcm9zc29yaWdpbj0iYW5vbnltb3VzIj48L3NjcmlwdD48aW5zIGNsYXNzPSJhZHNieWdvb2dsZSIgc3R5bGU9ImRpc3BsYXk6YmxvY2s7IiBkYXRhLWFkLWNsaWVudD0iY2EtcHViLTQ0MDExNDUwMjc1MzkxMTUiIApkYXRhLWFkLXNsb3Q9IiIgCmRhdGEtYWQtZm9ybWF0PSJhdXRvIiBkYXRhLWZ1bGwtd2lkdGgtcmVzcG9uc2l2ZT0idHJ1ZSI+PC9pbnM+CjxzY3JpcHQ+IAooYWRzYnlnb29nbGUgPSB3aW5kb3cuYWRzYnlnb29nbGUgfHwgW10pLnB1c2goe30pOyAKPC9zY3JpcHQ+CjwvZGl2Pg==<\/script>\n<p><strong>Palerme<\/strong> est pr\u00eate \u00e0 accueillir la flamme olympique de Milan Cortina 2026 le 15 d\u00e9cembre 2025, cinqui\u00e8me jour du passage en Sicile apr\u00e8s Nuoro (13 d\u00e9cembre) et Cagliari (14 d\u00e9cembre). Une journ\u00e9e charg\u00e9e de symbolisme, d'\u00e9motion et de valeur communautaire, exaltant l'identit\u00e9 territoriale et l'unit\u00e9 nationale.<\/p><script type=\"text\/plain\" data-tcf=\"waiting-for-consent\" data-id=\"1037\" data-bid=\"1\" data-placement=\"726\">PGRpdiBpZD0iYW1jLTE1OTI0MDAwNTMiIGNsYXNzPSJhbWMtcG9zdC1jb250ZW50IiBzdHlsZT0ibWFyZ2luLWxlZnQ6IGF1dG87bWFyZ2luLXJpZ2h0OiBhdXRvO3RleHQtYWxpZ246IGNlbnRlcjsiPjxzY3JpcHQgYXN5bmMgc3JjPSIvL3BhZ2VhZDIuZ29vZ2xlc3luZGljYXRpb24uY29tL3BhZ2VhZC9qcy9hZHNieWdvb2dsZS5qcz9jbGllbnQ9Y2EtcHViLTQ0MDExNDUwMjc1MzkxMTUiIGNyb3Nzb3JpZ2luPSJhbm9ueW1vdXMiPjwvc2NyaXB0PjxpbnMgY2xhc3M9ImFkc2J5Z29vZ2xlIiBzdHlsZT0iZGlzcGxheTpibG9jazsiIGRhdGEtYWQtY2xpZW50PSJjYS1wdWItNDQwMTE0NTAyNzUzOTExNSIgCmRhdGEtYWQtc2xvdD0iODAyMDU4Mzc5MyIgCmRhdGEtYWQtZm9ybWF0PSJhdXRvIiBkYXRhLWZ1bGwtd2lkdGgtcmVzcG9uc2l2ZT0idHJ1ZSI+PC9pbnM+CjxzY3JpcHQ+IAooYWRzYnlnb29nbGUgPSB3aW5kb3cuYWRzYnlnb29nbGUgfHwgW10pLnB1c2goe30pOyAKPC9zY3JpcHQ+CjwvZGl2PjxiciBzdHlsZT0iY2xlYXI6IGJvdGg7IGRpc3BsYXk6IGJsb2NrOyBmbG9hdDogbm9uZTsiLz4=<\/script>\n\n\n\n<p><strong>Un voyage national sans pr\u00e9c\u00e9dent<\/strong><\/p><script type=\"text\/plain\" data-tcf=\"waiting-for-consent\" data-id=\"1033\" data-bid=\"1\" data-placement=\"985\">PGRpdiBpZD0iYW1jLTM1OTAwNDk2MDIiIGNsYXNzPSJhbWMtbWgtbWlkIj48c2NyaXB0IGFzeW5jIHNyYz0iLy9wYWdlYWQyLmdvb2dsZXN5bmRpY2F0aW9uLmNvbS9wYWdlYWQvanMvYWRzYnlnb29nbGUuanM\/Y2xpZW50PWNhLXB1Yi00NDAxMTQ1MDI3NTM5MTE1IiBjcm9zc29yaWdpbj0iYW5vbnltb3VzIj48L3NjcmlwdD48aW5zIGNsYXNzPSJhZHNieWdvb2dsZSIgc3R5bGU9ImRpc3BsYXk6YmxvY2s7IiBkYXRhLWFkLWNsaWVudD0iY2EtcHViLTQ0MDExNDUwMjc1MzkxMTUiIApkYXRhLWFkLXNsb3Q9IiIgCmRhdGEtYWQtZm9ybWF0PSJhdXRvIiBkYXRhLWZ1bGwtd2lkdGgtcmVzcG9uc2l2ZT0idHJ1ZSI+PC9pbnM+CjxzY3JpcHQ+IAooYWRzYnlnb29nbGUgPSB3aW5kb3cuYWRzYnlnb29nbGUgfHwgW10pLnB1c2goe30pOyAKPC9zY3JpcHQ+CjwvZGl2Pg==<\/script>\n\n\n\n<p>La route de la Torche, baptis\u00e9e <strong>Le plus grand voyage<\/strong>En 63 jours, la course traversera la totalit\u00e9 de la botte italienne, avec 60 \u00e9tapes officielles et plus de 12 000 km parcourus. L'\u00e9tape de Palerme fait partie du segment sicilien qui passe \u00e9galement par Agrigente, Syracuse et Catane entre le 15 et le 18 d\u00e9cembre.<\/p>\n\n\n\n<p><strong>Itin\u00e9raire pr\u00e9vu \u00e0 Palerme<\/strong><\/p>\n\n\n\n<p>La flamme traversera des paysages \u00e9vocateurs, transformant la ville en une sc\u00e8ne du sport et de la m\u00e9moire :<\/p>\n\n\n\n<ul class=\"wp-block-list\">\n<li>D\u00e9part le matin de la Piazza Politeama ou du Th\u00e9\u00e2tre Massimo.<\/li>\n\n\n\n<li>Transit entre via Ruggero Settimo, Quattro Canti, via Vittorio Emanuele<\/li>\n\n\n\n<li>Arriv\u00e9e sur la place historique de Pretoria ou dans le quartier du jardin anglais, lieu de la c\u00e9r\u00e9monie officielle.<\/li>\n<\/ul>\n\n\n\n<p>Le long du parcours, il sera possible d'admirer la flamme entre des lieux symboliques tels que le <strong>Cath\u00e9drale<\/strong>les <strong>March\u00e9 de Ballar\u00f2<\/strong> et le panorama privil\u00e9gi\u00e9 de <strong>Monte Pellegrino<\/strong>.<\/p>\n\n\n\n<p><strong>Les protagonistes de la course de relais<\/strong><\/p>\n\n\n\n<p>Plus de 10 000 relayeurs porteront la flamme dans toute l'Italie : pour Palerme, 10 \u00e0 12 relayeurs s\u00e9lectionn\u00e9s parmi eux sont attendus :<\/p>\n\n\n\n<ul class=\"wp-block-list\">\n<li>Jeunes athl\u00e8tes locaux<\/li>\n\n\n\n<li>B\u00e9n\u00e9voles et \u00e9tudiants<\/li>\n\n\n\n<li>Repr\u00e9sentants des communaut\u00e9s culturelles siciliennes<\/li>\n\n\n\n<li>Un dernier porteur de flambeau surprise portera le flambeau \u00e0 la lumi\u00e8re du dernier brasier.<\/li>\n<\/ul>\n\n\n\n<p><strong>Une ville en f\u00eate : entre f\u00eate et communaut\u00e9<\/strong><\/p>\n\n\n\n<p>Palerme vivra une journ\u00e9e de c\u00e9l\u00e9bration collective, avec de nombreux \u00e9v\u00e9nements culturels et sportifs :<\/p>\n\n\n\n<ul class=\"wp-block-list\">\n<li>Spectacles folkloriques, musique en direct et installations multim\u00e9dias<\/li>\n\n\n\n<li>Ateliers pour enfants sur le th\u00e8me des Jeux olympiques<\/li>\n\n\n\n<li>Des coins sportifs sur les places pour promouvoir les disciplines hivernales \u00e9mergentes<\/li>\n\n\n\n<li>Stands d'information sur Milan Cortina 2026, avec un accent sur la durabilit\u00e9, l'inclusion et le tourisme responsable<\/li>\n\n\n\n<li><strong>\u00c0 ne pas manquer :<\/strong><\/li>\n<\/ul>\n\n\n\n<ul class=\"wp-block-list\">\n<li>La <strong>Cath\u00e9drale de Palerme<\/strong>Site du patrimoine de l'UNESCO, avec sa fusion des styles arabo-normand, gothique et baroque.<\/li>\n\n\n\n<li>Le <strong>Palais des Normands<\/strong> et le <strong>Chapelle Palatine<\/strong>d'authentiques joyaux de la mosa\u00efque byzantine.<\/li>\n\n\n\n<li>L'\u00e9vocation <strong>Quatre chansons<\/strong>c\u0153ur du centre historique, et le quartier anim\u00e9 de <strong>March\u00e9 de Ballar\u00f2<\/strong>o\u00f9 la tradition et la vie quotidienne se rejoignent.<\/li>\n\n\n\n<li>Une promenade \u00e0 <strong>Monte Pellegrino<\/strong>pour une vue imprenable sur le golfe, ou encore une visite \u00e0 la <strong>Jardin anglais<\/strong>l'un des points possibles du parcours de la flamme.<\/li>\n<\/ul>\n\n\n\n<figure class=\"wp-block-gallery has-nested-images columns-default is-cropped wp-block-gallery-1 is-layout-flex wp-block-gallery-is-layout-flex\">\n<figure class=\"wp-block-image size-large\"><img loading=\"lazy\" decoding=\"async\" width=\"1024\" height=\"706\" data-id=\"880\" src=\"https:\/\/aspettandomilanocortina2026.it\/wp-content\/uploads\/2025\/08\/pexels-adria-masi-461420600-20526956-1024x706.jpg\" alt=\"\" class=\"wp-image-880\" title=\"\" srcset=\"https:\/\/aspettandomilanocortina2026.it\/wp-content\/uploads\/2025\/08\/pexels-adria-masi-461420600-20526956-1024x706.jpg 1024w, https:\/\/aspettandomilanocortina2026.it\/wp-content\/uploads\/2025\/08\/pexels-adria-masi-461420600-20526956-300x207.jpg 300w, https:\/\/aspettandomilanocortina2026.it\/wp-content\/uploads\/2025\/08\/pexels-adria-masi-461420600-20526956-768x529.jpg 768w, https:\/\/aspettandomilanocortina2026.it\/wp-content\/uploads\/2025\/08\/pexels-adria-masi-461420600-20526956-1536x1058.jpg 1536w, https:\/\/aspettandomilanocortina2026.it\/wp-content\/uploads\/2025\/08\/pexels-adria-masi-461420600-20526956-2048x1411.jpg 2048w, https:\/\/aspettandomilanocortina2026.it\/wp-content\/uploads\/2025\/08\/pexels-adria-masi-461420600-20526956-18x12.jpg 18w, https:\/\/aspettandomilanocortina2026.it\/wp-content\/uploads\/2025\/08\/pexels-adria-masi-461420600-20526956-1200x827.jpg 1200w, https:\/\/aspettandomilanocortina2026.it\/wp-content\/uploads\/2025\/08\/pexels-adria-masi-461420600-20526956-600x413.jpg 600w\" sizes=\"auto, (max-width: 1024px) 100vw, 1024px\" \/><\/figure>\n\n\n\n<figure class=\"wp-block-image size-large\"><img loading=\"lazy\" decoding=\"async\" width=\"1024\" height=\"674\" data-id=\"883\" src=\"https:\/\/aspettandomilanocortina2026.it\/wp-content\/uploads\/2025\/08\/pexels-redrum-visuals-5819288-1024x674.jpg\" alt=\"\" class=\"wp-image-883\" title=\"\" srcset=\"https:\/\/aspettandomilanocortina2026.it\/wp-content\/uploads\/2025\/08\/pexels-redrum-visuals-5819288-1024x674.jpg 1024w, https:\/\/aspettandomilanocortina2026.it\/wp-content\/uploads\/2025\/08\/pexels-redrum-visuals-5819288-300x197.jpg 300w, https:\/\/aspettandomilanocortina2026.it\/wp-content\/uploads\/2025\/08\/pexels-redrum-visuals-5819288-768x505.jpg 768w, https:\/\/aspettandomilanocortina2026.it\/wp-content\/uploads\/2025\/08\/pexels-redrum-visuals-5819288-1536x1011.jpg 1536w, https:\/\/aspettandomilanocortina2026.it\/wp-content\/uploads\/2025\/08\/pexels-redrum-visuals-5819288-2048x1348.jpg 2048w, https:\/\/aspettandomilanocortina2026.it\/wp-content\/uploads\/2025\/08\/pexels-redrum-visuals-5819288-18x12.jpg 18w, https:\/\/aspettandomilanocortina2026.it\/wp-content\/uploads\/2025\/08\/pexels-redrum-visuals-5819288-1200x790.jpg 1200w, https:\/\/aspettandomilanocortina2026.it\/wp-content\/uploads\/2025\/08\/pexels-redrum-visuals-5819288-600x395.jpg 600w\" sizes=\"auto, (max-width: 1024px) 100vw, 1024px\" \/><\/figure>\n\n\n\n<figure class=\"wp-block-image size-large\"><img loading=\"lazy\" decoding=\"async\" width=\"683\" height=\"1024\" data-id=\"882\" src=\"https:\/\/aspettandomilanocortina2026.it\/wp-content\/uploads\/2025\/08\/pexels-bingqian-li-230971044-30036960-683x1024.jpg\" alt=\"\" class=\"wp-image-882\" title=\"\" srcset=\"https:\/\/aspettandomilanocortina2026.it\/wp-content\/uploads\/2025\/08\/pexels-bingqian-li-230971044-30036960-683x1024.jpg 683w, https:\/\/aspettandomilanocortina2026.it\/wp-content\/uploads\/2025\/08\/pexels-bingqian-li-230971044-30036960-200x300.jpg 200w, https:\/\/aspettandomilanocortina2026.it\/wp-content\/uploads\/2025\/08\/pexels-bingqian-li-230971044-30036960-768x1152.jpg 768w, https:\/\/aspettandomilanocortina2026.it\/wp-content\/uploads\/2025\/08\/pexels-bingqian-li-230971044-30036960-1024x1536.jpg 1024w, https:\/\/aspettandomilanocortina2026.it\/wp-content\/uploads\/2025\/08\/pexels-bingqian-li-230971044-30036960-1365x2048.jpg 1365w, https:\/\/aspettandomilanocortina2026.it\/wp-content\/uploads\/2025\/08\/pexels-bingqian-li-230971044-30036960-8x12.jpg 8w, https:\/\/aspettandomilanocortina2026.it\/wp-content\/uploads\/2025\/08\/pexels-bingqian-li-230971044-30036960-1200x1800.jpg 1200w, https:\/\/aspettandomilanocortina2026.it\/wp-content\/uploads\/2025\/08\/pexels-bingqian-li-230971044-30036960-600x900.jpg 600w, https:\/\/aspettandomilanocortina2026.it\/wp-content\/uploads\/2025\/08\/pexels-bingqian-li-230971044-30036960-scaled.jpg 1707w\" sizes=\"auto, (max-width: 683px) 100vw, 683px\" \/><\/figure>\n\n\n\n<figure class=\"wp-block-image size-large\"><img loading=\"lazy\" decoding=\"async\" width=\"1024\" height=\"768\" data-id=\"886\" src=\"https:\/\/aspettandomilanocortina2026.it\/wp-content\/uploads\/2025\/08\/palermo-766_1280-1024x768.jpg\" alt=\"cath\u00e9drale de Palerme\" class=\"wp-image-886\" title=\"\" srcset=\"https:\/\/aspettandomilanocortina2026.it\/wp-content\/uploads\/2025\/08\/palermo-766_1280-1024x768.jpg 1024w, https:\/\/aspettandomilanocortina2026.it\/wp-content\/uploads\/2025\/08\/palermo-766_1280-300x225.jpg 300w, https:\/\/aspettandomilanocortina2026.it\/wp-content\/uploads\/2025\/08\/palermo-766_1280-768x576.jpg 768w, https:\/\/aspettandomilanocortina2026.it\/wp-content\/uploads\/2025\/08\/palermo-766_1280-16x12.jpg 16w, https:\/\/aspettandomilanocortina2026.it\/wp-content\/uploads\/2025\/08\/palermo-766_1280-1200x900.jpg 1200w, https:\/\/aspettandomilanocortina2026.it\/wp-content\/uploads\/2025\/08\/palermo-766_1280-600x450.jpg 600w, https:\/\/aspettandomilanocortina2026.it\/wp-content\/uploads\/2025\/08\/palermo-766_1280.jpg 1280w\" sizes=\"auto, (max-width: 1024px) 100vw, 1024px\" \/><\/figure>\n<\/figure>\n\n\n\n<p><strong>Ce qu'il faut absolument manger :<\/strong><\/p>\n\n\n\n<ul class=\"wp-block-list\">\n<li>Le classique <strong>pain avec rate <\/strong>(pani c\u00e2 meusa) pour une exp\u00e9rience authentique de la cuisine de rue.<\/li>\n\n\n\n<li>Le <strong>arancine<\/strong> (pas les arancini !), surtout ceux qui contiennent du beurre ou de la viande.<\/li>\n\n\n\n<li>Une partie des <strong>sfincione<\/strong> (la focaccia typique) ou un <strong>stigghiola<\/strong> (entrailles r\u00f4ties) pour les plus audacieux.<\/li>\n\n\n\n<li>Et pour terminer : un granit\u00e9 ou un <strong>cannoli<\/strong> fra\u00eechement fourr\u00e9s dans une p\u00e2tisserie historique.<\/li>\n<\/ul>\n\n\n\n<figure class=\"wp-block-gallery has-nested-images columns-default is-cropped wp-block-gallery-2 is-layout-flex wp-block-gallery-is-layout-flex\">\n<figure class=\"wp-block-image size-large\"><img loading=\"lazy\" decoding=\"async\" width=\"1024\" height=\"682\" data-id=\"884\" src=\"https:\/\/aspettandomilanocortina2026.it\/wp-content\/uploads\/2025\/08\/fried-1608305_1280-1024x682.jpg\" alt=\"\" class=\"wp-image-884\" title=\"\" srcset=\"https:\/\/aspettandomilanocortina2026.it\/wp-content\/uploads\/2025\/08\/fried-1608305_1280-1024x682.jpg 1024w, https:\/\/aspettandomilanocortina2026.it\/wp-content\/uploads\/2025\/08\/fried-1608305_1280-300x200.jpg 300w, https:\/\/aspettandomilanocortina2026.it\/wp-content\/uploads\/2025\/08\/fried-1608305_1280-768x512.jpg 768w, https:\/\/aspettandomilanocortina2026.it\/wp-content\/uploads\/2025\/08\/fried-1608305_1280-18x12.jpg 18w, https:\/\/aspettandomilanocortina2026.it\/wp-content\/uploads\/2025\/08\/fried-1608305_1280-1200x800.jpg 1200w, https:\/\/aspettandomilanocortina2026.it\/wp-content\/uploads\/2025\/08\/fried-1608305_1280-600x400.jpg 600w, https:\/\/aspettandomilanocortina2026.it\/wp-content\/uploads\/2025\/08\/fried-1608305_1280.jpg 1280w\" sizes=\"auto, (max-width: 1024px) 100vw, 1024px\" \/><\/figure>\n\n\n\n<figure class=\"wp-block-image size-large\"><img loading=\"lazy\" decoding=\"async\" width=\"1024\" height=\"682\" data-id=\"885\" src=\"https:\/\/aspettandomilanocortina2026.it\/wp-content\/uploads\/2025\/08\/dessert-812050_1280-1024x682.jpg\" alt=\"\" class=\"wp-image-885\" title=\"\" srcset=\"https:\/\/aspettandomilanocortina2026.it\/wp-content\/uploads\/2025\/08\/dessert-812050_1280-1024x682.jpg 1024w, https:\/\/aspettandomilanocortina2026.it\/wp-content\/uploads\/2025\/08\/dessert-812050_1280-300x200.jpg 300w, https:\/\/aspettandomilanocortina2026.it\/wp-content\/uploads\/2025\/08\/dessert-812050_1280-768x512.jpg 768w, https:\/\/aspettandomilanocortina2026.it\/wp-content\/uploads\/2025\/08\/dessert-812050_1280-18x12.jpg 18w, https:\/\/aspettandomilanocortina2026.it\/wp-content\/uploads\/2025\/08\/dessert-812050_1280-1200x800.jpg 1200w, https:\/\/aspettandomilanocortina2026.it\/wp-content\/uploads\/2025\/08\/dessert-812050_1280-600x400.jpg 600w, https:\/\/aspettandomilanocortina2026.it\/wp-content\/uploads\/2025\/08\/dessert-812050_1280.jpg 1280w\" sizes=\"auto, (max-width: 1024px) 100vw, 1024px\" \/><\/figure>\n<\/figure>\n\n\n\n<p><strong>Les \u00e9tapes suivantes de la sicilienne<\/strong><\/p>\n\n\n\n<p>Apr\u00e8s Palerme, la Torche continuera vers le sud :<\/p>\n\n\n\n<ul class=\"wp-block-list\">\n<li>16 d\u00e9cembre : Agrigente<\/li>\n\n\n\n<li>17 d\u00e9cembre : Syracuse<\/li>\n\n\n\n<li>18 d\u00e9cembre : Catane<\/li>\n<\/ul>\n\n\n\n<p>Ces \u00e9tapes renforceront le lien entre le sport et le territoire, en impliquant toute l'\u00eele dans un parcours de partage et de participation nationale.<\/p>\n\n\n\n<p>Le 15 d\u00e9cembre 2025, la ville de <em>Palerme<\/em> \u00e9crira une nouvelle page de l'histoire des Jeux olympiques d'hiver : un moment d'unit\u00e9, de culture et de participation. La flamme ne sera pas seulement un passage symbolique, mais une occasion de montrer au monde la chaleur, la beaut\u00e9 et la vitalit\u00e9 du sud de l'Italie. Les Jeux olympiques unissent : Palerme nous le rappellera avec la lumi\u00e8re authentique de la flamme olympique.<\/p>\n\n\n\n<p>Profiter du passage de la flamme olympique \u00e0 Palerme le 15 d\u00e9cembre est \u00e9galement une occasion unique de d\u00e9couvrir les merveilles historiques, culturelles et gastronomiques de la ville.<\/p>\n\n\n\n<figure class=\"wp-block-embed is-type-video is-provider-youtube wp-block-embed-youtube wp-embed-aspect-16-9 wp-has-aspect-ratio\"><div class=\"wp-block-embed__wrapper\">\n<iframe loading=\"lazy\" title=\"Palerme, Sicile - Visite \u00e0 pied de l&#039;Italie 4K \ud83c\uddee\ud83c\uddf9\" width=\"500\" height=\"281\" src=\"https:\/\/www.youtube.com\/embed\/4gaLW8X3lko?feature=oembed\" frameborder=\"0\" allow=\"accelerometer; autoplay; clipboard-write; encrypted-media; gyroscope; picture-in-picture; web-share\" referrerpolicy=\"strict-origin-when-cross-origin\" allowfullscreen><\/iframe>\n<\/div><\/figure>\n<div class=\"amc-dopo-il-contenuto\" id=\"amc-4150040090\"><script type=\"text\/plain\" data-tcf=\"waiting-for-consent\" data-id=\"1033\" data-bid=\"1\">PGRpdiBpZD0iYW1jLTM0MDU1MTE3OTEiPjxzY3JpcHQgYXN5bmMgc3JjPSIvL3BhZ2VhZDIuZ29vZ2xlc3luZGljYXRpb24uY29tL3BhZ2VhZC9qcy9hZHNieWdvb2dsZS5qcz9jbGllbnQ9Y2EtcHViLTQ0MDExNDUwMjc1MzkxMTUiIGNyb3Nzb3JpZ2luPSJhbm9ueW1vdXMiPjwvc2NyaXB0PjxpbnMgY2xhc3M9ImFkc2J5Z29vZ2xlIiBzdHlsZT0iZGlzcGxheTpibG9jazsiIGRhdGEtYWQtY2xpZW50PSJjYS1wdWItNDQwMTE0NTAyNzUzOTExNSIgCmRhdGEtYWQtc2xvdD0iIiAKZGF0YS1hZC1mb3JtYXQ9ImF1dG8iIGRhdGEtZnVsbC13aWR0aC1yZXNwb25zaXZlPSJ0cnVlIj48L2lucz4KPHNjcmlwdD4gCihhZHNieWdvb2dsZSA9IHdpbmRvdy5hZHNieWdvb2dsZSB8fCBbXSkucHVzaCh7fSk7IAo8L3NjcmlwdD4KPC9kaXY+<\/script><\/div>","protected":false},"excerpt":{"rendered":"<p>Palermo \u00e8 pronta ad abbracciare la Fiamma Olimpica Milano\u202fCortina 2026 il 15 dicembre 2025, quinto giorno del passaggio in Sicilia dopo Nuoro (13 dicembre) e Cagliari (14 dicembre). Una giornata carica di simbolismo, emozione e valore comunitario, che esalta l\u2019identit\u00e0 territoriale e l\u2019unit\u00e0 nazionale. Un viaggio nazionale senza precedenti Il percorso della Fiaccola, battezzato \u201cThe [&hellip;]<\/p>","protected":false},"author":3,"featured_media":889,"comment_status":"open","ping_status":"open","sticky":false,"template":"","format":"standard","meta":{"_acf_changed":false,"footnotes":""},"categories":[16,5,1],"tags":[],"class_list":["post-874","post","type-post","status-publish","format-standard","has-post-thumbnail","hentry","category-notizie-e-approfondimenti","category-guida-per-i-tifosi","category-notizie-e-aggiornamenti"],"acf":[],"_links":{"self":[{"href":"https:\/\/aspettandomilanocortina2026.it\/fr\/wp-json\/wp\/v2\/posts\/874","targetHints":{"allow":["GET"]}}],"collection":[{"href":"https:\/\/aspettandomilanocortina2026.it\/fr\/wp-json\/wp\/v2\/posts"}],"about":[{"href":"https:\/\/aspettandomilanocortina2026.it\/fr\/wp-json\/wp\/v2\/types\/post"}],"author":[{"embeddable":true,"href":"https:\/\/aspettandomilanocortina2026.it\/fr\/wp-json\/wp\/v2\/users\/3"}],"replies":[{"embeddable":true,"href":"https:\/\/aspettandomilanocortina2026.it\/fr\/wp-json\/wp\/v2\/comments?post=874"}],"version-history":[{"count":4,"href":"https:\/\/aspettandomilanocortina2026.it\/fr\/wp-json\/wp\/v2\/posts\/874\/revisions"}],"predecessor-version":[{"id":893,"href":"https:\/\/aspettandomilanocortina2026.it\/fr\/wp-json\/wp\/v2\/posts\/874\/revisions\/893"}],"wp:featuredmedia":[{"embeddable":true,"href":"https:\/\/aspettandomilanocortina2026.it\/fr\/wp-json\/wp\/v2\/media\/889"}],"wp:attachment":[{"href":"https:\/\/aspettandomilanocortina2026.it\/fr\/wp-json\/wp\/v2\/media?parent=874"}],"wp:term":[{"taxonomy":"category","embeddable":true,"href":"https:\/\/aspettandomilanocortina2026.it\/fr\/wp-json\/wp\/v2\/categories?post=874"},{"taxonomy":"post_tag","embeddable":true,"href":"https:\/\/aspettandomilanocortina2026.it\/fr\/wp-json\/wp\/v2\/tags?post=874"}],"curies":[{"name":"wp","href":"https:\/\/api.w.org\/{rel}","templated":true}]}}