{"id":870,"date":"2025-08-06T10:42:17","date_gmt":"2025-08-06T09:42:17","guid":{"rendered":"https:\/\/aspettandomilanocortina2026.it\/?p=870"},"modified":"2025-08-06T10:42:19","modified_gmt":"2025-08-06T09:42:19","slug":"milan-cortina-2026-ou-en-sont-les-chantiers-en-italie","status":"publish","type":"post","link":"https:\/\/aspettandomilanocortina2026.it\/fr\/milan-cortina-2026-ou-en-sont-les-chantiers-en-italie\/","title":{"rendered":"Milan-Cortina 2026 : o\u00f9 sont les chantiers en Italie ?"},"content":{"rendered":"<script type=\"text\/plain\" data-tcf=\"waiting-for-consent\" data-id=\"1033\" data-bid=\"1\" data-placement=\"1034\">PGRpdiBpZD0iYW1jLTIwODgyODA4MDgiIGNsYXNzPSJhbWMtcHJpbWEtZGVsLWNvbnRlbnV0byI+PHNjcmlwdCBhc3luYyBzcmM9Ii8vcGFnZWFkMi5nb29nbGVzeW5kaWNhdGlvbi5jb20vcGFnZWFkL2pzL2Fkc2J5Z29vZ2xlLmpzP2NsaWVudD1jYS1wdWItNDQwMTE0NTAyNzUzOTExNSIgY3Jvc3NvcmlnaW49ImFub255bW91cyI+PC9zY3JpcHQ+PGlucyBjbGFzcz0iYWRzYnlnb29nbGUiIHN0eWxlPSJkaXNwbGF5OmJsb2NrOyIgZGF0YS1hZC1jbGllbnQ9ImNhLXB1Yi00NDAxMTQ1MDI3NTM5MTE1IiAKZGF0YS1hZC1zbG90PSIiIApkYXRhLWFkLWZvcm1hdD0iYXV0byIgZGF0YS1mdWxsLXdpZHRoLXJlc3BvbnNpdmU9InRydWUiPjwvaW5zPgo8c2NyaXB0PiAKKGFkc2J5Z29vZ2xlID0gd2luZG93LmFkc2J5Z29vZ2xlIHx8IFtdKS5wdXNoKHt9KTsgCjwvc2NyaXB0Pgo8L2Rpdj4=<\/script>\n<p>Milan,<strong> <\/strong>L'\u00e9v\u00e9nement de sports d'hiver le plus attendu aura lieu dans environ six mois, et l'Italie s'efforce de transformer le r\u00eave en r\u00e9alit\u00e9. Entre nouvelles constructions, r\u00e9novations et strat\u00e9gies durables, voici un compte-rendu d\u00e9taill\u00e9 des progr\u00e8s r\u00e9alis\u00e9s \u00e0 ce jour dans les principaux sites olympiques.<\/p><script type=\"text\/plain\" data-tcf=\"waiting-for-consent\" data-id=\"1037\" data-bid=\"1\" data-placement=\"726\">PGRpdiBpZD0iYW1jLTIxMTM3NTA3MSIgY2xhc3M9ImFtYy1wb3N0LWNvbnRlbnQiIHN0eWxlPSJtYXJnaW4tbGVmdDogYXV0bzttYXJnaW4tcmlnaHQ6IGF1dG87dGV4dC1hbGlnbjogY2VudGVyOyI+PHNjcmlwdCBhc3luYyBzcmM9Ii8vcGFnZWFkMi5nb29nbGVzeW5kaWNhdGlvbi5jb20vcGFnZWFkL2pzL2Fkc2J5Z29vZ2xlLmpzP2NsaWVudD1jYS1wdWItNDQwMTE0NTAyNzUzOTExNSIgY3Jvc3NvcmlnaW49ImFub255bW91cyI+PC9zY3JpcHQ+PGlucyBjbGFzcz0iYWRzYnlnb29nbGUiIHN0eWxlPSJkaXNwbGF5OmJsb2NrOyIgZGF0YS1hZC1jbGllbnQ9ImNhLXB1Yi00NDAxMTQ1MDI3NTM5MTE1IiAKZGF0YS1hZC1zbG90PSI4MDIwNTgzNzkzIiAKZGF0YS1hZC1mb3JtYXQ9ImF1dG8iIGRhdGEtZnVsbC13aWR0aC1yZXNwb25zaXZlPSJ0cnVlIj48L2lucz4KPHNjcmlwdD4gCihhZHNieWdvb2dsZSA9IHdpbmRvdy5hZHNieWdvb2dsZSB8fCBbXSkucHVzaCh7fSk7IAo8L3NjcmlwdD4KPC9kaXY+PGJyIHN0eWxlPSJjbGVhcjogYm90aDsgZGlzcGxheTogYmxvY2s7IGZsb2F0OiBub25lOyIvPg==<\/script>\n\n\n\n<h2 class=\"wp-block-heading\"><strong>Travaux achev\u00e9s ou presque achev\u00e9s<\/strong><\/h2>\n\n\n\n<p><strong>Village olympique de Milan - Scalo Romana<\/strong><br>Achev\u00e9 environ trois mois avant la date limite officielle de juillet 2025, le complexe construit par Skidmore Owings &amp; Merrill est pr\u00eat \u00e0 accueillir les athl\u00e8tes et le personnel. Apr\u00e8s les Jeux, il sera converti en logements pour \u00e9tudiants et en logements r\u00e9sidentiels en partenariat avec COIMA.<\/p><script type=\"text\/plain\" data-tcf=\"waiting-for-consent\" data-id=\"1033\" data-bid=\"1\" data-placement=\"985\">PGRpdiBpZD0iYW1jLTMwMjkwMDc1NzMiIGNsYXNzPSJhbWMtbWgtbWlkIj48c2NyaXB0IGFzeW5jIHNyYz0iLy9wYWdlYWQyLmdvb2dsZXN5bmRpY2F0aW9uLmNvbS9wYWdlYWQvanMvYWRzYnlnb29nbGUuanM\/Y2xpZW50PWNhLXB1Yi00NDAxMTQ1MDI3NTM5MTE1IiBjcm9zc29yaWdpbj0iYW5vbnltb3VzIj48L3NjcmlwdD48aW5zIGNsYXNzPSJhZHNieWdvb2dsZSIgc3R5bGU9ImRpc3BsYXk6YmxvY2s7IiBkYXRhLWFkLWNsaWVudD0iY2EtcHViLTQ0MDExNDUwMjc1MzkxMTUiIApkYXRhLWFkLXNsb3Q9IiIgCmRhdGEtYWQtZm9ybWF0PSJhdXRvIiBkYXRhLWZ1bGwtd2lkdGgtcmVzcG9uc2l2ZT0idHJ1ZSI+PC9pbnM+CjxzY3JpcHQ+IAooYWRzYnlnb29nbGUgPSB3aW5kb3cuYWRzYnlnb29nbGUgfHwgW10pLnB1c2goe30pOyAKPC9zY3JpcHQ+CjwvZGl2Pg==<\/script>\n\n\n\n<p><strong>Milano Ice Park (Fiera Rho)<\/strong><br>L'adaptation des installations pour les comp\u00e9titions de hockey sur glace et de patinage de vitesse est termin\u00e9e : la patinoire de 400 m et les installations sont pr\u00eates \u00e0 l'emploi.<\/p>\n\n\n\n<h2 class=\"wp-block-heading\"><strong>Travaux de construction en cours et \u00e0 un rythme \u00e9lev\u00e9<\/strong><\/h2>\n\n\n\n<p><strong>PalaItalia - Arena Santa Giulia (Milan)<\/strong><br>La nouvelle installation polyvalente de 15 000 places est en cours de construction et respecte le calendrier, mais les co\u00fbts sont pass\u00e9s de 180 millions d'euros \u00e0 environ 260 millions d'euros en raison de d\u00e9penses suppl\u00e9mentaires pour les mat\u00e9riaux et l'\u00e9nergie. L'ach\u00e8vement des travaux est pr\u00e9vu pour la fin de l'ann\u00e9e 2025, avec des essais pr\u00e9olympiques.<\/p>\n\n\n\n<p><strong>Piste de bobsleigh \"Eugenio Monti\" (Cortina d'Ampezzo)<\/strong><br>La reconstruction a commenc\u00e9 en f\u00e9vrier 2024 et a d\u00e9j\u00e0 atteint environ 70%. La piste a pass\u00e9 avec succ\u00e8s le pr\u00e9-d\u00e9douanement en mars 2025, mais l'inconnue de l'acceptation finale demeure. Le CIO a approuv\u00e9 l'avancement des travaux, mais maintient un \"plan B\" avec Lake Placid comme solution de secours.<\/p>\n\n\n\n<p><strong>Stade de saut d'obstacles de Predazzo<\/strong><br>La d\u00e9molition est termin\u00e9e, tandis que les plongeoirs de 109 et 143 m\u00e8tres sont en cours de construction, le 60% \u00e9tant d\u00e9j\u00e0 achev\u00e9. L'ach\u00e8vement des travaux est pr\u00e9vu pour juillet 2025, \u00e0 temps pour le test de la Summer Cup.<\/p>\n\n\n\n<p><strong>Centre de ski de fond Tesero, remont\u00e9es m\u00e9caniques \u00e0 Livigno et Bormio, Anterselva Arena et adaptations dans le Val di Fiemme<\/strong><br>Des am\u00e9nagements sont en cours : pistes, tribunes, enneigement et logistique devraient \u00eatre finalis\u00e9s dans le courant de l'ann\u00e9e 2025.<\/p>\n\n\n\n<h2 class=\"wp-block-heading\"><strong>Projets non encore lanc\u00e9s ou venant de l'\u00eatre<\/strong><\/h2>\n\n\n\n<p><strong>Routes et transports en Italie du Nord<\/strong><br>Des am\u00e9liorations des infrastructures sont pr\u00e9vues sur les lignes ferroviaires (Milan-Bologne, Tirano), les trolleybus de Bagno a Ripoli et Malpensa, et les routes de montagne. Certains projets sont encore en cours d'autorisation.<\/p>\n\n\n\n<p><strong>Arena di Verona (c\u00e9r\u00e9monie de cl\u00f4ture)<\/strong><br>Des installations temporaires sont pr\u00e9vues, mais il n'y a pas encore de calendrier d\u00e9taill\u00e9 concernant l'installation et la s\u00e9curit\u00e9.<\/p>\n\n\n\n<h2 class=\"wp-block-heading\"><strong>Le mod\u00e8le durable et l'h\u00e9ritage<\/strong><\/h2>\n\n\n\n<p>Le Comit\u00e9 a envisag\u00e9 une utilisation 93% des installations existantes, une compensation totale des \u00e9missions de CO\u2082, de l'\u00e9nergie verte et des structures temporaires amovibles. Chaque intervention est con\u00e7ue pour laisser un h\u00e9ritage durable aux communaut\u00e9s locales.<\/p>\n\n\n\n<h2 class=\"wp-block-heading\"><strong>R\u00e9sum\u00e9 g\u00e9n\u00e9ral<\/strong><\/h2>\n\n\n\n<figure class=\"wp-block-table\"><table class=\"has-fixed-layout\"><thead><tr><td><strong>Statut<\/strong><\/td><td><strong>Principaux travaux<\/strong><\/td><\/tr><\/thead><tbody><tr><td><strong>Compl\u00e9ter<\/strong><\/td><td>Ice Park Rho, Milan Village Porta Romana<\/td><\/tr><tr><td><strong>En cours<\/strong><\/td><td>PalaItalia Santa Giulia, piste de bobsleigh de Cortina, tremplin de Predazzo, villages alpins<\/td><\/tr><tr><td><strong>D\u00e9marrage ou retard<\/strong><\/td><td>Routes, transports, Arena Verona, quelques \u00e9quipements locaux<\/td><\/tr><\/tbody><\/table><\/figure>\n\n\n\n<h2 class=\"wp-block-heading\"><strong>Retour d'information international<\/strong><\/h2>\n\n\n\n<p>Le CIO s'est d\u00e9clar\u00e9 satisfait des progr\u00e8s r\u00e9alis\u00e9s, notamment en ce qui concerne la piste de bobsleigh qui, il y a quelques mois encore, \u00e9tait consid\u00e9r\u00e9e comme menac\u00e9e. Aujourd'hui, bien qu'il s'agisse d'un projet ambitieux et complexe, le calendrier est respect\u00e9.<\/p>\n\n\n\n<p>Le chemin vers Milan-Cortina 2026 est marqu\u00e9 par un rythme rapide, des investissements strat\u00e9giques et un accent mis sur la durabilit\u00e9. Certaines structures sont d\u00e9j\u00e0 pr\u00eates, beaucoup d'autres sont sur le point d'\u00eatre achev\u00e9es. Malgr\u00e9 les d\u00e9fis techniques et logistiques, le projet avance de mani\u00e8re concr\u00e8te et visionnaire : un h\u00e9ritage non seulement sportif, mais aussi social pour toute l'Italie.<\/p>\n\n\n\n<p><\/p>\n<div class=\"amc-dopo-il-contenuto\" id=\"amc-492880594\"><script type=\"text\/plain\" data-tcf=\"waiting-for-consent\" data-id=\"1033\" data-bid=\"1\">PGRpdiBpZD0iYW1jLTM1MjY3OTY2MzkiPjxzY3JpcHQgYXN5bmMgc3JjPSIvL3BhZ2VhZDIuZ29vZ2xlc3luZGljYXRpb24uY29tL3BhZ2VhZC9qcy9hZHNieWdvb2dsZS5qcz9jbGllbnQ9Y2EtcHViLTQ0MDExNDUwMjc1MzkxMTUiIGNyb3Nzb3JpZ2luPSJhbm9ueW1vdXMiPjwvc2NyaXB0PjxpbnMgY2xhc3M9ImFkc2J5Z29vZ2xlIiBzdHlsZT0iZGlzcGxheTpibG9jazsiIGRhdGEtYWQtY2xpZW50PSJjYS1wdWItNDQwMTE0NTAyNzUzOTExNSIgCmRhdGEtYWQtc2xvdD0iIiAKZGF0YS1hZC1mb3JtYXQ9ImF1dG8iIGRhdGEtZnVsbC13aWR0aC1yZXNwb25zaXZlPSJ0cnVlIj48L2lucz4KPHNjcmlwdD4gCihhZHNieWdvb2dsZSA9IHdpbmRvdy5hZHNieWdvb2dsZSB8fCBbXSkucHVzaCh7fSk7IAo8L3NjcmlwdD4KPC9kaXY+<\/script><\/div>","protected":false},"excerpt":{"rendered":"<p>Milano, mancano circa 6 mesi all\u2019evento sportivo invernale pi\u00f9 atteso, e l\u2019Italia \u00e8 al lavoro per trasformare il sogno in realt\u00e0. Tra nuove costruzioni, ristrutturazioni e strategie sostenibili, ecco un racconto dettagliato sui progressi finora ottenuti nelle principali localit\u00e0 olimpiche. Opere completate o quasi ultimate Villaggio Olimpico di Milano \u2013 Scalo RomanaCompletato in anticipo di [&hellip;]<\/p>","protected":false},"author":3,"featured_media":871,"comment_status":"open","ping_status":"open","sticky":false,"template":"","format":"standard","meta":{"_acf_changed":false,"footnotes":""},"categories":[16,4,7,1],"tags":[],"class_list":["post-870","post","type-post","status-publish","format-standard","has-post-thumbnail","hentry","category-notizie-e-approfondimenti","category-dietro-le-quinte","category-milano-e-cortina","category-notizie-e-aggiornamenti"],"acf":[],"_links":{"self":[{"href":"https:\/\/aspettandomilanocortina2026.it\/fr\/wp-json\/wp\/v2\/posts\/870","targetHints":{"allow":["GET"]}}],"collection":[{"href":"https:\/\/aspettandomilanocortina2026.it\/fr\/wp-json\/wp\/v2\/posts"}],"about":[{"href":"https:\/\/aspettandomilanocortina2026.it\/fr\/wp-json\/wp\/v2\/types\/post"}],"author":[{"embeddable":true,"href":"https:\/\/aspettandomilanocortina2026.it\/fr\/wp-json\/wp\/v2\/users\/3"}],"replies":[{"embeddable":true,"href":"https:\/\/aspettandomilanocortina2026.it\/fr\/wp-json\/wp\/v2\/comments?post=870"}],"version-history":[{"count":2,"href":"https:\/\/aspettandomilanocortina2026.it\/fr\/wp-json\/wp\/v2\/posts\/870\/revisions"}],"predecessor-version":[{"id":873,"href":"https:\/\/aspettandomilanocortina2026.it\/fr\/wp-json\/wp\/v2\/posts\/870\/revisions\/873"}],"wp:featuredmedia":[{"embeddable":true,"href":"https:\/\/aspettandomilanocortina2026.it\/fr\/wp-json\/wp\/v2\/media\/871"}],"wp:attachment":[{"href":"https:\/\/aspettandomilanocortina2026.it\/fr\/wp-json\/wp\/v2\/media?parent=870"}],"wp:term":[{"taxonomy":"category","embeddable":true,"href":"https:\/\/aspettandomilanocortina2026.it\/fr\/wp-json\/wp\/v2\/categories?post=870"},{"taxonomy":"post_tag","embeddable":true,"href":"https:\/\/aspettandomilanocortina2026.it\/fr\/wp-json\/wp\/v2\/tags?post=870"}],"curies":[{"name":"wp","href":"https:\/\/api.w.org\/{rel}","templated":true}]}}