{"id":87,"date":"2025-04-10T22:29:36","date_gmt":"2025-04-10T21:29:36","guid":{"rendered":"https:\/\/aspettandomilanocortina2026.it\/?p=87"},"modified":"2025-04-17T14:56:50","modified_gmt":"2025-04-17T13:56:50","slug":"demo-2","status":"publish","type":"post","link":"https:\/\/aspettandomilanocortina2026.it\/fr\/demo-2\/","title":{"rendered":"Milan-Cortina 2026"},"content":{"rendered":"<script type=\"text\/plain\" data-tcf=\"waiting-for-consent\" data-id=\"1033\" data-bid=\"1\" data-placement=\"1034\">PGRpdiBpZD0iYW1jLTgzMDk1Nzg4OSIgY2xhc3M9ImFtYy1wcmltYS1kZWwtY29udGVudXRvIj48c2NyaXB0IGFzeW5jIHNyYz0iLy9wYWdlYWQyLmdvb2dsZXN5bmRpY2F0aW9uLmNvbS9wYWdlYWQvanMvYWRzYnlnb29nbGUuanM\/Y2xpZW50PWNhLXB1Yi00NDAxMTQ1MDI3NTM5MTE1IiBjcm9zc29yaWdpbj0iYW5vbnltb3VzIj48L3NjcmlwdD48aW5zIGNsYXNzPSJhZHNieWdvb2dsZSIgc3R5bGU9ImRpc3BsYXk6YmxvY2s7IiBkYXRhLWFkLWNsaWVudD0iY2EtcHViLTQ0MDExNDUwMjc1MzkxMTUiIApkYXRhLWFkLXNsb3Q9IiIgCmRhdGEtYWQtZm9ybWF0PSJhdXRvIiBkYXRhLWZ1bGwtd2lkdGgtcmVzcG9uc2l2ZT0idHJ1ZSI+PC9pbnM+CjxzY3JpcHQ+IAooYWRzYnlnb29nbGUgPSB3aW5kb3cuYWRzYnlnb29nbGUgfHwgW10pLnB1c2goe30pOyAKPC9zY3JpcHQ+CjwvZGl2Pg==<\/script>\n<p><strong>Tout ce qu'il faut savoir sur les Jeux olympiques d'hiver en Italie<\/strong><\/p><script type=\"text\/plain\" data-tcf=\"waiting-for-consent\" data-id=\"1037\" data-bid=\"1\" data-placement=\"726\">PGRpdiBpZD0iYW1jLTM1MTg3MDQ0NTQiIGNsYXNzPSJhbWMtcG9zdC1jb250ZW50IiBzdHlsZT0ibWFyZ2luLWxlZnQ6IGF1dG87bWFyZ2luLXJpZ2h0OiBhdXRvO3RleHQtYWxpZ246IGNlbnRlcjsiPjxzY3JpcHQgYXN5bmMgc3JjPSIvL3BhZ2VhZDIuZ29vZ2xlc3luZGljYXRpb24uY29tL3BhZ2VhZC9qcy9hZHNieWdvb2dsZS5qcz9jbGllbnQ9Y2EtcHViLTQ0MDExNDUwMjc1MzkxMTUiIGNyb3Nzb3JpZ2luPSJhbm9ueW1vdXMiPjwvc2NyaXB0PjxpbnMgY2xhc3M9ImFkc2J5Z29vZ2xlIiBzdHlsZT0iZGlzcGxheTpibG9jazsiIGRhdGEtYWQtY2xpZW50PSJjYS1wdWItNDQwMTE0NTAyNzUzOTExNSIgCmRhdGEtYWQtc2xvdD0iODAyMDU4Mzc5MyIgCmRhdGEtYWQtZm9ybWF0PSJhdXRvIiBkYXRhLWZ1bGwtd2lkdGgtcmVzcG9uc2l2ZT0idHJ1ZSI+PC9pbnM+CjxzY3JpcHQ+IAooYWRzYnlnb29nbGUgPSB3aW5kb3cuYWRzYnlnb29nbGUgfHwgW10pLnB1c2goe30pOyAKPC9zY3JpcHQ+CjwvZGl2PjxiciBzdHlsZT0iY2xlYXI6IGJvdGg7IGRpc3BsYXk6IGJsb2NrOyBmbG9hdDogbm9uZTsiLz4=<\/script>\n\n\n\n<p>L'attente a commenc\u00e9 ! Dans moins d'un an, Milan et Cortina accueilleront les Jeux olympiques d'hiver de 2026. Un \u00e9v\u00e9nement historique qui am\u00e8nera en Italie des athl\u00e8tes du monde entier pour s'affronter dans les disciplines hivernales les plus spectaculaires. Mais \u00e0 quoi pouvons-nous nous attendre ? Quelles sont les nouveaut\u00e9s et les principales nominations ? Ce blog a \u00e9t\u00e9 cr\u00e9\u00e9 pour vous dire tout ce que vous devez savoir sur <strong>Milan-Cortina 2026<\/strong>.<\/p><script type=\"text\/plain\" data-tcf=\"waiting-for-consent\" data-id=\"1033\" data-bid=\"1\" data-placement=\"985\">PGRpdiBpZD0iYW1jLTYwNDU4NTI2MyIgY2xhc3M9ImFtYy1taC1taWQiPjxzY3JpcHQgYXN5bmMgc3JjPSIvL3BhZ2VhZDIuZ29vZ2xlc3luZGljYXRpb24uY29tL3BhZ2VhZC9qcy9hZHNieWdvb2dsZS5qcz9jbGllbnQ9Y2EtcHViLTQ0MDExNDUwMjc1MzkxMTUiIGNyb3Nzb3JpZ2luPSJhbm9ueW1vdXMiPjwvc2NyaXB0PjxpbnMgY2xhc3M9ImFkc2J5Z29vZ2xlIiBzdHlsZT0iZGlzcGxheTpibG9jazsiIGRhdGEtYWQtY2xpZW50PSJjYS1wdWItNDQwMTE0NTAyNzUzOTExNSIgCmRhdGEtYWQtc2xvdD0iIiAKZGF0YS1hZC1mb3JtYXQ9ImF1dG8iIGRhdGEtZnVsbC13aWR0aC1yZXNwb25zaXZlPSJ0cnVlIj48L2lucz4KPHNjcmlwdD4gCihhZHNieWdvb2dsZSA9IHdpbmRvdy5hZHNieWdvb2dsZSB8fCBbXSkucHVzaCh7fSk7IAo8L3NjcmlwdD4KPC9kaXY+<\/script>\n\n\n\n<figure class=\"wp-block-image size-large\"><img loading=\"lazy\" decoding=\"async\" width=\"1024\" height=\"768\" src=\"https:\/\/aspettandomilanocortina2026.it\/wp-content\/uploads\/2025\/04\/pexels-dibert-30100582-1024x768.jpg\" alt=\"\" class=\"wp-image-124\" title=\"\" srcset=\"https:\/\/aspettandomilanocortina2026.it\/wp-content\/uploads\/2025\/04\/pexels-dibert-30100582-1024x768.jpg 1024w, https:\/\/aspettandomilanocortina2026.it\/wp-content\/uploads\/2025\/04\/pexels-dibert-30100582-300x225.jpg 300w, https:\/\/aspettandomilanocortina2026.it\/wp-content\/uploads\/2025\/04\/pexels-dibert-30100582-768x576.jpg 768w, https:\/\/aspettandomilanocortina2026.it\/wp-content\/uploads\/2025\/04\/pexels-dibert-30100582-1536x1152.jpg 1536w, https:\/\/aspettandomilanocortina2026.it\/wp-content\/uploads\/2025\/04\/pexels-dibert-30100582-2048x1536.jpg 2048w\" sizes=\"auto, (max-width: 1024px) 100vw, 1024px\" \/><\/figure>\n\n\n\n<p><strong>Pourquoi Milan-Cortina 2026 est-il sp\u00e9cial ?<\/strong><\/p>\n\n\n\n<p>Les Jeux olympiques d'hiver reviennent en Italie 20 ans apr\u00e8s la derni\u00e8re \u00e9dition organis\u00e9e \u00e0 Turin en 2006. Mais qu'est-ce qui rend cet \u00e9v\u00e9nement unique ?<\/p>\n\n\n\n<ul class=\"wp-block-list\">\n<li><strong>Premi\u00e8re \u00e9dition avec deux villes h\u00f4tes<\/strong>Milan, capitale de la mode et de l'innovation, sera rejointe par Cortina, ic\u00f4ne des sports d'hiver.<\/li>\n\n\n\n<li><strong>Nouvelles installations et r\u00e9novations<\/strong>Les installations existantes seront utilis\u00e9es et de nouvelles seront construites pour assurer une \u00e9dition durable.<\/li>\n\n\n\n<li><strong>Un m\u00e9lange de tradition et de modernit\u00e9<\/strong>Les courses se d\u00e9rouleront dans des paysages spectaculaires, entre la m\u00e9tropole lombarde et les Dolomites, class\u00e9es au patrimoine mondial de l'UNESCO.<\/li>\n<\/ul>\n\n\n\n<p><strong>Que trouverez-vous sur ce blog ?<\/strong><\/p>\n\n\n\n<p>AspettandoMilanoCortina\" a \u00e9t\u00e9 cr\u00e9\u00e9 pour vous accompagner jusqu'au d\u00e9but des Jeux :<\/p>\n\n\n\n<ul class=\"wp-block-list\">\n<li><strong>Nouvelles et mises \u00e0 jour<\/strong> sur les pr\u00e9parations, les installations et les athl\u00e8tes qualifi\u00e9s.<\/li>\n\n\n\n<li><strong>Guides pratiques<\/strong> sur les billets, le transport, l'h\u00e9bergement et les lieux \u00e0 visiter.<\/li>\n\n\n\n<li><strong>Les coulisses<\/strong> avec des interviews, des histoires d'athl\u00e8tes et des anecdotes olympiques.<\/li>\n\n\n\n<li><strong>Analyse de la concurrence<\/strong> pour d\u00e9couvrir les favoris et les nouvelles promesses des sports d'hiver.<\/li>\n<\/ul>\n\n\n\n<p><strong>Premi\u00e8res dates \u00e0 inscrire dans l'agenda<\/strong><\/p>\n\n\n\n<p>\ud83d\udccc <strong>C\u00e9r\u00e9monie d'ouverture :<\/strong> 6 f\u00e9vrier 2026 - Stade San Siro, Milan<br>\ud83d\udccc <strong>C\u00e9r\u00e9monie de cl\u00f4ture :<\/strong> 22 f\u00e9vrier 2026 - Arena di Verona<br>\ud83d\udccc <strong>Principales races :<\/strong> Ski alpin, patinage, snowboard, hockey et bien plus encore au programme !<br>\ud83d\udccc <strong>\u00c9preuves pr\u00e9olympiques :<\/strong> Des \u00e9preuves et des qualifications sont d\u00e9j\u00e0 en cours dans diverses disciplines.<\/p>\n\n\n\n<p><strong>Restez inform\u00e9 !<\/strong><\/p>\n\n\n\n<p>Les Jeux olympiques de 2026 approchent et nous suivrons chaque \u00e9tape de ce voyage passionnant ! Vous souhaitez rester inform\u00e9 ? <strong>Suivez-nous et abonnez-vous \u00e0 notre lettre d'information<\/strong> pour ne rien manquer de l'actualit\u00e9 de Milan-Cortina 2026 !<\/p>\n\n\n\n<p>\ud83d\udc49 <strong>Suivez-nous sur les m\u00e9dias sociaux et commentez : qu'est-ce qui vous enthousiasme le plus dans ces Jeux ?<\/strong><\/p>\n<div class=\"amc-dopo-il-contenuto\" id=\"amc-1518389544\"><script type=\"text\/plain\" data-tcf=\"waiting-for-consent\" data-id=\"1033\" data-bid=\"1\">PGRpdiBpZD0iYW1jLTEyNDM4NzUxNSI+PHNjcmlwdCBhc3luYyBzcmM9Ii8vcGFnZWFkMi5nb29nbGVzeW5kaWNhdGlvbi5jb20vcGFnZWFkL2pzL2Fkc2J5Z29vZ2xlLmpzP2NsaWVudD1jYS1wdWItNDQwMTE0NTAyNzUzOTExNSIgY3Jvc3NvcmlnaW49ImFub255bW91cyI+PC9zY3JpcHQ+PGlucyBjbGFzcz0iYWRzYnlnb29nbGUiIHN0eWxlPSJkaXNwbGF5OmJsb2NrOyIgZGF0YS1hZC1jbGllbnQ9ImNhLXB1Yi00NDAxMTQ1MDI3NTM5MTE1IiAKZGF0YS1hZC1zbG90PSIiIApkYXRhLWFkLWZvcm1hdD0iYXV0byIgZGF0YS1mdWxsLXdpZHRoLXJlc3BvbnNpdmU9InRydWUiPjwvaW5zPgo8c2NyaXB0PiAKKGFkc2J5Z29vZ2xlID0gd2luZG93LmFkc2J5Z29vZ2xlIHx8IFtdKS5wdXNoKHt9KTsgCjwvc2NyaXB0Pgo8L2Rpdj4=<\/script><\/div>","protected":false},"excerpt":{"rendered":"<p>Tutto Quello che Devi Sapere sulle Olimpiadi Invernali Italiane L\u2019attesa \u00e8 iniziata! Tra meno di un anno, Milano e Cortina diventeranno il palcoscenico delle Olimpiadi Invernali 2026. Un evento storico che porter\u00e0 atleti da tutto il mondo in Italia per competere nelle discipline invernali pi\u00f9 spettacolari. Ma cosa dobbiamo aspettarci? Quali sono le novit\u00e0 e [&hellip;]<\/p>","protected":false},"author":2,"featured_media":124,"comment_status":"open","ping_status":"open","sticky":false,"template":"","format":"standard","meta":{"_acf_changed":false,"footnotes":""},"categories":[1],"tags":[],"class_list":["post-87","post","type-post","status-publish","format-standard","has-post-thumbnail","hentry","category-notizie-e-aggiornamenti"],"acf":[],"_links":{"self":[{"href":"https:\/\/aspettandomilanocortina2026.it\/fr\/wp-json\/wp\/v2\/posts\/87","targetHints":{"allow":["GET"]}}],"collection":[{"href":"https:\/\/aspettandomilanocortina2026.it\/fr\/wp-json\/wp\/v2\/posts"}],"about":[{"href":"https:\/\/aspettandomilanocortina2026.it\/fr\/wp-json\/wp\/v2\/types\/post"}],"author":[{"embeddable":true,"href":"https:\/\/aspettandomilanocortina2026.it\/fr\/wp-json\/wp\/v2\/users\/2"}],"replies":[{"embeddable":true,"href":"https:\/\/aspettandomilanocortina2026.it\/fr\/wp-json\/wp\/v2\/comments?post=87"}],"version-history":[{"count":3,"href":"https:\/\/aspettandomilanocortina2026.it\/fr\/wp-json\/wp\/v2\/posts\/87\/revisions"}],"predecessor-version":[{"id":125,"href":"https:\/\/aspettandomilanocortina2026.it\/fr\/wp-json\/wp\/v2\/posts\/87\/revisions\/125"}],"wp:featuredmedia":[{"embeddable":true,"href":"https:\/\/aspettandomilanocortina2026.it\/fr\/wp-json\/wp\/v2\/media\/124"}],"wp:attachment":[{"href":"https:\/\/aspettandomilanocortina2026.it\/fr\/wp-json\/wp\/v2\/media?parent=87"}],"wp:term":[{"taxonomy":"category","embeddable":true,"href":"https:\/\/aspettandomilanocortina2026.it\/fr\/wp-json\/wp\/v2\/categories?post=87"},{"taxonomy":"post_tag","embeddable":true,"href":"https:\/\/aspettandomilanocortina2026.it\/fr\/wp-json\/wp\/v2\/tags?post=87"}],"curies":[{"name":"wp","href":"https:\/\/api.w.org\/{rel}","templated":true}]}}