{"id":862,"date":"2025-08-01T12:09:03","date_gmt":"2025-08-01T11:09:03","guid":{"rendered":"https:\/\/aspettandomilanocortina2026.it\/?p=862"},"modified":"2025-08-01T12:09:05","modified_gmt":"2025-08-01T11:09:05","slug":"cagliari-celebre-la-flamme-olympique-le-14-decembre-la-sardaigne-accueille-les-jeux","status":"publish","type":"post","link":"https:\/\/aspettandomilanocortina2026.it\/fr\/cagliari-celebre-la-flamme-olympique-le-14-decembre-la-sardaigne-accueille-les-jeux\/","title":{"rendered":"Cagliari c\u00e9l\u00e8bre la flamme olympique : la Sardaigne accueille les Jeux le 14 d\u00e9cembre"},"content":{"rendered":"<script type=\"text\/plain\" data-tcf=\"waiting-for-consent\" data-id=\"1033\" data-bid=\"1\" data-placement=\"1034\">PGRpdiBpZD0iYW1jLTM4MzU4NjQ5ODUiIGNsYXNzPSJhbWMtcHJpbWEtZGVsLWNvbnRlbnV0byI+PHNjcmlwdCBhc3luYyBzcmM9Ii8vcGFnZWFkMi5nb29nbGVzeW5kaWNhdGlvbi5jb20vcGFnZWFkL2pzL2Fkc2J5Z29vZ2xlLmpzP2NsaWVudD1jYS1wdWItNDQwMTE0NTAyNzUzOTExNSIgY3Jvc3NvcmlnaW49ImFub255bW91cyI+PC9zY3JpcHQ+PGlucyBjbGFzcz0iYWRzYnlnb29nbGUiIHN0eWxlPSJkaXNwbGF5OmJsb2NrOyIgZGF0YS1hZC1jbGllbnQ9ImNhLXB1Yi00NDAxMTQ1MDI3NTM5MTE1IiAKZGF0YS1hZC1zbG90PSIiIApkYXRhLWFkLWZvcm1hdD0iYXV0byIgZGF0YS1mdWxsLXdpZHRoLXJlc3BvbnNpdmU9InRydWUiPjwvaW5zPgo8c2NyaXB0PiAKKGFkc2J5Z29vZ2xlID0gd2luZG93LmFkc2J5Z29vZ2xlIHx8IFtdKS5wdXNoKHt9KTsgCjwvc2NyaXB0Pgo8L2Rpdj4=<\/script>\n<p>Cagliari, 14 d\u00e9cembre 2025 Apr\u00e8s Nuoro, la flamme olympique atterrit dans la capitale sarde, apportant avec elle l'\u00e9nergie et les valeurs universelles du sport. L'\u00e9tape de Cagliari repr\u00e9sente l'un des moments les plus attendus du voyage symbolique de la flamme olympique jusqu'\u00e0 Milan Cortina 2026, sur une \u00eele o\u00f9 la tradition, l'hospitalit\u00e9 et la culture sportive se rejoignent dans une journ\u00e9e qui promet d'\u00eatre passionnante et participative.<\/p><script type=\"text\/plain\" data-tcf=\"waiting-for-consent\" data-id=\"1037\" data-bid=\"1\" data-placement=\"726\">PGRpdiBpZD0iYW1jLTQxODU4NTc3NTYiIGNsYXNzPSJhbWMtcG9zdC1jb250ZW50IiBzdHlsZT0ibWFyZ2luLWxlZnQ6IGF1dG87bWFyZ2luLXJpZ2h0OiBhdXRvO3RleHQtYWxpZ246IGNlbnRlcjsiPjxzY3JpcHQgYXN5bmMgc3JjPSIvL3BhZ2VhZDIuZ29vZ2xlc3luZGljYXRpb24uY29tL3BhZ2VhZC9qcy9hZHNieWdvb2dsZS5qcz9jbGllbnQ9Y2EtcHViLTQ0MDExNDUwMjc1MzkxMTUiIGNyb3Nzb3JpZ2luPSJhbm9ueW1vdXMiPjwvc2NyaXB0PjxpbnMgY2xhc3M9ImFkc2J5Z29vZ2xlIiBzdHlsZT0iZGlzcGxheTpibG9jazsiIGRhdGEtYWQtY2xpZW50PSJjYS1wdWItNDQwMTE0NTAyNzUzOTExNSIgCmRhdGEtYWQtc2xvdD0iODAyMDU4Mzc5MyIgCmRhdGEtYWQtZm9ybWF0PSJhdXRvIiBkYXRhLWZ1bGwtd2lkdGgtcmVzcG9uc2l2ZT0idHJ1ZSI+PC9pbnM+CjxzY3JpcHQ+IAooYWRzYnlnb29nbGUgPSB3aW5kb3cuYWRzYnlnb29nbGUgfHwgW10pLnB1c2goe30pOyAKPC9zY3JpcHQ+CjwvZGl2PjxiciBzdHlsZT0iY2xlYXI6IGJvdGg7IGRpc3BsYXk6IGJsb2NrOyBmbG9hdDogbm9uZTsiLz4=<\/script>\n\n\n\n<p><strong>Le c\u0153ur de la M\u00e9diterran\u00e9e accueille la Flamme<\/strong><\/p><script type=\"text\/plain\" data-tcf=\"waiting-for-consent\" data-id=\"1033\" data-bid=\"1\" data-placement=\"985\">PGRpdiBpZD0iYW1jLTIyMzE1OTQ1ODEiIGNsYXNzPSJhbWMtbWgtbWlkIj48c2NyaXB0IGFzeW5jIHNyYz0iLy9wYWdlYWQyLmdvb2dsZXN5bmRpY2F0aW9uLmNvbS9wYWdlYWQvanMvYWRzYnlnb29nbGUuanM\/Y2xpZW50PWNhLXB1Yi00NDAxMTQ1MDI3NTM5MTE1IiBjcm9zc29yaWdpbj0iYW5vbnltb3VzIj48L3NjcmlwdD48aW5zIGNsYXNzPSJhZHNieWdvb2dsZSIgc3R5bGU9ImRpc3BsYXk6YmxvY2s7IiBkYXRhLWFkLWNsaWVudD0iY2EtcHViLTQ0MDExNDUwMjc1MzkxMTUiIApkYXRhLWFkLXNsb3Q9IiIgCmRhdGEtYWQtZm9ybWF0PSJhdXRvIiBkYXRhLWZ1bGwtd2lkdGgtcmVzcG9uc2l2ZT0idHJ1ZSI+PC9pbnM+CjxzY3JpcHQ+IAooYWRzYnlnb29nbGUgPSB3aW5kb3cuYWRzYnlnb29nbGUgfHwgW10pLnB1c2goe30pOyAKPC9zY3JpcHQ+CjwvZGl2Pg==<\/script>\n\n\n\n<p>Allum\u00e9e \u00e0 Olympie le 26 novembre 2025, la flamme a travers\u00e9 l'Italie centrale avant d'atteindre la Sardaigne. Apr\u00e8s Nuoro, Cagliari accueillera le relais le 14 d\u00e9cembre, lors d'une journ\u00e9e qui r\u00e9unira le sport, la citoyennet\u00e9 et l'esprit olympique.<\/p>\n\n\n\n<p>Le parcours serpente le long des lieux embl\u00e9matiques de la ville :<\/p>\n\n\n\n<ul class=\"wp-block-list\">\n<li>la promenade du Poetto, l'une des plus appr\u00e9ci\u00e9es d'Italie<\/li>\n\n\n\n<li>les rues historiques de Castello et le centre<\/li>\n\n\n\n<li>l'arriv\u00e9e sc\u00e9nique sur la place centrale de Yenne ou, alternativement, dans la zone du bastion de Saint-R\u00e9my, o\u00f9 le brasier olympique sera allum\u00e9.<\/li>\n<\/ul>\n\n\n\n<p><strong>Les protagonistes de la course de relais<\/strong><\/p>\n\n\n\n<p>Comme \u00e0 chaque \u00e9tape, ce sont des citoyens qui deviendront les h\u00e9ros d'un jour. Parmi les porteurs de flambeau choisis<\/p>\n\n\n\n<ul class=\"wp-block-list\">\n<li>Les jeunes athl\u00e8tes sardes, ambassadeurs des valeurs sportives<\/li>\n\n\n\n<li>des repr\u00e9sentants d'associations locales et d'\u00e9coles<\/li>\n\n\n\n<li>des volontaires s\u00e9lectionn\u00e9s dans le cadre de l'appel national lanc\u00e9 par le CONI<\/li>\n\n\n\n<li>d'anciens athl\u00e8tes olympiques et paralympiques, qui porteront le flambeau de la m\u00e9moire et de la fiert\u00e9 italienne.<\/li>\n<\/ul>\n\n\n\n<p>Chaque participant marchera environ 200 m\u00e8tres, formant ainsi une cha\u00eene symbolique de passage entre les g\u00e9n\u00e9rations et les communaut\u00e9s.<\/p>\n\n\n\n<p><strong>Une ville en f\u00eate : la culture et le sport au c\u0153ur de l'action<\/strong><\/p>\n\n\n\n<p>L'arriv\u00e9e de la flamme sera l'occasion d'une grande f\u00eate dans toute la ville, avec un programme d'\u00e9v\u00e9nements parall\u00e8les promus par la municipalit\u00e9 de Cagliari et le comit\u00e9 d'organisation :<\/p>\n\n\n\n<ul class=\"wp-block-list\">\n<li>Ateliers olympiques pour les enfants<\/li>\n\n\n\n<li>expositions photographiques sur le sport sarde<\/li>\n\n\n\n<li>concerts et danses traditionnelles<\/li>\n\n\n\n<li>Installations lumineuses sur le th\u00e8me des Jeux olympiques<\/li>\n\n\n\n<li>des villages sportifs avec des disciplines \u00e0 essayer<\/li>\n<\/ul>\n\n\n\n<p>La ville sera par\u00e9e de drapeaux, de banni\u00e8res et de d\u00e9cors \u00e0 th\u00e8me, se transformant en une sc\u00e8ne olympique \u00e0 ciel ouvert.<\/p>\n\n\n\n<p><strong>Durabilit\u00e9 et innovation : le flambeau vert<\/strong><\/p>\n\n\n\n<p>La torche qui sera port\u00e9e dans les rues de Cagliari est faite de mat\u00e9riaux recycl\u00e9s et recyclables, aliment\u00e9e au bio-GPL, rechargeable jusqu'\u00e0 10 fois, dans le plus grand respect de l'environnement. Les \u00e9v\u00e9nements pr\u00e9vus dans la ville suivront \u00e9galement des crit\u00e8res de durabilit\u00e9, avec des zones sans plastique, des points de collecte s\u00e9lective des d\u00e9chets et l'utilisation d'\u00e9nergies renouvelables.<\/p>\n\n\n\n<p><strong>Une \u00e9tape historique pour la Sardaigne<\/strong><\/p>\n\n\n\n<p>Cagliari n'est pas \u00e9trang\u00e8re aux grands \u00e9v\u00e9nements sportifs, mais l'\u00e9tape des Flambeaux rev\u00eat une importance particuli\u00e8re : c'est l'occasion de r\u00e9affirmer le r\u00f4le de l'\u00eele sur la sc\u00e8ne nationale, de promouvoir le tourisme sportif et de donner une visibilit\u00e9 aux talents sardes qui s'entra\u00eenent chaque jour avec passion dans les salles de sport et sur les terrains de la r\u00e9gion.<\/p>\n\n\n\n<p>La Sardaigne est fi\u00e8re de participer \u00e0 ce r\u00e9cit national, en se joignant au voyage de 63 jours qui culminera \u00e0 Milan le 6 f\u00e9vrier 2026, \u00e0 l'occasion de la c\u00e9r\u00e9monie d'ouverture des Jeux olympiques d'hiver \u00e0 Milan Cortina.<\/p>\n\n\n\n<p>Le 14 d\u00e9cembre 2025, Cagliari \u00e9crira une page de l'histoire olympique. Il ne s'agira pas seulement d'une course de relais, mais d'une occasion de c\u00e9l\u00e9brer le sport en tant qu'instrument de communaut\u00e9, d'espoir et d'avenir. La torche n'illuminera pas seulement les rues de la ville, mais elle enflammera la fiert\u00e9 de toute une r\u00e9gion.<\/p>\n\n\n\n<figure class=\"wp-block-embed is-type-video is-provider-youtube wp-block-embed-youtube wp-embed-aspect-16-9 wp-has-aspect-ratio\"><div class=\"wp-block-embed__wrapper\">\n<iframe loading=\"lazy\" title=\"Top 10 des choses \u00e0 voir \u00e0 Cagliari\" width=\"500\" height=\"281\" src=\"https:\/\/www.youtube.com\/embed\/UWlf-r4kViQ?feature=oembed\" frameborder=\"0\" allow=\"accelerometer; autoplay; clipboard-write; encrypted-media; gyroscope; picture-in-picture; web-share\" referrerpolicy=\"strict-origin-when-cross-origin\" allowfullscreen><\/iframe>\n<\/div><\/figure>\n<div class=\"amc-dopo-il-contenuto\" id=\"amc-1560017640\"><script type=\"text\/plain\" data-tcf=\"waiting-for-consent\" data-id=\"1033\" data-bid=\"1\">PGRpdiBpZD0iYW1jLTE5OTA3NjI5NDIiPjxzY3JpcHQgYXN5bmMgc3JjPSIvL3BhZ2VhZDIuZ29vZ2xlc3luZGljYXRpb24uY29tL3BhZ2VhZC9qcy9hZHNieWdvb2dsZS5qcz9jbGllbnQ9Y2EtcHViLTQ0MDExNDUwMjc1MzkxMTUiIGNyb3Nzb3JpZ2luPSJhbm9ueW1vdXMiPjwvc2NyaXB0PjxpbnMgY2xhc3M9ImFkc2J5Z29vZ2xlIiBzdHlsZT0iZGlzcGxheTpibG9jazsiIGRhdGEtYWQtY2xpZW50PSJjYS1wdWItNDQwMTE0NTAyNzUzOTExNSIgCmRhdGEtYWQtc2xvdD0iIiAKZGF0YS1hZC1mb3JtYXQ9ImF1dG8iIGRhdGEtZnVsbC13aWR0aC1yZXNwb25zaXZlPSJ0cnVlIj48L2lucz4KPHNjcmlwdD4gCihhZHNieWdvb2dsZSA9IHdpbmRvdy5hZHNieWdvb2dsZSB8fCBbXSkucHVzaCh7fSk7IAo8L3NjcmlwdD4KPC9kaXY+<\/script><\/div>","protected":false},"excerpt":{"rendered":"<p>Cagliari, 14 d\u00e9cembre 2025 Apr\u00e8s Nuoro, la flamme olympique atterrit dans la capitale sarde, apportant avec elle l'\u00e9nergie et les valeurs universelles du sport. L'arr\u00eat \u00e0 Cagliari repr\u00e9sente l'un des moments les plus attendus du voyage symbolique de la flamme olympique de Milan Cortina 2026, dans une \u00eele o\u00f9 la tradition, l'hospitalit\u00e9 et la culture sportive se rejoignent dans un [...]<\/p>","protected":false},"author":3,"featured_media":865,"comment_status":"open","ping_status":"open","sticky":false,"template":"","format":"standard","meta":{"_acf_changed":false,"footnotes":""},"categories":[5,16],"tags":[],"class_list":["post-862","post","type-post","status-publish","format-standard","has-post-thumbnail","hentry","category-guida-per-i-tifosi","category-notizie-e-approfondimenti"],"acf":[],"_links":{"self":[{"href":"https:\/\/aspettandomilanocortina2026.it\/fr\/wp-json\/wp\/v2\/posts\/862","targetHints":{"allow":["GET"]}}],"collection":[{"href":"https:\/\/aspettandomilanocortina2026.it\/fr\/wp-json\/wp\/v2\/posts"}],"about":[{"href":"https:\/\/aspettandomilanocortina2026.it\/fr\/wp-json\/wp\/v2\/types\/post"}],"author":[{"embeddable":true,"href":"https:\/\/aspettandomilanocortina2026.it\/fr\/wp-json\/wp\/v2\/users\/3"}],"replies":[{"embeddable":true,"href":"https:\/\/aspettandomilanocortina2026.it\/fr\/wp-json\/wp\/v2\/comments?post=862"}],"version-history":[{"count":1,"href":"https:\/\/aspettandomilanocortina2026.it\/fr\/wp-json\/wp\/v2\/posts\/862\/revisions"}],"predecessor-version":[{"id":866,"href":"https:\/\/aspettandomilanocortina2026.it\/fr\/wp-json\/wp\/v2\/posts\/862\/revisions\/866"}],"wp:featuredmedia":[{"embeddable":true,"href":"https:\/\/aspettandomilanocortina2026.it\/fr\/wp-json\/wp\/v2\/media\/865"}],"wp:attachment":[{"href":"https:\/\/aspettandomilanocortina2026.it\/fr\/wp-json\/wp\/v2\/media?parent=862"}],"wp:term":[{"taxonomy":"category","embeddable":true,"href":"https:\/\/aspettandomilanocortina2026.it\/fr\/wp-json\/wp\/v2\/categories?post=862"},{"taxonomy":"post_tag","embeddable":true,"href":"https:\/\/aspettandomilanocortina2026.it\/fr\/wp-json\/wp\/v2\/tags?post=862"}],"curies":[{"name":"wp","href":"https:\/\/api.w.org\/{rel}","templated":true}]}}