{"id":85,"date":"2025-04-10T22:29:11","date_gmt":"2025-04-10T21:29:11","guid":{"rendered":"https:\/\/aspettandomilanocortina2026.it\/?p=85"},"modified":"2025-04-17T14:57:26","modified_gmt":"2025-04-17T13:57:26","slug":"demo","status":"publish","type":"post","link":"https:\/\/aspettandomilanocortina2026.it\/fr\/demo\/","title":{"rendered":"Les Jeux olympiques d'hiver de demain"},"content":{"rendered":"<script type=\"text\/plain\" data-tcf=\"waiting-for-consent\" data-id=\"1033\" data-bid=\"1\" data-placement=\"1034\">PGRpdiBpZD0iYW1jLTExMDQ5ODg1NSIgY2xhc3M9ImFtYy1wcmltYS1kZWwtY29udGVudXRvIj48c2NyaXB0IGFzeW5jIHNyYz0iLy9wYWdlYWQyLmdvb2dsZXN5bmRpY2F0aW9uLmNvbS9wYWdlYWQvanMvYWRzYnlnb29nbGUuanM\/Y2xpZW50PWNhLXB1Yi00NDAxMTQ1MDI3NTM5MTE1IiBjcm9zc29yaWdpbj0iYW5vbnltb3VzIj48L3NjcmlwdD48aW5zIGNsYXNzPSJhZHNieWdvb2dsZSIgc3R5bGU9ImRpc3BsYXk6YmxvY2s7IiBkYXRhLWFkLWNsaWVudD0iY2EtcHViLTQ0MDExNDUwMjc1MzkxMTUiIApkYXRhLWFkLXNsb3Q9IiIgCmRhdGEtYWQtZm9ybWF0PSJhdXRvIiBkYXRhLWZ1bGwtd2lkdGgtcmVzcG9uc2l2ZT0idHJ1ZSI+PC9pbnM+CjxzY3JpcHQ+IAooYWRzYnlnb29nbGUgPSB3aW5kb3cuYWRzYnlnb29nbGUgfHwgW10pLnB1c2goe30pOyAKPC9zY3JpcHQ+CjwvZGl2Pg==<\/script>\n<p>Les Jeux olympiques d'hiver de Milan-Cortina 2026 repr\u00e9sentent un \u00e9v\u00e9nement historique pour l'Italie, puisqu'ils marquent le retour des Jeux dans notre pays apr\u00e8s vingt ans d'absence. Avec un m\u00e9lange de tradition et d'innovation, cette \u00e9dition promet d'\u00eatre unique, \u00e0 la fois en termes de sport et d'infrastructure.<\/p><script type=\"text\/plain\" data-tcf=\"waiting-for-consent\" data-id=\"1037\" data-bid=\"1\" data-placement=\"726\">PGRpdiBpZD0iYW1jLTMzMjkxMzY0MDgiIGNsYXNzPSJhbWMtcG9zdC1jb250ZW50IiBzdHlsZT0ibWFyZ2luLWxlZnQ6IGF1dG87bWFyZ2luLXJpZ2h0OiBhdXRvO3RleHQtYWxpZ246IGNlbnRlcjsiPjxzY3JpcHQgYXN5bmMgc3JjPSIvL3BhZ2VhZDIuZ29vZ2xlc3luZGljYXRpb24uY29tL3BhZ2VhZC9qcy9hZHNieWdvb2dsZS5qcz9jbGllbnQ9Y2EtcHViLTQ0MDExNDUwMjc1MzkxMTUiIGNyb3Nzb3JpZ2luPSJhbm9ueW1vdXMiPjwvc2NyaXB0PjxpbnMgY2xhc3M9ImFkc2J5Z29vZ2xlIiBzdHlsZT0iZGlzcGxheTpibG9jazsiIGRhdGEtYWQtY2xpZW50PSJjYS1wdWItNDQwMTE0NTAyNzUzOTExNSIgCmRhdGEtYWQtc2xvdD0iODAyMDU4Mzc5MyIgCmRhdGEtYWQtZm9ybWF0PSJhdXRvIiBkYXRhLWZ1bGwtd2lkdGgtcmVzcG9uc2l2ZT0idHJ1ZSI+PC9pbnM+CjxzY3JpcHQ+IAooYWRzYnlnb29nbGUgPSB3aW5kb3cuYWRzYnlnb29nbGUgfHwgW10pLnB1c2goe30pOyAKPC9zY3JpcHQ+CjwvZGl2PjxiciBzdHlsZT0iY2xlYXI6IGJvdGg7IGRpc3BsYXk6IGJsb2NrOyBmbG9hdDogbm9uZTsiLz4=<\/script>\n\n\n\n<figure class=\"wp-block-gallery has-nested-images columns-default is-cropped wp-block-gallery-1 is-layout-flex wp-block-gallery-is-layout-flex\">\n<figure class=\"wp-block-image size-large\"><img loading=\"lazy\" decoding=\"async\" width=\"963\" height=\"1024\" data-id=\"128\" src=\"https:\/\/aspettandomilanocortina2026.it\/wp-content\/uploads\/2025\/04\/2ok.pexels-earth-photart-2149767641-31254267-963x1024.jpg\" alt=\"\" class=\"wp-image-128\" title=\"\" srcset=\"https:\/\/aspettandomilanocortina2026.it\/wp-content\/uploads\/2025\/04\/2ok.pexels-earth-photart-2149767641-31254267-963x1024.jpg 963w, https:\/\/aspettandomilanocortina2026.it\/wp-content\/uploads\/2025\/04\/2ok.pexels-earth-photart-2149767641-31254267-282x300.jpg 282w, https:\/\/aspettandomilanocortina2026.it\/wp-content\/uploads\/2025\/04\/2ok.pexels-earth-photart-2149767641-31254267-768x817.jpg 768w, https:\/\/aspettandomilanocortina2026.it\/wp-content\/uploads\/2025\/04\/2ok.pexels-earth-photart-2149767641-31254267-1445x1536.jpg 1445w, https:\/\/aspettandomilanocortina2026.it\/wp-content\/uploads\/2025\/04\/2ok.pexels-earth-photart-2149767641-31254267-1926x2048.jpg 1926w\" sizes=\"auto, (max-width: 963px) 100vw, 963px\" \/><\/figure>\n<\/figure>\n\n\n\n<p><strong>Une \u00e9dition diffuse entre Milan et Cortina<\/strong><\/p><script type=\"text\/plain\" data-tcf=\"waiting-for-consent\" data-id=\"1033\" data-bid=\"1\" data-placement=\"985\">PGRpdiBpZD0iYW1jLTI3NzM2MzYwOTYiIGNsYXNzPSJhbWMtbWgtbWlkIj48c2NyaXB0IGFzeW5jIHNyYz0iLy9wYWdlYWQyLmdvb2dsZXN5bmRpY2F0aW9uLmNvbS9wYWdlYWQvanMvYWRzYnlnb29nbGUuanM\/Y2xpZW50PWNhLXB1Yi00NDAxMTQ1MDI3NTM5MTE1IiBjcm9zc29yaWdpbj0iYW5vbnltb3VzIj48L3NjcmlwdD48aW5zIGNsYXNzPSJhZHNieWdvb2dsZSIgc3R5bGU9ImRpc3BsYXk6YmxvY2s7IiBkYXRhLWFkLWNsaWVudD0iY2EtcHViLTQ0MDExNDUwMjc1MzkxMTUiIApkYXRhLWFkLXNsb3Q9IiIgCmRhdGEtYWQtZm9ybWF0PSJhdXRvIiBkYXRhLWZ1bGwtd2lkdGgtcmVzcG9uc2l2ZT0idHJ1ZSI+PC9pbnM+CjxzY3JpcHQ+IAooYWRzYnlnb29nbGUgPSB3aW5kb3cuYWRzYnlnb29nbGUgfHwgW10pLnB1c2goe30pOyAKPC9zY3JpcHQ+CjwvZGl2Pg==<\/script>\n\n\n\n<p>L'une des principales caract\u00e9ristiques de Milan-Cortina 2026 est son caract\u00e8re \"diss\u00e9min\u00e9\". Les comp\u00e9titions se d\u00e9rouleront dans diff\u00e9rents lieux en Lombardie, en V\u00e9n\u00e9tie et dans les provinces autonomes de Trente et de Bolzano. Ce choix permet non seulement de valoriser le territoire, mais aussi de promouvoir un mod\u00e8le durable, en minimisant l'impact sur l'environnement gr\u00e2ce \u00e0 la r\u00e9utilisation d'installations existantes.<\/p>\n\n\n\n<p><strong>Disciplines et nouveaut\u00e9s<\/strong><\/p>\n\n\n\n<p>Le programme olympique de 2026 comprendra toutes les disciplines hivernales classiques, du ski alpin au hockey sur glace, du snowboard au patinage artistique. De nouvelles comp\u00e9titions et de nouveaux formats devraient \u00e9galement \u00eatre introduits pour rendre le spectacle encore plus attrayant pour le public mondial.<\/p>\n\n\n\n<p><strong>Un impact durable<\/strong><\/p>\n\n\n\n<p>Milan-Cortina 2026 ne sera pas seulement un \u00e9v\u00e9nement sportif, mais aussi une opportunit\u00e9 de croissance pour l'Italie. L'am\u00e9lioration des infrastructures, notamment des transports et des installations, laissera un h\u00e9ritage durable aux g\u00e9n\u00e9rations futures.<\/p>\n\n\n\n<p>L'enthousiasme grandit de jour en jour et l'attente des Jeux d'hiver de 2026 est de plus en plus grande. Ce seront des Jeux olympiques innovants, durables et spectaculaires, pr\u00eats \u00e0 \u00e9crire un nouveau chapitre de l'histoire du sport mondial.<\/p>\n\n\n\n<p>\ud83d\udc49 <strong>Restez \u00e0 l'\u00e9coute pour en savoir plus sur cet \u00e9v\u00e9nement extraordinaire !<\/strong><\/p>\n\n\n\n<p><\/p>\n<div class=\"amc-dopo-il-contenuto\" id=\"amc-377998362\"><script type=\"text\/plain\" data-tcf=\"waiting-for-consent\" data-id=\"1033\" data-bid=\"1\">PGRpdiBpZD0iYW1jLTEzODc2NTQ4NzgiPjxzY3JpcHQgYXN5bmMgc3JjPSIvL3BhZ2VhZDIuZ29vZ2xlc3luZGljYXRpb24uY29tL3BhZ2VhZC9qcy9hZHNieWdvb2dsZS5qcz9jbGllbnQ9Y2EtcHViLTQ0MDExNDUwMjc1MzkxMTUiIGNyb3Nzb3JpZ2luPSJhbm9ueW1vdXMiPjwvc2NyaXB0PjxpbnMgY2xhc3M9ImFkc2J5Z29vZ2xlIiBzdHlsZT0iZGlzcGxheTpibG9jazsiIGRhdGEtYWQtY2xpZW50PSJjYS1wdWItNDQwMTE0NTAyNzUzOTExNSIgCmRhdGEtYWQtc2xvdD0iIiAKZGF0YS1hZC1mb3JtYXQ9ImF1dG8iIGRhdGEtZnVsbC13aWR0aC1yZXNwb25zaXZlPSJ0cnVlIj48L2lucz4KPHNjcmlwdD4gCihhZHNieWdvb2dsZSA9IHdpbmRvdy5hZHNieWdvb2dsZSB8fCBbXSkucHVzaCh7fSk7IAo8L3NjcmlwdD4KPC9kaXY+<\/script><\/div>","protected":false},"excerpt":{"rendered":"<p>Le Olimpiadi Invernali di Milano-Cortina 2026 rappresentano un evento storico per l&#8217;Italia, segnando il ritorno dei Giochi nel nostro Paese dopo vent&#8217;anni. Con un mix di tradizione e innovazione, questa edizione promette di essere unica, sia dal punto di vista sportivo che infrastrutturale. Un&#8217;Edizione Diffusa tra Milano e Cortina Una delle caratteristiche principali di Milano-Cortina [&hellip;]<\/p>","protected":false},"author":2,"featured_media":128,"comment_status":"open","ping_status":"open","sticky":false,"template":"","format":"standard","meta":{"_acf_changed":false,"footnotes":""},"categories":[1],"tags":[],"class_list":["post-85","post","type-post","status-publish","format-standard","has-post-thumbnail","hentry","category-notizie-e-aggiornamenti"],"acf":[],"_links":{"self":[{"href":"https:\/\/aspettandomilanocortina2026.it\/fr\/wp-json\/wp\/v2\/posts\/85","targetHints":{"allow":["GET"]}}],"collection":[{"href":"https:\/\/aspettandomilanocortina2026.it\/fr\/wp-json\/wp\/v2\/posts"}],"about":[{"href":"https:\/\/aspettandomilanocortina2026.it\/fr\/wp-json\/wp\/v2\/types\/post"}],"author":[{"embeddable":true,"href":"https:\/\/aspettandomilanocortina2026.it\/fr\/wp-json\/wp\/v2\/users\/2"}],"replies":[{"embeddable":true,"href":"https:\/\/aspettandomilanocortina2026.it\/fr\/wp-json\/wp\/v2\/comments?post=85"}],"version-history":[{"count":3,"href":"https:\/\/aspettandomilanocortina2026.it\/fr\/wp-json\/wp\/v2\/posts\/85\/revisions"}],"predecessor-version":[{"id":129,"href":"https:\/\/aspettandomilanocortina2026.it\/fr\/wp-json\/wp\/v2\/posts\/85\/revisions\/129"}],"wp:featuredmedia":[{"embeddable":true,"href":"https:\/\/aspettandomilanocortina2026.it\/fr\/wp-json\/wp\/v2\/media\/128"}],"wp:attachment":[{"href":"https:\/\/aspettandomilanocortina2026.it\/fr\/wp-json\/wp\/v2\/media?parent=85"}],"wp:term":[{"taxonomy":"category","embeddable":true,"href":"https:\/\/aspettandomilanocortina2026.it\/fr\/wp-json\/wp\/v2\/categories?post=85"},{"taxonomy":"post_tag","embeddable":true,"href":"https:\/\/aspettandomilanocortina2026.it\/fr\/wp-json\/wp\/v2\/tags?post=85"}],"curies":[{"name":"wp","href":"https:\/\/api.w.org\/{rel}","templated":true}]}}