{"id":849,"date":"2025-07-29T13:37:21","date_gmt":"2025-07-29T12:37:21","guid":{"rendered":"https:\/\/aspettandomilanocortina2026.it\/?p=849"},"modified":"2025-07-29T13:37:22","modified_gmt":"2025-07-29T12:37:22","slug":"tour-de-france-2025-tadej-pogacar-domine-entre-mythe-et-legende","status":"publish","type":"post","link":"https:\/\/aspettandomilanocortina2026.it\/fr\/tour-de-france-2025-tadej-pogacar-domine-entre-mythe-et-legende\/","title":{"rendered":"Tour de France 2025 : Tadej Poga\u010dar domine entre mythe et l\u00e9gende"},"content":{"rendered":"<script type=\"text\/plain\" data-tcf=\"waiting-for-consent\" data-id=\"1033\" data-bid=\"1\" data-placement=\"1034\">PGRpdiBpZD0iYW1jLTg4MTQ5NDU3MCIgY2xhc3M9ImFtYy1wcmltYS1kZWwtY29udGVudXRvIj48c2NyaXB0IGFzeW5jIHNyYz0iLy9wYWdlYWQyLmdvb2dsZXN5bmRpY2F0aW9uLmNvbS9wYWdlYWQvanMvYWRzYnlnb29nbGUuanM\/Y2xpZW50PWNhLXB1Yi00NDAxMTQ1MDI3NTM5MTE1IiBjcm9zc29yaWdpbj0iYW5vbnltb3VzIj48L3NjcmlwdD48aW5zIGNsYXNzPSJhZHNieWdvb2dsZSIgc3R5bGU9ImRpc3BsYXk6YmxvY2s7IiBkYXRhLWFkLWNsaWVudD0iY2EtcHViLTQ0MDExNDUwMjc1MzkxMTUiIApkYXRhLWFkLXNsb3Q9IiIgCmRhdGEtYWQtZm9ybWF0PSJhdXRvIiBkYXRhLWZ1bGwtd2lkdGgtcmVzcG9uc2l2ZT0idHJ1ZSI+PC9pbnM+CjxzY3JpcHQ+IAooYWRzYnlnb29nbGUgPSB3aW5kb3cuYWRzYnlnb29nbGUgfHwgW10pLnB1c2goe30pOyAKPC9zY3JpcHQ+CjwvZGl2Pg==<\/script>\n<p>Paris, le 27 juillet 2025, avec le soleil couchant sur les Champs Elys\u00e9es et le drapeau tricolore slov\u00e8ne flottant sur la premi\u00e8re marche du podium, <strong>Tadej Poga\u010dar<\/strong> a \u00e9crit une nouvelle page de l'histoire du cyclisme en remportant son quatri\u00e8me Tour de France, apr\u00e8s ceux de 2020, 2021 et 2024. Un exploit qui le place parmi les g\u00e9ants de la Grande Boucle, aux c\u00f4t\u00e9s de noms tels qu'Anquetil, Merckx et Froome.<\/p><script type=\"text\/plain\" data-tcf=\"waiting-for-consent\" data-id=\"1037\" data-bid=\"1\" data-placement=\"726\">PGRpdiBpZD0iYW1jLTEzMzQzNzE3MjQiIGNsYXNzPSJhbWMtcG9zdC1jb250ZW50IiBzdHlsZT0ibWFyZ2luLWxlZnQ6IGF1dG87bWFyZ2luLXJpZ2h0OiBhdXRvO3RleHQtYWxpZ246IGNlbnRlcjsiPjxzY3JpcHQgYXN5bmMgc3JjPSIvL3BhZ2VhZDIuZ29vZ2xlc3luZGljYXRpb24uY29tL3BhZ2VhZC9qcy9hZHNieWdvb2dsZS5qcz9jbGllbnQ9Y2EtcHViLTQ0MDExNDUwMjc1MzkxMTUiIGNyb3Nzb3JpZ2luPSJhbm9ueW1vdXMiPjwvc2NyaXB0PjxpbnMgY2xhc3M9ImFkc2J5Z29vZ2xlIiBzdHlsZT0iZGlzcGxheTpibG9jazsiIGRhdGEtYWQtY2xpZW50PSJjYS1wdWItNDQwMTE0NTAyNzUzOTExNSIgCmRhdGEtYWQtc2xvdD0iODAyMDU4Mzc5MyIgCmRhdGEtYWQtZm9ybWF0PSJhdXRvIiBkYXRhLWZ1bGwtd2lkdGgtcmVzcG9uc2l2ZT0idHJ1ZSI+PC9pbnM+CjxzY3JpcHQ+IAooYWRzYnlnb29nbGUgPSB3aW5kb3cuYWRzYnlnb29nbGUgfHwgW10pLnB1c2goe30pOyAKPC9zY3JpcHQ+CjwvZGl2PjxiciBzdHlsZT0iY2xlYXI6IGJvdGg7IGRpc3BsYXk6IGJsb2NrOyBmbG9hdDogbm9uZTsiLz4=<\/script>\n\n\n\n<h2 class=\"wp-block-heading\"><strong>Une course domin\u00e9e par la classe<\/strong><\/h2>\n\n\n\n<p>Le coureur de l'\u00e9quipe UAE Team Emirates-XRG a abord\u00e9 le Tour avec une intelligence strat\u00e9gique et une force extraordinaire. Apr\u00e8s une premi\u00e8re semaine tr\u00e8s tactique, il a pris la course \u00e0 bras-le-corps d\u00e8s la quatri\u00e8me \u00e9tape, avec une action imp\u00e9riale entre Amiens et Rouen, se d\u00e9tachant de ses rivaux directs tels que Jonas Vingegaard et s'emparant du maillot jaune. A partir de ce moment, personne n'a pu lui ravir le maillot jaune.<\/p><script type=\"text\/plain\" data-tcf=\"waiting-for-consent\" data-id=\"1033\" data-bid=\"1\" data-placement=\"985\">PGRpdiBpZD0iYW1jLTU2OTMxNTQwIiBjbGFzcz0iYW1jLW1oLW1pZCI+PHNjcmlwdCBhc3luYyBzcmM9Ii8vcGFnZWFkMi5nb29nbGVzeW5kaWNhdGlvbi5jb20vcGFnZWFkL2pzL2Fkc2J5Z29vZ2xlLmpzP2NsaWVudD1jYS1wdWItNDQwMTE0NTAyNzUzOTExNSIgY3Jvc3NvcmlnaW49ImFub255bW91cyI+PC9zY3JpcHQ+PGlucyBjbGFzcz0iYWRzYnlnb29nbGUiIHN0eWxlPSJkaXNwbGF5OmJsb2NrOyIgZGF0YS1hZC1jbGllbnQ9ImNhLXB1Yi00NDAxMTQ1MDI3NTM5MTE1IiAKZGF0YS1hZC1zbG90PSIiIApkYXRhLWFkLWZvcm1hdD0iYXV0byIgZGF0YS1mdWxsLXdpZHRoLXJlc3BvbnNpdmU9InRydWUiPjwvaW5zPgo8c2NyaXB0PiAKKGFkc2J5Z29vZ2xlID0gd2luZG93LmFkc2J5Z29vZ2xlIHx8IFtdKS5wdXNoKHt9KTsgCjwvc2NyaXB0Pgo8L2Rpdj4=<\/script>\n\n\n\n<p>Son avantage final au classement g\u00e9n\u00e9ral \u00e9tait \u00e9vident :<\/p>\n\n\n\n<ul class=\"wp-block-list\">\n<li>1er - Tadej Poga\u010dar (EAU)<\/li>\n\n\n\n<li>2\u00e8me - Jonas Vingegaard (Visma | Lease a Bike) +4'24\".<\/li>\n\n\n\n<li>3\u00e8me - Florian Lipowitz (Red Bull-Bora-Hansgrohe) +11'12\".<\/li>\n<\/ul>\n\n\n\n<h2 class=\"wp-block-heading\"><strong>La montagne, th\u00e9\u00e2tre de la gloire<\/strong><\/h2>\n\n\n\n<p>Poga\u010dar a offert un v\u00e9ritable spectacle dans les Alpes et les Pyr\u00e9n\u00e9es. Il a remport\u00e9 quatre \u00e9tapes, dont l'\u00e9tape reine avec l'arriv\u00e9e \u00e0 Hautacam, o\u00f9 il a inflig\u00e9 de lourds \u00e9carts \u00e0 tout le monde. Il a remport\u00e9 le maillot \u00e0 pois de meilleur grimpeur et s'est battu \u00e0 chaque occasion, incarnant le cyclisme d'attaque dont r\u00eave le public.<\/p>\n\n\n\n<p>\"Je voulais rendre ce Tour inoubliable. Pas seulement pour gagner, mais pour honorer la course\", a-t-il d\u00e9clar\u00e9 lors de l'arriv\u00e9e finale \u00e0 Paris.<\/p>\n\n\n\n<h2 class=\"wp-block-heading\"><strong>Pas seulement Poga\u010dar : les autres stars du Tour<\/strong><\/h2>\n\n\n\n<ul class=\"wp-block-list\">\n<li>Jonathan Milan a domin\u00e9 les sprints, prenant le maillot vert avec quatre succ\u00e8s dans des \u00e9tapes plates.<\/li>\n\n\n\n<li>Florian Lipowitz, la r\u00e9v\u00e9lation du Tour, a m\u00e9rit\u00e9 de porter le maillot blanc, faisant preuve de talent et d'endurance.<\/li>\n\n\n\n<li>Vingegaard, bien que n'\u00e9tant pas au mieux de sa forme, s'est battu avec dignit\u00e9, consolidant ainsi sa r\u00e9putation d'\u00e9ternel rival du Slov\u00e8ne.<\/li>\n<\/ul>\n\n\n\n<h2 class=\"wp-block-heading\"><strong>La route 2025 : l'une des plus difficiles de ces derni\u00e8res ann\u00e9es<\/strong><\/h2>\n\n\n\n<p>Le Tour de France 2025 s'est \u00e9lanc\u00e9 le 5 juillet de Lille, avant de s'engager sur un itin\u00e9raire technique et nerveux, fait de petites c\u00f4tes et de murs typiques des Flandres. Apr\u00e8s une deuxi\u00e8me semaine alpine d\u00e9vastatrice, le Tour s'est jou\u00e9 dans les \u00e9tapes pyr\u00e9n\u00e9ennes, avant d'entrer \u00e0 Paris le 27 juillet.<\/p>\n\n\n\n<ul class=\"wp-block-list\">\n<li>21 \u00e9tapes<\/li>\n\n\n\n<li>Plus de 3 500 km<\/li>\n\n\n\n<li>7 arriv\u00e9es en mont\u00e9e<\/li>\n\n\n\n<li>2 \u00e9preuves individuelles contre la montre<\/li>\n\n\n\n<li>1 \u00e9tape en gravier entre l'Auvergne et le Rh\u00f4ne<\/li>\n<\/ul>\n\n\n\n<h2 class=\"wp-block-heading\"><strong>Une l\u00e9gende moderne<\/strong><\/h2>\n\n\n\n<p>\u00c0 seulement 26 ans, Tadej Poga\u010dar a d\u00e9j\u00e0 remport\u00e9 quatre Tour de France, deux Giro di Lombardia, un Li\u00e8ge-Bastogne-Li\u00e8ge et un Tour des Flandres. Son style agressif, jamais passif, a fait de lui l'un des athl\u00e8tes les plus aim\u00e9s et les plus suivis au monde. Son sourire, son respect pour ses adversaires et son empathie avec le public font de lui non seulement un champion, mais aussi un ambassadeur mondial du sport.<\/p>\n\n\n\n<p>Le Tour de France 2025 se cl\u00f4t sous le signe de la classe, du spectacle et de l'\u00e9pop\u00e9e. Tadej Poga\u010dar s'est confirm\u00e9 comme l'homme \u00e0 battre, mais aussi l'idole qui a raviv\u00e9 la passion du cyclisme. En attendant le prochain duel, le monde applaudit le roi de la Grande Boucle.<\/p>\n<div class=\"amc-dopo-il-contenuto\" id=\"amc-1407313924\"><script type=\"text\/plain\" data-tcf=\"waiting-for-consent\" data-id=\"1033\" data-bid=\"1\">PGRpdiBpZD0iYW1jLTI2MTQ3OTI3MTciPjxzY3JpcHQgYXN5bmMgc3JjPSIvL3BhZ2VhZDIuZ29vZ2xlc3luZGljYXRpb24uY29tL3BhZ2VhZC9qcy9hZHNieWdvb2dsZS5qcz9jbGllbnQ9Y2EtcHViLTQ0MDExNDUwMjc1MzkxMTUiIGNyb3Nzb3JpZ2luPSJhbm9ueW1vdXMiPjwvc2NyaXB0PjxpbnMgY2xhc3M9ImFkc2J5Z29vZ2xlIiBzdHlsZT0iZGlzcGxheTpibG9jazsiIGRhdGEtYWQtY2xpZW50PSJjYS1wdWItNDQwMTE0NTAyNzUzOTExNSIgCmRhdGEtYWQtc2xvdD0iIiAKZGF0YS1hZC1mb3JtYXQ9ImF1dG8iIGRhdGEtZnVsbC13aWR0aC1yZXNwb25zaXZlPSJ0cnVlIj48L2lucz4KPHNjcmlwdD4gCihhZHNieWdvb2dsZSA9IHdpbmRvdy5hZHNieWdvb2dsZSB8fCBbXSkucHVzaCh7fSk7IAo8L3NjcmlwdD4KPC9kaXY+<\/script><\/div>","protected":false},"excerpt":{"rendered":"<p>Parigi, 27 luglio 2025, con il sole al tramonto sui Campi Elisi e il tricolore sloveno sventolante sul gradino pi\u00f9 alto del podio, Tadej Poga\u010dar ha scritto un nuovo capitolo nella storia del ciclismo, conquistando il suo quarto Tour de France, dopo i trionfi del 2020, 2021 e 2024. Un\u2019impresa che lo colloca tra i [&hellip;]<\/p>","protected":false},"author":3,"featured_media":850,"comment_status":"open","ping_status":"open","sticky":false,"template":"","format":"standard","meta":{"_acf_changed":false,"footnotes":""},"categories":[1],"tags":[],"class_list":["post-849","post","type-post","status-publish","format-standard","has-post-thumbnail","hentry","category-notizie-e-aggiornamenti"],"acf":[],"_links":{"self":[{"href":"https:\/\/aspettandomilanocortina2026.it\/fr\/wp-json\/wp\/v2\/posts\/849","targetHints":{"allow":["GET"]}}],"collection":[{"href":"https:\/\/aspettandomilanocortina2026.it\/fr\/wp-json\/wp\/v2\/posts"}],"about":[{"href":"https:\/\/aspettandomilanocortina2026.it\/fr\/wp-json\/wp\/v2\/types\/post"}],"author":[{"embeddable":true,"href":"https:\/\/aspettandomilanocortina2026.it\/fr\/wp-json\/wp\/v2\/users\/3"}],"replies":[{"embeddable":true,"href":"https:\/\/aspettandomilanocortina2026.it\/fr\/wp-json\/wp\/v2\/comments?post=849"}],"version-history":[{"count":1,"href":"https:\/\/aspettandomilanocortina2026.it\/fr\/wp-json\/wp\/v2\/posts\/849\/revisions"}],"predecessor-version":[{"id":851,"href":"https:\/\/aspettandomilanocortina2026.it\/fr\/wp-json\/wp\/v2\/posts\/849\/revisions\/851"}],"wp:featuredmedia":[{"embeddable":true,"href":"https:\/\/aspettandomilanocortina2026.it\/fr\/wp-json\/wp\/v2\/media\/850"}],"wp:attachment":[{"href":"https:\/\/aspettandomilanocortina2026.it\/fr\/wp-json\/wp\/v2\/media?parent=849"}],"wp:term":[{"taxonomy":"category","embeddable":true,"href":"https:\/\/aspettandomilanocortina2026.it\/fr\/wp-json\/wp\/v2\/categories?post=849"},{"taxonomy":"post_tag","embeddable":true,"href":"https:\/\/aspettandomilanocortina2026.it\/fr\/wp-json\/wp\/v2\/tags?post=849"}],"curies":[{"name":"wp","href":"https:\/\/api.w.org\/{rel}","templated":true}]}}