{"id":843,"date":"2025-07-25T14:23:30","date_gmt":"2025-07-25T13:23:30","guid":{"rendered":"https:\/\/aspettandomilanocortina2026.it\/?p=843"},"modified":"2025-07-25T14:25:39","modified_gmt":"2025-07-25T13:25:39","slug":"13-decembre-2025-nuoro-accueille-la-flamme-olympique-dans-le-coeur-culturel-de-la-sardaigne","status":"publish","type":"post","link":"https:\/\/aspettandomilanocortina2026.it\/fr\/13-decembre-2025-nuoro-accueille-la-flamme-olympique-dans-le-coeur-culturel-de-la-sardaigne\/","title":{"rendered":"13 d\u00e9cembre 2025 : Nuoro accueille la flamme olympique, c\u0153ur culturel de la Sardaigne"},"content":{"rendered":"<script type=\"text\/plain\" data-tcf=\"waiting-for-consent\" data-id=\"1033\" data-bid=\"1\" data-placement=\"1034\">PGRpdiBpZD0iYW1jLTI2NzA2MTc4NTciIGNsYXNzPSJhbWMtcHJpbWEtZGVsLWNvbnRlbnV0byI+PHNjcmlwdCBhc3luYyBzcmM9Ii8vcGFnZWFkMi5nb29nbGVzeW5kaWNhdGlvbi5jb20vcGFnZWFkL2pzL2Fkc2J5Z29vZ2xlLmpzP2NsaWVudD1jYS1wdWItNDQwMTE0NTAyNzUzOTExNSIgY3Jvc3NvcmlnaW49ImFub255bW91cyI+PC9zY3JpcHQ+PGlucyBjbGFzcz0iYWRzYnlnb29nbGUiIHN0eWxlPSJkaXNwbGF5OmJsb2NrOyIgZGF0YS1hZC1jbGllbnQ9ImNhLXB1Yi00NDAxMTQ1MDI3NTM5MTE1IiAKZGF0YS1hZC1zbG90PSIiIApkYXRhLWFkLWZvcm1hdD0iYXV0byIgZGF0YS1mdWxsLXdpZHRoLXJlc3BvbnNpdmU9InRydWUiPjwvaW5zPgo8c2NyaXB0PiAKKGFkc2J5Z29vZ2xlID0gd2luZG93LmFkc2J5Z29vZ2xlIHx8IFtdKS5wdXNoKHt9KTsgCjwvc2NyaXB0Pgo8L2Rpdj4=<\/script>\n<p>Le 13 d\u00e9cembre 2025, la ville de Nuoro deviendra le protagoniste du parcours de la flamme olympique Milan-Cortina 2026, apr\u00e8s l'\u00e9tape toscane de Livourne et avant de continuer vers Cagliari. La flamme symbolique s'arr\u00eatera dans une terre impr\u00e9gn\u00e9e d'art, de traditions et de fiert\u00e9 identitaire sarde.<\/p><script type=\"text\/plain\" data-tcf=\"waiting-for-consent\" data-id=\"1037\" data-bid=\"1\" data-placement=\"726\">PGRpdiBpZD0iYW1jLTI3NTQyMDg2NzUiIGNsYXNzPSJhbWMtcG9zdC1jb250ZW50IiBzdHlsZT0ibWFyZ2luLWxlZnQ6IGF1dG87bWFyZ2luLXJpZ2h0OiBhdXRvO3RleHQtYWxpZ246IGNlbnRlcjsiPjxzY3JpcHQgYXN5bmMgc3JjPSIvL3BhZ2VhZDIuZ29vZ2xlc3luZGljYXRpb24uY29tL3BhZ2VhZC9qcy9hZHNieWdvb2dsZS5qcz9jbGllbnQ9Y2EtcHViLTQ0MDExNDUwMjc1MzkxMTUiIGNyb3Nzb3JpZ2luPSJhbm9ueW1vdXMiPjwvc2NyaXB0PjxpbnMgY2xhc3M9ImFkc2J5Z29vZ2xlIiBzdHlsZT0iZGlzcGxheTpibG9jazsiIGRhdGEtYWQtY2xpZW50PSJjYS1wdWItNDQwMTE0NTAyNzUzOTExNSIgCmRhdGEtYWQtc2xvdD0iODAyMDU4Mzc5MyIgCmRhdGEtYWQtZm9ybWF0PSJhdXRvIiBkYXRhLWZ1bGwtd2lkdGgtcmVzcG9uc2l2ZT0idHJ1ZSI+PC9pbnM+CjxzY3JpcHQ+IAooYWRzYnlnb29nbGUgPSB3aW5kb3cuYWRzYnlnb29nbGUgfHwgW10pLnB1c2goe30pOyAKPC9zY3JpcHQ+CjwvZGl2PjxiciBzdHlsZT0iY2xlYXI6IGJvdGg7IGRpc3BsYXk6IGJsb2NrOyBmbG9hdDogbm9uZTsiLz4=<\/script>\n\n\n\n<h2 class=\"wp-block-heading\"><strong>Nuoro entre Barbagia et identit\u00e9 sarde<\/strong><\/h2>\n\n\n\n<p>Situ\u00e9e au c\u0153ur de la Barbagia, Nuoro est un tr\u00e9sor culturel : sa pr\u00e9sence sur le parcours de la flamme repr\u00e9sente un pont entre la Sardaigne et le reste de l'Italie. Berceau d'\u00e9crivains, de po\u00e8tes et d'artistes, Nuoro sait transformer le passage de la flamme en un moment d'identit\u00e9 collective.<\/p><script type=\"text\/plain\" data-tcf=\"waiting-for-consent\" data-id=\"1033\" data-bid=\"1\" data-placement=\"985\">PGRpdiBpZD0iYW1jLTM3NjcyNDkzODQiIGNsYXNzPSJhbWMtbWgtbWlkIj48c2NyaXB0IGFzeW5jIHNyYz0iLy9wYWdlYWQyLmdvb2dsZXN5bmRpY2F0aW9uLmNvbS9wYWdlYWQvanMvYWRzYnlnb29nbGUuanM\/Y2xpZW50PWNhLXB1Yi00NDAxMTQ1MDI3NTM5MTE1IiBjcm9zc29yaWdpbj0iYW5vbnltb3VzIj48L3NjcmlwdD48aW5zIGNsYXNzPSJhZHNieWdvb2dsZSIgc3R5bGU9ImRpc3BsYXk6YmxvY2s7IiBkYXRhLWFkLWNsaWVudD0iY2EtcHViLTQ0MDExNDUwMjc1MzkxMTUiIApkYXRhLWFkLXNsb3Q9IiIgCmRhdGEtYWQtZm9ybWF0PSJhdXRvIiBkYXRhLWZ1bGwtd2lkdGgtcmVzcG9uc2l2ZT0idHJ1ZSI+PC9pbnM+CjxzY3JpcHQ+IAooYWRzYnlnb29nbGUgPSB3aW5kb3cuYWRzYnlnb29nbGUgfHwgW10pLnB1c2goe30pOyAKPC9zY3JpcHQ+CjwvZGl2Pg==<\/script>\n\n\n\n<h2 class=\"wp-block-heading\"><strong>L'itin\u00e9raire urbain de relais<\/strong><\/h2>\n\n\n\n<p>Voici les \u00e9tapes pr\u00e9vues :<\/p>\n\n\n\n<ul class=\"wp-block-list\">\n<li>Arriv\u00e9e de la flamme le 13 d\u00e9cembre au matin<\/li>\n\n\n\n<li>Marche le long de la Via Tirso, puis par la Piazza Roma, le Corso Umberto, la Piazza Eleonora d'Arborea, jusqu'\u00e0 la ligne d'arriv\u00e9e sur la Piazza Sisinnio (ou une autre place centrale).<\/li>\n\n\n\n<li>\u00c9v\u00e9nement de cl\u00f4ture avec allumage de braseros, spectacles folkloriques, musique traditionnelle et communaut\u00e9.<\/li>\n<\/ul>\n\n\n\n<p>Les porteurs du flambeau seront une douzaine d'athl\u00e8tes locaux, de b\u00e9n\u00e9voles, d'\u00e9tudiants et de repr\u00e9sentants d'associations culturelles sardes. Chaque \u00e9tape repr\u00e9sentera une c\u00e9l\u00e9bration de l'appartenance et de la participation sociale.<\/p>\n\n\n\n<h2 class=\"wp-block-heading\"><strong>Ambiance d'art, de sport et de tradition<\/strong><\/h2>\n\n\n\n<p>Nuoro vivra une journ\u00e9e de festivit\u00e9s populaires : des spectacles de musique et de danses traditionnelles comme le chant de t\u00e9nor, des coins sur les sports locaux comme le rugby et l'athl\u00e9tisme, et des parcours narratifs sur le lien entre la ville et les Jeux d'hiver. Il n'y aura pas que des divertissements : des stands d'information seront install\u00e9s sur Milan Cortina 2026, le volontariat et la durabilit\u00e9.<\/p>\n\n\n\n<h2 class=\"wp-block-heading\"><strong>L'aspect vert de la flamme olympique<\/strong><\/h2>\n\n\n\n<p>La torche \"Essential\", symbole de l'\u00e9dition 2026, allie design et durabilit\u00e9 : elle est fabriqu\u00e9e \u00e0 partir de mat\u00e9riaux recycl\u00e9s, aliment\u00e9e au biogaz et rechargeable jusqu'\u00e0 10 fois. L'ensemble du parcours favorise la mobilit\u00e9 douce, avec des zones pi\u00e9tonnes et une accessibilit\u00e9 garantie pour tous les spectateurs.<\/p>\n\n\n\n<h2 class=\"wp-block-heading\"><strong>Prochaines \u00e9tapes apr\u00e8s Nuoro<\/strong><\/h2>\n\n\n\n<p>Le lendemain, 14 d\u00e9cembre, la flamme poursuivra son voyage vers Cagliari, en passant par Oristano avant d'atterrir en Sardaigne. Cela confirme la pr\u00e9sence de l'ensemble du parcours dans les principales \u00eeles italiennes, dans une continuit\u00e9 qui unit le territoire, l'identit\u00e9 et le sport.<\/p>\n\n\n\n<h2 class=\"wp-block-heading\"><strong>Chiffres et Trivia<\/strong><\/h2>\n\n\n\n<ul class=\"wp-block-list\">\n<li>Le parcours de la flamme durera 63 jours, touchera les 20 r\u00e9gions italiennes et couvrira quelque 12 000 km, avec la participation de plus de 10 000 relayeurs.<\/li>\n\n\n\n<li>Nuoro repr\u00e9sente la huiti\u00e8me \u00e9tape officielle, apr\u00e8s Livourne et avant Cagliari.<\/li>\n\n\n\n<li>Le relais souligne l'importance de combiner l'identit\u00e9 locale et les valeurs olympiques, en mettant en avant des r\u00e9gions moins \u00e9videntes.<\/li>\n<\/ul>\n\n\n\n<p>Le <strong>13 d\u00e9cembre 2025<\/strong>Nuoro ne sera pas seulement une \u00e9tape sur la carte de la flamme : elle sera la voix de la Sardaigne qui s'adressera \u00e0 tout le pays. Dans chaque tron\u00e7on parcouru par les porteurs de la flamme, l'histoire, la culture et le d\u00e9sir d'avenir coexistent. Un flambeau qui \u00e9claire, unit et raconte une Italie qui sait regarder vers l'avant, tout en se tournant vers ses racines les plus profondes.<\/p>\n\n\n\n<figure class=\"wp-block-embed is-type-video is-provider-youtube wp-block-embed-youtube wp-embed-aspect-16-9 wp-has-aspect-ratio\"><div class=\"wp-block-embed__wrapper\">\n<iframe loading=\"lazy\" title=\"Nuoro, le c\u0153ur de la Sardaigne\" width=\"500\" height=\"281\" src=\"https:\/\/www.youtube.com\/embed\/8Jx4F0tpuLk?feature=oembed\" frameborder=\"0\" allow=\"accelerometer; autoplay; clipboard-write; encrypted-media; gyroscope; picture-in-picture; web-share\" referrerpolicy=\"strict-origin-when-cross-origin\" allowfullscreen><\/iframe>\n<\/div><\/figure>\n<div class=\"amc-dopo-il-contenuto\" id=\"amc-3720558702\"><script type=\"text\/plain\" data-tcf=\"waiting-for-consent\" data-id=\"1033\" data-bid=\"1\">PGRpdiBpZD0iYW1jLTIxNTk2OTI0MjAiPjxzY3JpcHQgYXN5bmMgc3JjPSIvL3BhZ2VhZDIuZ29vZ2xlc3luZGljYXRpb24uY29tL3BhZ2VhZC9qcy9hZHNieWdvb2dsZS5qcz9jbGllbnQ9Y2EtcHViLTQ0MDExNDUwMjc1MzkxMTUiIGNyb3Nzb3JpZ2luPSJhbm9ueW1vdXMiPjwvc2NyaXB0PjxpbnMgY2xhc3M9ImFkc2J5Z29vZ2xlIiBzdHlsZT0iZGlzcGxheTpibG9jazsiIGRhdGEtYWQtY2xpZW50PSJjYS1wdWItNDQwMTE0NTAyNzUzOTExNSIgCmRhdGEtYWQtc2xvdD0iIiAKZGF0YS1hZC1mb3JtYXQ9ImF1dG8iIGRhdGEtZnVsbC13aWR0aC1yZXNwb25zaXZlPSJ0cnVlIj48L2lucz4KPHNjcmlwdD4gCihhZHNieWdvb2dsZSA9IHdpbmRvdy5hZHNieWdvb2dsZSB8fCBbXSkucHVzaCh7fSk7IAo8L3NjcmlwdD4KPC9kaXY+<\/script><\/div>","protected":false},"excerpt":{"rendered":"<p>Il 13 dicembre 2025 la citt\u00e0 di Nuoro diventer\u00e0 protagonista del viaggio della Fiaccola Olimpica Milano Cortina 2026, dopo la tappa toscana di Livorno e prima di proseguire verso Cagliari. La fiamma simbolica far\u00e0 tappa in una terra intrisa di arte, tradizioni e orgoglio identitario sardo. Nuoro tra barbagia e identit\u00e0 sarda Situata nel cuore [&hellip;]<\/p>","protected":false},"author":3,"featured_media":846,"comment_status":"open","ping_status":"open","sticky":false,"template":"","format":"standard","meta":{"_acf_changed":false,"footnotes":""},"categories":[5,1,16],"tags":[],"class_list":["post-843","post","type-post","status-publish","format-standard","has-post-thumbnail","hentry","category-guida-per-i-tifosi","category-notizie-e-aggiornamenti","category-notizie-e-approfondimenti"],"acf":[],"_links":{"self":[{"href":"https:\/\/aspettandomilanocortina2026.it\/fr\/wp-json\/wp\/v2\/posts\/843","targetHints":{"allow":["GET"]}}],"collection":[{"href":"https:\/\/aspettandomilanocortina2026.it\/fr\/wp-json\/wp\/v2\/posts"}],"about":[{"href":"https:\/\/aspettandomilanocortina2026.it\/fr\/wp-json\/wp\/v2\/types\/post"}],"author":[{"embeddable":true,"href":"https:\/\/aspettandomilanocortina2026.it\/fr\/wp-json\/wp\/v2\/users\/3"}],"replies":[{"embeddable":true,"href":"https:\/\/aspettandomilanocortina2026.it\/fr\/wp-json\/wp\/v2\/comments?post=843"}],"version-history":[{"count":1,"href":"https:\/\/aspettandomilanocortina2026.it\/fr\/wp-json\/wp\/v2\/posts\/843\/revisions"}],"predecessor-version":[{"id":847,"href":"https:\/\/aspettandomilanocortina2026.it\/fr\/wp-json\/wp\/v2\/posts\/843\/revisions\/847"}],"wp:featuredmedia":[{"embeddable":true,"href":"https:\/\/aspettandomilanocortina2026.it\/fr\/wp-json\/wp\/v2\/media\/846"}],"wp:attachment":[{"href":"https:\/\/aspettandomilanocortina2026.it\/fr\/wp-json\/wp\/v2\/media?parent=843"}],"wp:term":[{"taxonomy":"category","embeddable":true,"href":"https:\/\/aspettandomilanocortina2026.it\/fr\/wp-json\/wp\/v2\/categories?post=843"},{"taxonomy":"post_tag","embeddable":true,"href":"https:\/\/aspettandomilanocortina2026.it\/fr\/wp-json\/wp\/v2\/tags?post=843"}],"curies":[{"name":"wp","href":"https:\/\/api.w.org\/{rel}","templated":true}]}}