{"id":825,"date":"2025-07-22T12:11:06","date_gmt":"2025-07-22T11:11:06","guid":{"rendered":"https:\/\/aspettandomilanocortina2026.it\/?p=825"},"modified":"2025-07-22T12:11:14","modified_gmt":"2025-07-22T11:11:14","slug":"torche-olympique-milan-cortina-2026-le-12-decembre-2025-livourne-celebre-les-valeurs-du-sport-et-se-tourne-vers-la-sardaigne","status":"publish","type":"post","link":"https:\/\/aspettandomilanocortina2026.it\/fr\/torche-olympique-milan-cortina-2026-le-12-decembre-2025-livourne-celebre-les-valeurs-du-sport-et-se-tourne-vers-la-sardaigne\/","title":{"rendered":"Torche olympique Milan Cortina 2026 : 12 d\u00e9cembre 2025 Livourne c\u00e9l\u00e8bre les valeurs du sport et regarde vers la Sardaigne"},"content":{"rendered":"<script type=\"text\/plain\" data-tcf=\"waiting-for-consent\" data-id=\"1033\" data-bid=\"1\" data-placement=\"1034\">PGRpdiBpZD0iYW1jLTgwNDkzODM5OCIgY2xhc3M9ImFtYy1wcmltYS1kZWwtY29udGVudXRvIj48c2NyaXB0IGFzeW5jIHNyYz0iLy9wYWdlYWQyLmdvb2dsZXN5bmRpY2F0aW9uLmNvbS9wYWdlYWQvanMvYWRzYnlnb29nbGUuanM\/Y2xpZW50PWNhLXB1Yi00NDAxMTQ1MDI3NTM5MTE1IiBjcm9zc29yaWdpbj0iYW5vbnltb3VzIj48L3NjcmlwdD48aW5zIGNsYXNzPSJhZHNieWdvb2dsZSIgc3R5bGU9ImRpc3BsYXk6YmxvY2s7IiBkYXRhLWFkLWNsaWVudD0iY2EtcHViLTQ0MDExNDUwMjc1MzkxMTUiIApkYXRhLWFkLXNsb3Q9IiIgCmRhdGEtYWQtZm9ybWF0PSJhdXRvIiBkYXRhLWZ1bGwtd2lkdGgtcmVzcG9uc2l2ZT0idHJ1ZSI+PC9pbnM+CjxzY3JpcHQ+IAooYWRzYnlnb29nbGUgPSB3aW5kb3cuYWRzYnlnb29nbGUgfHwgW10pLnB1c2goe30pOyAKPC9zY3JpcHQ+CjwvZGl2Pg==<\/script>\n<p>Le voyage de la flamme olympique Milan-Cortina 2026 se poursuit avec beaucoup d'enthousiasme et, le 12 d\u00e9cembre 2025, elle s'arr\u00eatera dans l'un des ports les plus fascinants de la M\u00e9diterran\u00e9e : Livourne, le c\u0153ur battant de la c\u00f4te toscane, qui se pr\u00e9pare \u00e0 accueillir la flamme lors d'une journ\u00e9e de c\u00e9l\u00e9bration, de culture et de sport.<\/p><script type=\"text\/plain\" data-tcf=\"waiting-for-consent\" data-id=\"1037\" data-bid=\"1\" data-placement=\"726\">PGRpdiBpZD0iYW1jLTM4NzQ4MDY3NDIiIGNsYXNzPSJhbWMtcG9zdC1jb250ZW50IiBzdHlsZT0ibWFyZ2luLWxlZnQ6IGF1dG87bWFyZ2luLXJpZ2h0OiBhdXRvO3RleHQtYWxpZ246IGNlbnRlcjsiPjxzY3JpcHQgYXN5bmMgc3JjPSIvL3BhZ2VhZDIuZ29vZ2xlc3luZGljYXRpb24uY29tL3BhZ2VhZC9qcy9hZHNieWdvb2dsZS5qcz9jbGllbnQ9Y2EtcHViLTQ0MDExNDUwMjc1MzkxMTUiIGNyb3Nzb3JpZ2luPSJhbm9ueW1vdXMiPjwvc2NyaXB0PjxpbnMgY2xhc3M9ImFkc2J5Z29vZ2xlIiBzdHlsZT0iZGlzcGxheTpibG9jazsiIGRhdGEtYWQtY2xpZW50PSJjYS1wdWItNDQwMTE0NTAyNzUzOTExNSIgCmRhdGEtYWQtc2xvdD0iODAyMDU4Mzc5MyIgCmRhdGEtYWQtZm9ybWF0PSJhdXRvIiBkYXRhLWZ1bGwtd2lkdGgtcmVzcG9uc2l2ZT0idHJ1ZSI+PC9pbnM+CjxzY3JpcHQ+IAooYWRzYnlnb29nbGUgPSB3aW5kb3cuYWRzYnlnb29nbGUgfHwgW10pLnB1c2goe30pOyAKPC9zY3JpcHQ+CjwvZGl2PjxiciBzdHlsZT0iY2xlYXI6IGJvdGg7IGRpc3BsYXk6IGJsb2NrOyBmbG9hdDogbm9uZTsiLz4=<\/script>\n\n\n\n<p>Apr\u00e8s avoir illumin\u00e9 Rome, travers\u00e9 l'Ombrie et touch\u00e9 des villes symboliques du centre de l'Italie, la trajectoire de la flamme s'arr\u00eate \u00e0 Livourne et se dirige, dans un bond insulaire \u00e9vocateur, vers la Sardaigne, o\u00f9 Nuoro accueillera la sc\u00e8ne le 13 d\u00e9cembre.<\/p><script type=\"text\/plain\" data-tcf=\"waiting-for-consent\" data-id=\"1033\" data-bid=\"1\" data-placement=\"985\">PGRpdiBpZD0iYW1jLTE3NzQxMjcyMzQiIGNsYXNzPSJhbWMtbWgtbWlkIj48c2NyaXB0IGFzeW5jIHNyYz0iLy9wYWdlYWQyLmdvb2dsZXN5bmRpY2F0aW9uLmNvbS9wYWdlYWQvanMvYWRzYnlnb29nbGUuanM\/Y2xpZW50PWNhLXB1Yi00NDAxMTQ1MDI3NTM5MTE1IiBjcm9zc29yaWdpbj0iYW5vbnltb3VzIj48L3NjcmlwdD48aW5zIGNsYXNzPSJhZHNieWdvb2dsZSIgc3R5bGU9ImRpc3BsYXk6YmxvY2s7IiBkYXRhLWFkLWNsaWVudD0iY2EtcHViLTQ0MDExNDUwMjc1MzkxMTUiIApkYXRhLWFkLXNsb3Q9IiIgCmRhdGEtYWQtZm9ybWF0PSJhdXRvIiBkYXRhLWZ1bGwtd2lkdGgtcmVzcG9uc2l2ZT0idHJ1ZSI+PC9pbnM+CjxzY3JpcHQ+IAooYWRzYnlnb29nbGUgPSB3aW5kb3cuYWRzYnlnb29nbGUgfHwgW10pLnB1c2goe30pOyAKPC9zY3JpcHQ+CjwvZGl2Pg==<\/script>\n\n\n\n<h2 class=\"wp-block-heading\"><strong>Une journ\u00e9e m\u00e9morable pour Livourne<\/strong><\/h2>\n\n\n\n<p>Le 12 d\u00e9cembre sera un moment historique pour la ville : la flamme olympique, allum\u00e9e \u00e0 Olympie et porteuse de valeurs telles que la paix, l'inclusion et la durabilit\u00e9, passera par les lieux les plus embl\u00e9matiques de Livourne lors d'une course de relais passionnante.<\/p>\n\n\n\n<h2 class=\"wp-block-heading\"><strong>Parcours de la flamme \u00e0 Livourne (pr\u00e9visions) :<\/strong><\/h2>\n\n\n\n<ul class=\"wp-block-list\">\n<li>D\u00e9part : Terrazza Mascagni, symbole Art nouveau de la ville surplombant la mer<\/li>\n\n\n\n<li>Arr\u00eats interm\u00e9diaires : promenade Viale Italia, quartier Venezia, Fortezza Vecchia et Fortezza Nuova<\/li>\n\n\n\n<li>Arriv\u00e9e : Piazza Grande, avec manifestation publique et c\u00e9l\u00e9bration officielle<\/li>\n<\/ul>\n\n\n\n<p>La flamme sera port\u00e9e par des relayeurs choisis parmi d'anciens athl\u00e8tes olympiques, de jeunes athl\u00e8tes toscans, des volontaires et des repr\u00e9sentants de la r\u00e9gion, chacun \u00e9tant charg\u00e9 de parcourir environ 200 \u00e0 250 m\u00e8tres. Chaque tron\u00e7on repr\u00e9sente un petit passage de t\u00e9moin entre les g\u00e9n\u00e9rations, les histoires et les communaut\u00e9s.<\/p>\n\n\n\n<h2 class=\"wp-block-heading\"><strong>Livourne : sport, mer et m\u00e9moire<\/strong><\/h2>\n\n\n\n<p>Livourne est une ville qui respire le sport. De l'escrime au rugby en passant par la natation et la voile, la ville a donn\u00e9 naissance \u00e0 des athl\u00e8tes de classe mondiale. Son caract\u00e8re ouvert et accueillant en fait l'endroit id\u00e9al pour c\u00e9l\u00e9brer l'esprit olympique.<\/p>\n\n\n\n<p>Pendant la journ\u00e9e sont programm\u00e9s :<\/p>\n\n\n\n<ul class=\"wp-block-list\">\n<li>Ateliers sportifs pour les enfants et les jeunes<\/li>\n\n\n\n<li>Repr\u00e9sentations d'associations locales<\/li>\n\n\n\n<li>Spectacles musicaux et artistiques dans les lieux de transit<\/li>\n\n\n\n<li>Stands d'information sur le d\u00e9veloppement durable, le sport et le volontariat olympique<\/li>\n<\/ul>\n\n\n\n<h2 class=\"wp-block-heading\"><strong>Une torche symbole de l'avenir<\/strong><\/h2>\n\n\n\n<p>\u00c0 Livourne \u00e9galement, le public pourra voir de pr\u00e8s la torche olympique, fabriqu\u00e9e \u00e0 partir de mat\u00e9riaux recycl\u00e9s et aliment\u00e9e au bio-GPL, un exemple concret de la mani\u00e8re dont les Jeux de Milan Cortina visent \u00e0 laisser un h\u00e9ritage vert et durable.<\/p>\n\n\n\n<figure class=\"wp-block-embed is-type-video is-provider-youtube wp-block-embed-youtube wp-embed-aspect-16-9 wp-has-aspect-ratio\"><div class=\"wp-block-embed__wrapper\">\n<iframe loading=\"lazy\" title=\"Livourne, Italie : Les dix meilleures choses \u00e0 faire\" width=\"500\" height=\"281\" src=\"https:\/\/www.youtube.com\/embed\/MMLMNBc6K1g?feature=oembed\" frameborder=\"0\" allow=\"accelerometer; autoplay; clipboard-write; encrypted-media; gyroscope; picture-in-picture; web-share\" referrerpolicy=\"strict-origin-when-cross-origin\" allowfullscreen><\/iframe>\n<\/div><\/figure>\n\n\n\n<p><\/p>\n<div class=\"amc-dopo-il-contenuto\" id=\"amc-3145549979\"><script type=\"text\/plain\" data-tcf=\"waiting-for-consent\" data-id=\"1033\" data-bid=\"1\">PGRpdiBpZD0iYW1jLTQzODY4OTgzOSI+PHNjcmlwdCBhc3luYyBzcmM9Ii8vcGFnZWFkMi5nb29nbGVzeW5kaWNhdGlvbi5jb20vcGFnZWFkL2pzL2Fkc2J5Z29vZ2xlLmpzP2NsaWVudD1jYS1wdWItNDQwMTE0NTAyNzUzOTExNSIgY3Jvc3NvcmlnaW49ImFub255bW91cyI+PC9zY3JpcHQ+PGlucyBjbGFzcz0iYWRzYnlnb29nbGUiIHN0eWxlPSJkaXNwbGF5OmJsb2NrOyIgZGF0YS1hZC1jbGllbnQ9ImNhLXB1Yi00NDAxMTQ1MDI3NTM5MTE1IiAKZGF0YS1hZC1zbG90PSIiIApkYXRhLWFkLWZvcm1hdD0iYXV0byIgZGF0YS1mdWxsLXdpZHRoLXJlc3BvbnNpdmU9InRydWUiPjwvaW5zPgo8c2NyaXB0PiAKKGFkc2J5Z29vZ2xlID0gd2luZG93LmFkc2J5Z29vZ2xlIHx8IFtdKS5wdXNoKHt9KTsgCjwvc2NyaXB0Pgo8L2Rpdj4=<\/script><\/div>","protected":false},"excerpt":{"rendered":"<p>Il viaggio della fiaccola olimpica di Milano Cortina 2026 prosegue con grande entusiasmo, e il 12 dicembre 2025 tocca uno dei porti pi\u00f9 affascinanti del Mediterraneo: Livorno, cuore pulsante della Toscana costiera, che si prepara ad accogliere la torcia con una giornata di festa, cultura e sport. Dopo aver acceso Roma, attraversato l\u2019Umbria e toccato [&hellip;]<\/p>","protected":false},"author":3,"featured_media":827,"comment_status":"open","ping_status":"open","sticky":false,"template":"","format":"standard","meta":{"_acf_changed":false,"footnotes":""},"categories":[5,1,16],"tags":[],"class_list":["post-825","post","type-post","status-publish","format-standard","has-post-thumbnail","hentry","category-guida-per-i-tifosi","category-notizie-e-aggiornamenti","category-notizie-e-approfondimenti"],"acf":[],"_links":{"self":[{"href":"https:\/\/aspettandomilanocortina2026.it\/fr\/wp-json\/wp\/v2\/posts\/825","targetHints":{"allow":["GET"]}}],"collection":[{"href":"https:\/\/aspettandomilanocortina2026.it\/fr\/wp-json\/wp\/v2\/posts"}],"about":[{"href":"https:\/\/aspettandomilanocortina2026.it\/fr\/wp-json\/wp\/v2\/types\/post"}],"author":[{"embeddable":true,"href":"https:\/\/aspettandomilanocortina2026.it\/fr\/wp-json\/wp\/v2\/users\/3"}],"replies":[{"embeddable":true,"href":"https:\/\/aspettandomilanocortina2026.it\/fr\/wp-json\/wp\/v2\/comments?post=825"}],"version-history":[{"count":1,"href":"https:\/\/aspettandomilanocortina2026.it\/fr\/wp-json\/wp\/v2\/posts\/825\/revisions"}],"predecessor-version":[{"id":828,"href":"https:\/\/aspettandomilanocortina2026.it\/fr\/wp-json\/wp\/v2\/posts\/825\/revisions\/828"}],"wp:featuredmedia":[{"embeddable":true,"href":"https:\/\/aspettandomilanocortina2026.it\/fr\/wp-json\/wp\/v2\/media\/827"}],"wp:attachment":[{"href":"https:\/\/aspettandomilanocortina2026.it\/fr\/wp-json\/wp\/v2\/media?parent=825"}],"wp:term":[{"taxonomy":"category","embeddable":true,"href":"https:\/\/aspettandomilanocortina2026.it\/fr\/wp-json\/wp\/v2\/categories?post=825"},{"taxonomy":"post_tag","embeddable":true,"href":"https:\/\/aspettandomilanocortina2026.it\/fr\/wp-json\/wp\/v2\/tags?post=825"}],"curies":[{"name":"wp","href":"https:\/\/api.w.org\/{rel}","templated":true}]}}