{"id":786,"date":"2025-07-14T13:08:41","date_gmt":"2025-07-14T12:08:41","guid":{"rendered":"https:\/\/aspettandomilanocortina2026.it\/?p=786"},"modified":"2025-07-14T13:08:49","modified_gmt":"2025-07-14T12:08:49","slug":"jannik-sinner-entre-dans-lhistoire-premiere-italienne-a-gagner-wimbledon","status":"publish","type":"post","link":"https:\/\/aspettandomilanocortina2026.it\/fr\/jannik-sinner-entre-dans-lhistoire-premiere-italienne-a-gagner-wimbledon\/","title":{"rendered":"Jannik Sinner entre dans l'histoire : premier Italien \u00e0 gagner Wimbledon"},"content":{"rendered":"<script type=\"text\/plain\" data-tcf=\"waiting-for-consent\" data-id=\"1033\" data-bid=\"1\" data-placement=\"1034\">PGRpdiBpZD0iYW1jLTcyMjg3ODczNSIgY2xhc3M9ImFtYy1wcmltYS1kZWwtY29udGVudXRvIj48c2NyaXB0IGFzeW5jIHNyYz0iLy9wYWdlYWQyLmdvb2dsZXN5bmRpY2F0aW9uLmNvbS9wYWdlYWQvanMvYWRzYnlnb29nbGUuanM\/Y2xpZW50PWNhLXB1Yi00NDAxMTQ1MDI3NTM5MTE1IiBjcm9zc29yaWdpbj0iYW5vbnltb3VzIj48L3NjcmlwdD48aW5zIGNsYXNzPSJhZHNieWdvb2dsZSIgc3R5bGU9ImRpc3BsYXk6YmxvY2s7IiBkYXRhLWFkLWNsaWVudD0iY2EtcHViLTQ0MDExNDUwMjc1MzkxMTUiIApkYXRhLWFkLXNsb3Q9IiIgCmRhdGEtYWQtZm9ybWF0PSJhdXRvIiBkYXRhLWZ1bGwtd2lkdGgtcmVzcG9uc2l2ZT0idHJ1ZSI+PC9pbnM+CjxzY3JpcHQ+IAooYWRzYnlnb29nbGUgPSB3aW5kb3cuYWRzYnlnb29nbGUgfHwgW10pLnB1c2goe30pOyAKPC9zY3JpcHQ+CjwvZGl2Pg==<\/script>\n<p>Londres, 13 juillet 2025 - Une soir\u00e9e magique sur le Centre Court, o\u00f9 les <strong>Jannik Sinner<\/strong>Sinner, promotion 2001, a inscrit son nom dans la l\u00e9gende du tennis. Pour sa troisi\u00e8me finale cons\u00e9cutive parmi les deux premiers du classement ATP, Sinner a battu le champion en titre Carlos Alcaraz sur le score de 4-6, 6-4, 6-4, pour remporter son premier titre sur gazon \u00e0 Wimbledon et le quatri\u00e8me Chelem de sa carri\u00e8re.<\/p><script type=\"text\/plain\" data-tcf=\"waiting-for-consent\" data-id=\"1037\" data-bid=\"1\" data-placement=\"726\">PGRpdiBpZD0iYW1jLTE5MjczNjY4OTMiIGNsYXNzPSJhbWMtcG9zdC1jb250ZW50IiBzdHlsZT0ibWFyZ2luLWxlZnQ6IGF1dG87bWFyZ2luLXJpZ2h0OiBhdXRvO3RleHQtYWxpZ246IGNlbnRlcjsiPjxzY3JpcHQgYXN5bmMgc3JjPSIvL3BhZ2VhZDIuZ29vZ2xlc3luZGljYXRpb24uY29tL3BhZ2VhZC9qcy9hZHNieWdvb2dsZS5qcz9jbGllbnQ9Y2EtcHViLTQ0MDExNDUwMjc1MzkxMTUiIGNyb3Nzb3JpZ2luPSJhbm9ueW1vdXMiPjwvc2NyaXB0PjxpbnMgY2xhc3M9ImFkc2J5Z29vZ2xlIiBzdHlsZT0iZGlzcGxheTpibG9jazsiIGRhdGEtYWQtY2xpZW50PSJjYS1wdWItNDQwMTE0NTAyNzUzOTExNSIgCmRhdGEtYWQtc2xvdD0iODAyMDU4Mzc5MyIgCmRhdGEtYWQtZm9ybWF0PSJhdXRvIiBkYXRhLWZ1bGwtd2lkdGgtcmVzcG9uc2l2ZT0idHJ1ZSI+PC9pbnM+CjxzY3JpcHQ+IAooYWRzYnlnb29nbGUgPSB3aW5kb3cuYWRzYnlnb29nbGUgfHwgW10pLnB1c2goe30pOyAKPC9zY3JpcHQ+CjwvZGl2PjxiciBzdHlsZT0iY2xlYXI6IGJvdGg7IGRpc3BsYXk6IGJsb2NrOyBmbG9hdDogbm9uZTsiLz4=<\/script>\n\n\n\n<h2 class=\"wp-block-heading\"><strong>Un exploit historique<\/strong><\/h2>\n\n\n\n<ul class=\"wp-block-list\">\n<li>Il s'agit de la premi\u00e8re victoire italienne en simple homme \u00e0 Wimbledon apr\u00e8s 148 \u00e9ditions du tournoi.<\/li>\n\n\n\n<li>En battant Alcaraz, ma\u00eetre de Roland Garros et vainqueur des deux \u00e9ditions pr\u00e9c\u00e9dentes de Wimbledon, Sinner a rompu sa s\u00e9rie d'invincibilit\u00e9 dans les grands tournois.<\/li>\n\n\n\n<li>\u00c0 23 ans et 318 jours, il est l'un des plus jeunes vainqueurs \u00e0 marquer : le premier Grand Chelem remport\u00e9 sur gazon depuis l'av\u00e8nement du \"Big Four\".<\/li>\n<\/ul>\n\n\n\n<h2 class=\"wp-block-heading\"><strong>Le match : \u00e9quilibre, courage et revanche<\/strong><\/h2>\n\n\n\n<ol start=\"1\" class=\"wp-block-list\">\n<li><strong>Premi\u00e8re manche 4-6<\/strong>Alcaraz s'est \u00e9chapp\u00e9, contr\u00f4lant gr\u00e2ce \u00e0 des services puissants et un jeu fluide.<\/li>\n\n\n\n<li><strong>Deuxi\u00e8me set 6-4<\/strong>Sinner r\u00e9agit, brisant le rythme espagnol avec intensit\u00e9 et pr\u00e9cision.<\/li>\n\n\n\n<li><strong>Troisi\u00e8me set 6-4<\/strong>Le r\u00e9sultat : l'\u00e9quilibre jusqu'\u00e0 la pause d\u00e9cisive, le sourire de l'Italien s'agrandit.<\/li>\n\n\n\n<li><strong>Quatri\u00e8me set 6-4<\/strong>Sinner conclut par l'obstination, la domination mentale et les coups d'angle.<br>Un match d'une dur\u00e9e de trois heures et quatre minutes, sans aucun temps mort : une \u00e9l\u00e9gante bataille de caract\u00e8re.<\/li>\n<\/ol>\n\n\n\n<h2 class=\"wp-block-heading\"><strong>R\u00e9actions, chiffres et contexte<\/strong><\/h2>\n\n\n\n<ul class=\"wp-block-list\">\n<li>Le triomphe vaut la peine <strong>2,35 millions de livres sterling<\/strong> (environ 2,7 millions d'euros) de primes, tandis qu'Alcaraz per\u00e7oit <strong>\u00a31,4<\/strong><strong>mln<\/strong>.<\/li>\n\n\n\n<li>La finale a attir\u00e9 d'illustres invit\u00e9s : la famille royale britannique, dont <strong>Kate Middleton et William<\/strong>plusieurs stars internationales.<\/li>\n\n\n\n<li>A la t\u00e9l\u00e9vision et sur les m\u00e9dias sociaux, l'explosion de joie italienne a imm\u00e9diatement \u00e9clat\u00e9 : \" joie pour la famille Sinner \", \" revanche sur Paris \", \" acte de domination sur la pelouse \"....<\/li>\n<\/ul>\n\n\n\n<p>Seul b\u00e9mol : <strong>Nick Kyrgios<\/strong>La performance de Sinner a dissip\u00e9 tous les doutes, m\u00eame si l'ancienne star rebelle a affich\u00e9 un ast\u00e9risque cryptique sur X, insinuant des critiques concernant la lutte contre le dopage.<\/p><script type=\"text\/plain\" data-tcf=\"waiting-for-consent\" data-id=\"1033\" data-bid=\"1\" data-placement=\"985\">PGRpdiBpZD0iYW1jLTQwMDg1MjU3MjAiIGNsYXNzPSJhbWMtbWgtbWlkIj48c2NyaXB0IGFzeW5jIHNyYz0iLy9wYWdlYWQyLmdvb2dsZXN5bmRpY2F0aW9uLmNvbS9wYWdlYWQvanMvYWRzYnlnb29nbGUuanM\/Y2xpZW50PWNhLXB1Yi00NDAxMTQ1MDI3NTM5MTE1IiBjcm9zc29yaWdpbj0iYW5vbnltb3VzIj48L3NjcmlwdD48aW5zIGNsYXNzPSJhZHNieWdvb2dsZSIgc3R5bGU9ImRpc3BsYXk6YmxvY2s7IiBkYXRhLWFkLWNsaWVudD0iY2EtcHViLTQ0MDExNDUwMjc1MzkxMTUiIApkYXRhLWFkLXNsb3Q9IiIgCmRhdGEtYWQtZm9ybWF0PSJhdXRvIiBkYXRhLWZ1bGwtd2lkdGgtcmVzcG9uc2l2ZT0idHJ1ZSI+PC9pbnM+CjxzY3JpcHQ+IAooYWRzYnlnb29nbGUgPSB3aW5kb3cuYWRzYnlnb29nbGUgfHwgW10pLnB1c2goe30pOyAKPC9zY3JpcHQ+CjwvZGl2Pg==<\/script>\n\n\n\n<h2 class=\"wp-block-heading\"><strong>Impact et avenir<\/strong><\/h2>\n\n\n\n<ul class=\"wp-block-list\">\n<li>Sinner atteint un quota de quatre Chelems (Open d'Australie 2024, 2025 ; US Open 2024 ; Wimbledon 2025), entrant ainsi dans l'\u00e9lite du tennis mondial.<\/li>\n\n\n\n<li>Sa victoire marque la fin du cycle international domin\u00e9 par l'ancien Big Four et ouvre un nouveau chapitre du tennis mondial.<\/li>\n\n\n\n<li>Avec la conqu\u00eate de Wimbledon, il r\u00e9alise le \"triple majeur en un an\" : sur terre, sur dur et maintenant sur gazon, avec pour seul absent Roland-Garros (o\u00f9 il s'est inclin\u00e9 en finale).<\/li>\n<\/ul>\n\n\n\n<h2 class=\"wp-block-heading\"><strong>Citations des protagonistes<\/strong><\/h2>\n\n\n\n<p>\"J'ai toujours r\u00eav\u00e9 de Wimbledon. Aujourd'hui, ce r\u00eave est devenu r\u00e9alit\u00e9. C'est une guerre de c\u00e9libataires mais une \u00e9motion que je partage avec mon \u00e9quipe et l'Italie\" - Jannik Sinner .<\/p>\n\n\n\n<p>\"F\u00e9licitations \u00e0 Sinner, il l'a m\u00e9rit\u00e9. Mais je reviendrai encore plus fort en 2026\" - Carlos Alcaraz.<\/p>\n\n\n\n<figure class=\"wp-block-embed is-type-video is-provider-youtube wp-block-embed-youtube wp-embed-aspect-16-9 wp-has-aspect-ratio\"><div class=\"wp-block-embed__wrapper\">\n<iframe loading=\"lazy\" title=\"Sinner-Alcaraz : les moments forts de la FINALE de Wimbledon\" width=\"500\" height=\"281\" src=\"https:\/\/www.youtube.com\/embed\/qxd81DuQ4gU?feature=oembed\" frameborder=\"0\" allow=\"accelerometer; autoplay; clipboard-write; encrypted-media; gyroscope; picture-in-picture; web-share\" referrerpolicy=\"strict-origin-when-cross-origin\" allowfullscreen><\/iframe>\n<\/div><\/figure>\n<div class=\"amc-dopo-il-contenuto\" id=\"amc-2062218774\"><script type=\"text\/plain\" data-tcf=\"waiting-for-consent\" data-id=\"1033\" data-bid=\"1\">PGRpdiBpZD0iYW1jLTcwODQ1MjA4NCI+PHNjcmlwdCBhc3luYyBzcmM9Ii8vcGFnZWFkMi5nb29nbGVzeW5kaWNhdGlvbi5jb20vcGFnZWFkL2pzL2Fkc2J5Z29vZ2xlLmpzP2NsaWVudD1jYS1wdWItNDQwMTE0NTAyNzUzOTExNSIgY3Jvc3NvcmlnaW49ImFub255bW91cyI+PC9zY3JpcHQ+PGlucyBjbGFzcz0iYWRzYnlnb29nbGUiIHN0eWxlPSJkaXNwbGF5OmJsb2NrOyIgZGF0YS1hZC1jbGllbnQ9ImNhLXB1Yi00NDAxMTQ1MDI3NTM5MTE1IiAKZGF0YS1hZC1zbG90PSIiIApkYXRhLWFkLWZvcm1hdD0iYXV0byIgZGF0YS1mdWxsLXdpZHRoLXJlc3BvbnNpdmU9InRydWUiPjwvaW5zPgo8c2NyaXB0PiAKKGFkc2J5Z29vZ2xlID0gd2luZG93LmFkc2J5Z29vZ2xlIHx8IFtdKS5wdXNoKHt9KTsgCjwvc2NyaXB0Pgo8L2Rpdj4=<\/script><\/div>","protected":false},"excerpt":{"rendered":"<p>Londra, 13 luglio 2025 \u2013 Una serata magica sul Centre Court, dove Jannik Sinner, classe 2001, ha scritto il suo nome nella leggenda del tennis. Alla terza finale consecutiva tra i primi due del ranking ATP, Sinner ha sconfitto il campione in carica Carlos Alcaraz con il punteggio di 4\u20116, 6\u20114, 6\u20114, 6\u20114, conquistando il [&hellip;]<\/p>","protected":false},"author":3,"featured_media":787,"comment_status":"open","ping_status":"open","sticky":false,"template":"","format":"standard","meta":{"_acf_changed":false,"footnotes":""},"categories":[16,1],"tags":[],"class_list":["post-786","post","type-post","status-publish","format-standard","has-post-thumbnail","hentry","category-notizie-e-approfondimenti","category-notizie-e-aggiornamenti"],"acf":[],"_links":{"self":[{"href":"https:\/\/aspettandomilanocortina2026.it\/fr\/wp-json\/wp\/v2\/posts\/786","targetHints":{"allow":["GET"]}}],"collection":[{"href":"https:\/\/aspettandomilanocortina2026.it\/fr\/wp-json\/wp\/v2\/posts"}],"about":[{"href":"https:\/\/aspettandomilanocortina2026.it\/fr\/wp-json\/wp\/v2\/types\/post"}],"author":[{"embeddable":true,"href":"https:\/\/aspettandomilanocortina2026.it\/fr\/wp-json\/wp\/v2\/users\/3"}],"replies":[{"embeddable":true,"href":"https:\/\/aspettandomilanocortina2026.it\/fr\/wp-json\/wp\/v2\/comments?post=786"}],"version-history":[{"count":1,"href":"https:\/\/aspettandomilanocortina2026.it\/fr\/wp-json\/wp\/v2\/posts\/786\/revisions"}],"predecessor-version":[{"id":789,"href":"https:\/\/aspettandomilanocortina2026.it\/fr\/wp-json\/wp\/v2\/posts\/786\/revisions\/789"}],"wp:featuredmedia":[{"embeddable":true,"href":"https:\/\/aspettandomilanocortina2026.it\/fr\/wp-json\/wp\/v2\/media\/787"}],"wp:attachment":[{"href":"https:\/\/aspettandomilanocortina2026.it\/fr\/wp-json\/wp\/v2\/media?parent=786"}],"wp:term":[{"taxonomy":"category","embeddable":true,"href":"https:\/\/aspettandomilanocortina2026.it\/fr\/wp-json\/wp\/v2\/categories?post=786"},{"taxonomy":"post_tag","embeddable":true,"href":"https:\/\/aspettandomilanocortina2026.it\/fr\/wp-json\/wp\/v2\/tags?post=786"}],"curies":[{"name":"wp","href":"https:\/\/api.w.org\/{rel}","templated":true}]}}