{"id":782,"date":"2025-07-14T13:01:29","date_gmt":"2025-07-14T12:01:29","guid":{"rendered":"https:\/\/aspettandomilanocortina2026.it\/?p=782"},"modified":"2025-07-14T13:01:37","modified_gmt":"2025-07-14T12:01:37","slug":"wimbledon-2025-la-reine-et-swiatek-une-finale-de-reve-entre-domination-absolue-et-retour-de-kate","status":"publish","type":"post","link":"https:\/\/aspettandomilanocortina2026.it\/fr\/wimbledon-2025-la-reine-et-swiatek-une-finale-de-reve-entre-domination-absolue-et-retour-de-kate\/","title":{"rendered":"Wimbledon 2025, la reine est \u015awi\u0105tek : une finale de r\u00eave, entre domination absolue et retour de Kate"},"content":{"rendered":"<script type=\"text\/plain\" data-tcf=\"waiting-for-consent\" data-id=\"1033\" data-bid=\"1\" data-placement=\"1034\">PGRpdiBpZD0iYW1jLTE3NjA2Njg1MzAiIGNsYXNzPSJhbWMtcHJpbWEtZGVsLWNvbnRlbnV0byI+PHNjcmlwdCBhc3luYyBzcmM9Ii8vcGFnZWFkMi5nb29nbGVzeW5kaWNhdGlvbi5jb20vcGFnZWFkL2pzL2Fkc2J5Z29vZ2xlLmpzP2NsaWVudD1jYS1wdWItNDQwMTE0NTAyNzUzOTExNSIgY3Jvc3NvcmlnaW49ImFub255bW91cyI+PC9zY3JpcHQ+PGlucyBjbGFzcz0iYWRzYnlnb29nbGUiIHN0eWxlPSJkaXNwbGF5OmJsb2NrOyIgZGF0YS1hZC1jbGllbnQ9ImNhLXB1Yi00NDAxMTQ1MDI3NTM5MTE1IiAKZGF0YS1hZC1zbG90PSIiIApkYXRhLWFkLWZvcm1hdD0iYXV0byIgZGF0YS1mdWxsLXdpZHRoLXJlc3BvbnNpdmU9InRydWUiPjwvaW5zPgo8c2NyaXB0PiAKKGFkc2J5Z29vZ2xlID0gd2luZG93LmFkc2J5Z29vZ2xlIHx8IFtdKS5wdXNoKHt9KTsgCjwvc2NyaXB0Pgo8L2Rpdj4=<\/script>\n<p>Londres, 12 juillet 2025 - Lorsque le soleil filtre timidement \u00e0 travers les nuages au-dessus du Centre Court, et que l'effervescence de Wimbledon devient presque religieuse, Iga \u015awi\u0105tek entre sur le court d'un pas d\u00e9termin\u00e9. Face \u00e0 elle, Amanda Anisimova, surprise du tournoi, dispute sa premi\u00e8re finale de Chelem. Peu, cependant, auraient pu imaginer \u00e0 quelle vitesse ce r\u00eave allait se transformer en cauchemar sportif : en seulement 57 minutes, la joueuse polonaise remporte son premier titre sur le gazon londonien, signant l'une des finales les plus courtes et les plus surprenantes de l'\u00e8re moderne.<\/p><script type=\"text\/plain\" data-tcf=\"waiting-for-consent\" data-id=\"1037\" data-bid=\"1\" data-placement=\"726\">PGRpdiBpZD0iYW1jLTE5NDg4OTExNzEiIGNsYXNzPSJhbWMtcG9zdC1jb250ZW50IiBzdHlsZT0ibWFyZ2luLWxlZnQ6IGF1dG87bWFyZ2luLXJpZ2h0OiBhdXRvO3RleHQtYWxpZ246IGNlbnRlcjsiPjxzY3JpcHQgYXN5bmMgc3JjPSIvL3BhZ2VhZDIuZ29vZ2xlc3luZGljYXRpb24uY29tL3BhZ2VhZC9qcy9hZHNieWdvb2dsZS5qcz9jbGllbnQ9Y2EtcHViLTQ0MDExNDUwMjc1MzkxMTUiIGNyb3Nzb3JpZ2luPSJhbm9ueW1vdXMiPjwvc2NyaXB0PjxpbnMgY2xhc3M9ImFkc2J5Z29vZ2xlIiBzdHlsZT0iZGlzcGxheTpibG9jazsiIGRhdGEtYWQtY2xpZW50PSJjYS1wdWItNDQwMTE0NTAyNzUzOTExNSIgCmRhdGEtYWQtc2xvdD0iODAyMDU4Mzc5MyIgCmRhdGEtYWQtZm9ybWF0PSJhdXRvIiBkYXRhLWZ1bGwtd2lkdGgtcmVzcG9uc2l2ZT0idHJ1ZSI+PC9pbnM+CjxzY3JpcHQ+IAooYWRzYnlnb29nbGUgPSB3aW5kb3cuYWRzYnlnb29nbGUgfHwgW10pLnB1c2goe30pOyAKPC9zY3JpcHQ+CjwvZGl2PjxiciBzdHlsZT0iY2xlYXI6IGJvdGg7IGRpc3BsYXk6IGJsb2NrOyBmbG9hdDogbm9uZTsiLz4=<\/script>\n\n\n\n<p>Le tableau d'affichage est sans piti\u00e9 : 6-0, 6-0. Deux sets parfaits. Un \"double bagel\" que l'on n'avait pas vu depuis plus d'un si\u00e8cle, puisque Dorothea Douglass Lambert Chambers avait triomph\u00e9 sur le m\u00eame score en 1911. Mais il ne s'agit pas d'une simple statistique : c'est le r\u00e9sum\u00e9 brutal d'une domination absolue, d'un match qui a confirm\u00e9 \u015awi\u0105tek comme la v\u00e9ritable reine du tennis mondial.<\/p><script type=\"text\/plain\" data-tcf=\"waiting-for-consent\" data-id=\"1033\" data-bid=\"1\" data-placement=\"985\">PGRpdiBpZD0iYW1jLTMyODY1NTQzNTQiIGNsYXNzPSJhbWMtbWgtbWlkIj48c2NyaXB0IGFzeW5jIHNyYz0iLy9wYWdlYWQyLmdvb2dsZXN5bmRpY2F0aW9uLmNvbS9wYWdlYWQvanMvYWRzYnlnb29nbGUuanM\/Y2xpZW50PWNhLXB1Yi00NDAxMTQ1MDI3NTM5MTE1IiBjcm9zc29yaWdpbj0iYW5vbnltb3VzIj48L3NjcmlwdD48aW5zIGNsYXNzPSJhZHNieWdvb2dsZSIgc3R5bGU9ImRpc3BsYXk6YmxvY2s7IiBkYXRhLWFkLWNsaWVudD0iY2EtcHViLTQ0MDExNDUwMjc1MzkxMTUiIApkYXRhLWFkLXNsb3Q9IiIgCmRhdGEtYWQtZm9ybWF0PSJhdXRvIiBkYXRhLWZ1bGwtd2lkdGgtcmVzcG9uc2l2ZT0idHJ1ZSI+PC9pbnM+CjxzY3JpcHQ+IAooYWRzYnlnb29nbGUgPSB3aW5kb3cuYWRzYnlnb29nbGUgfHwgW10pLnB1c2goe30pOyAKPC9zY3JpcHQ+CjwvZGl2Pg==<\/script>\n\n\n\n<p><strong>La finale : le triomphe de la perfection<\/strong><\/p>\n\n\n\n<p>Iga ne laisse aucune place \u00e0 l'imagination. D\u00e8s le premier point, il impose son rythme, pr\u00e9cis comme un m\u00e9tronome, martelant comme une symphonie en crescendo. Le public, entre stup\u00e9faction et admiration, assiste \u00e0 un match qui tient plus de la danse que de la bataille : aucun jeu conc\u00e9d\u00e9, aucune h\u00e9sitation. Anisimova tente de se battre, mais ses acc\u00e9l\u00e9rations ne trouvent jamais la bonne ouverture.<\/p>\n\n\n\n<p>Le final devient en fait un monologue. Pourtant, le pathos ne manque pas : dans les yeux d'Amanda, on peut lire la frustration, mais aussi la conscience d'avoir \u00e9t\u00e9 spectateur - et protagoniste - d'un moment historique. Pour Iga, en revanche, c'est la conqu\u00eate qui manquait : apr\u00e8s quatre Roland Garros et un US Open, Wimbledon \u00e9tait le dernier sommet \u00e0 gravir.<\/p>\n\n\n\n<p><strong>Un retour \u00e9mouvant : Kate Middleton \u00e0 la c\u00e9r\u00e9monie de remise des prix<\/strong><\/p>\n\n\n\n<p>Ce qui rend le tout encore plus \u00e9mouvant, c'est la pr\u00e9sence de la <strong>Princesse de Galles<\/strong>, <strong>Kate Middleton<\/strong>Le pr\u00e9sident de la Commission europ\u00e9enne, M. Klaus K\u00f6hler, a fait son retour en public apr\u00e8s des mois difficiles. El\u00e9gante, souriante mais visiblement \u00e9mue, elle a remis le troph\u00e9e \u00e0 Iga \u015awi\u0105tek, sanctionnant non seulement une victoire sportive, mais aussi un moment de gr\u00e2ce institutionnel. Le geste par lequel elle a serr\u00e9 Amanda dans ses bras en lui murmurant \"Tu dois \u00eatre si fi\u00e8re\" a \u00e9mu le public et a fait le tour du monde.<\/p>\n\n\n\n<p>Le Centre Court, d\u00e9j\u00e0 charg\u00e9 de sens, s'est transform\u00e9 en une sc\u00e8ne d'\u00e9motions et de symboles. Le retour de Kate, l'ascension d\u00e9finitive d'Iga, la r\u00e9silience d'Amanda : les ingr\u00e9dients parfaits pour une finale qui restera grav\u00e9e dans la m\u00e9moire collective du tennis.<\/p>\n\n\n\n<p>Le 12 juillet 2025 n'\u00e9tait pas une simple finale. C'\u00e9tait une histoire parfaite, avec un protagoniste fort et brillant, un adversaire courageux et un personnage r\u00e9el qui a donn\u00e9 \u00e0 ce moment une touche suppl\u00e9mentaire. <strong>Iga \u015awi\u0105tek<\/strong> il ne s'est pas content\u00e9 de gagner : il a marqu\u00e9 l'histoire du tennis en gravant son nom sur l'herbe la plus sacr\u00e9e de ce sport.<\/p>\n\n\n\n<p>Une fois de plus, Wimbledon a su raconter bien plus qu'un simple match. Il a t\u00e9moign\u00e9 de la grandeur, du courage et de la beaut\u00e9 du sport \u00e0 son plus haut niveau.<\/p>\n\n\n\n<figure class=\"wp-block-embed is-type-video is-provider-youtube wp-block-embed-youtube wp-embed-aspect-16-9 wp-has-aspect-ratio\"><div class=\"wp-block-embed__wrapper\">\n<iframe loading=\"lazy\" title=\"Swiatek-Anisimova : les moments forts de la FINALE | Wimbledon\" width=\"500\" height=\"281\" src=\"https:\/\/www.youtube.com\/embed\/GL9j-fqEx58?feature=oembed\" frameborder=\"0\" allow=\"accelerometer; autoplay; clipboard-write; encrypted-media; gyroscope; picture-in-picture; web-share\" referrerpolicy=\"strict-origin-when-cross-origin\" allowfullscreen><\/iframe>\n<\/div><\/figure>\n<div class=\"amc-dopo-il-contenuto\" id=\"amc-484898282\"><script type=\"text\/plain\" data-tcf=\"waiting-for-consent\" data-id=\"1033\" data-bid=\"1\">PGRpdiBpZD0iYW1jLTM4NjkwNzg0NTYiPjxzY3JpcHQgYXN5bmMgc3JjPSIvL3BhZ2VhZDIuZ29vZ2xlc3luZGljYXRpb24uY29tL3BhZ2VhZC9qcy9hZHNieWdvb2dsZS5qcz9jbGllbnQ9Y2EtcHViLTQ0MDExNDUwMjc1MzkxMTUiIGNyb3Nzb3JpZ2luPSJhbm9ueW1vdXMiPjwvc2NyaXB0PjxpbnMgY2xhc3M9ImFkc2J5Z29vZ2xlIiBzdHlsZT0iZGlzcGxheTpibG9jazsiIGRhdGEtYWQtY2xpZW50PSJjYS1wdWItNDQwMTE0NTAyNzUzOTExNSIgCmRhdGEtYWQtc2xvdD0iIiAKZGF0YS1hZC1mb3JtYXQ9ImF1dG8iIGRhdGEtZnVsbC13aWR0aC1yZXNwb25zaXZlPSJ0cnVlIj48L2lucz4KPHNjcmlwdD4gCihhZHNieWdvb2dsZSA9IHdpbmRvdy5hZHNieWdvb2dsZSB8fCBbXSkucHVzaCh7fSk7IAo8L3NjcmlwdD4KPC9kaXY+<\/script><\/div>","protected":false},"excerpt":{"rendered":"<p>Londra, 12 luglio 2025 \u2013 Quando il sole filtra timido tra le nuvole sopra il Centre Court, e il brusio di Wimbledon si fa quasi religioso, Iga \u015awi\u0105tek entra in campo con passo deciso. Di fronte a lei, Amanda Anisimova, sorpresa del torneo, alla sua prima finale Slam. In pochi, per\u00f2, potevano immaginare quanto velocemente [&hellip;]<\/p>","protected":false},"author":3,"featured_media":783,"comment_status":"open","ping_status":"open","sticky":false,"template":"","format":"standard","meta":{"_acf_changed":false,"footnotes":""},"categories":[16,1],"tags":[],"class_list":["post-782","post","type-post","status-publish","format-standard","has-post-thumbnail","hentry","category-notizie-e-approfondimenti","category-notizie-e-aggiornamenti"],"acf":[],"_links":{"self":[{"href":"https:\/\/aspettandomilanocortina2026.it\/fr\/wp-json\/wp\/v2\/posts\/782","targetHints":{"allow":["GET"]}}],"collection":[{"href":"https:\/\/aspettandomilanocortina2026.it\/fr\/wp-json\/wp\/v2\/posts"}],"about":[{"href":"https:\/\/aspettandomilanocortina2026.it\/fr\/wp-json\/wp\/v2\/types\/post"}],"author":[{"embeddable":true,"href":"https:\/\/aspettandomilanocortina2026.it\/fr\/wp-json\/wp\/v2\/users\/3"}],"replies":[{"embeddable":true,"href":"https:\/\/aspettandomilanocortina2026.it\/fr\/wp-json\/wp\/v2\/comments?post=782"}],"version-history":[{"count":1,"href":"https:\/\/aspettandomilanocortina2026.it\/fr\/wp-json\/wp\/v2\/posts\/782\/revisions"}],"predecessor-version":[{"id":785,"href":"https:\/\/aspettandomilanocortina2026.it\/fr\/wp-json\/wp\/v2\/posts\/782\/revisions\/785"}],"wp:featuredmedia":[{"embeddable":true,"href":"https:\/\/aspettandomilanocortina2026.it\/fr\/wp-json\/wp\/v2\/media\/783"}],"wp:attachment":[{"href":"https:\/\/aspettandomilanocortina2026.it\/fr\/wp-json\/wp\/v2\/media?parent=782"}],"wp:term":[{"taxonomy":"category","embeddable":true,"href":"https:\/\/aspettandomilanocortina2026.it\/fr\/wp-json\/wp\/v2\/categories?post=782"},{"taxonomy":"post_tag","embeddable":true,"href":"https:\/\/aspettandomilanocortina2026.it\/fr\/wp-json\/wp\/v2\/tags?post=782"}],"curies":[{"name":"wp","href":"https:\/\/api.w.org\/{rel}","templated":true}]}}