{"id":777,"date":"2025-07-04T10:58:19","date_gmt":"2025-07-04T09:58:19","guid":{"rendered":"https:\/\/aspettandomilanocortina2026.it\/?p=777"},"modified":"2025-07-04T10:58:26","modified_gmt":"2025-07-04T09:58:26","slug":"tour-de-france-2025-tout-est-pret-pour-le-depart-de-lille-le-5-juillet","status":"publish","type":"post","link":"https:\/\/aspettandomilanocortina2026.it\/fr\/tour-de-france-2025-tout-est-pret-pour-le-depart-de-lille-le-5-juillet\/","title":{"rendered":"Tour de France 2025 : tout est pr\u00eat pour le d\u00e9part de Lille le 5 juillet"},"content":{"rendered":"<script type=\"text\/plain\" data-tcf=\"waiting-for-consent\" data-id=\"1033\" data-bid=\"1\" data-placement=\"1034\">PGRpdiBpZD0iYW1jLTMyNzUzNDM5MTEiIGNsYXNzPSJhbWMtcHJpbWEtZGVsLWNvbnRlbnV0byI+PHNjcmlwdCBhc3luYyBzcmM9Ii8vcGFnZWFkMi5nb29nbGVzeW5kaWNhdGlvbi5jb20vcGFnZWFkL2pzL2Fkc2J5Z29vZ2xlLmpzP2NsaWVudD1jYS1wdWItNDQwMTE0NTAyNzUzOTExNSIgY3Jvc3NvcmlnaW49ImFub255bW91cyI+PC9zY3JpcHQ+PGlucyBjbGFzcz0iYWRzYnlnb29nbGUiIHN0eWxlPSJkaXNwbGF5OmJsb2NrOyIgZGF0YS1hZC1jbGllbnQ9ImNhLXB1Yi00NDAxMTQ1MDI3NTM5MTE1IiAKZGF0YS1hZC1zbG90PSIiIApkYXRhLWFkLWZvcm1hdD0iYXV0byIgZGF0YS1mdWxsLXdpZHRoLXJlc3BvbnNpdmU9InRydWUiPjwvaW5zPgo8c2NyaXB0PiAKKGFkc2J5Z29vZ2xlID0gd2luZG93LmFkc2J5Z29vZ2xlIHx8IFtdKS5wdXNoKHt9KTsgCjwvc2NyaXB0Pgo8L2Rpdj4=<\/script>\n<p>Demain, samedi 5 juillet 2025, la 112e \u00e9dition du Tour de France partira de Lille (Hauts-de-France) avec la tr\u00e8s attendue \u00e9tape 1 - Lille M\u00e9tropole &gt; Lille M\u00e9tropole, circuit d'environ 185 km. Le c\u0153ur sportif de la ville sera envahi par les supporters, les athl\u00e8tes et les badauds d\u00e8s la fin de l'apr\u00e8s-midi, lorsque les \u00e9quipes seront pr\u00e9sent\u00e9es sur la Place Grande \u00e0 18h30.<\/p><script type=\"text\/plain\" data-tcf=\"waiting-for-consent\" data-id=\"1037\" data-bid=\"1\" data-placement=\"726\">PGRpdiBpZD0iYW1jLTM2ODEyMzI5MDYiIGNsYXNzPSJhbWMtcG9zdC1jb250ZW50IiBzdHlsZT0ibWFyZ2luLWxlZnQ6IGF1dG87bWFyZ2luLXJpZ2h0OiBhdXRvO3RleHQtYWxpZ246IGNlbnRlcjsiPjxzY3JpcHQgYXN5bmMgc3JjPSIvL3BhZ2VhZDIuZ29vZ2xlc3luZGljYXRpb24uY29tL3BhZ2VhZC9qcy9hZHNieWdvb2dsZS5qcz9jbGllbnQ9Y2EtcHViLTQ0MDExNDUwMjc1MzkxMTUiIGNyb3Nzb3JpZ2luPSJhbm9ueW1vdXMiPjwvc2NyaXB0PjxpbnMgY2xhc3M9ImFkc2J5Z29vZ2xlIiBzdHlsZT0iZGlzcGxheTpibG9jazsiIGRhdGEtYWQtY2xpZW50PSJjYS1wdWItNDQwMTE0NTAyNzUzOTExNSIgCmRhdGEtYWQtc2xvdD0iODAyMDU4Mzc5MyIgCmRhdGEtYWQtZm9ybWF0PSJhdXRvIiBkYXRhLWZ1bGwtd2lkdGgtcmVzcG9uc2l2ZT0idHJ1ZSI+PC9pbnM+CjxzY3JpcHQ+IAooYWRzYnlnb29nbGUgPSB3aW5kb3cuYWRzYnlnb29nbGUgfHwgW10pLnB1c2goe30pOyAKPC9zY3JpcHQ+CjwvZGl2PjxiciBzdHlsZT0iY2xlYXI6IGJvdGg7IGRpc3BsYXk6IGJsb2NrOyBmbG9hdDogbm9uZTsiLz4=<\/script>\n\n\n\n<h2 class=\"wp-block-heading\"><strong>Objectifs de la journ\u00e9e<\/strong><\/h2>\n\n\n\n<ul class=\"wp-block-list\">\n<li><strong>Sprint final et maillot jaune<\/strong>Le sprint final attendu alimente le d\u00e9fi entre les purs sprinters tels que Jasper Philipsen, Tim Merlier et Jonathan Milan.<\/li>\n\n\n\n<li><strong>Premi\u00e8res fissures entre CG<\/strong>Pogacar et Vingegaard (favoris absolus) devront \u00e9viter les chutes et les \u00e9chelons caus\u00e9s par les vents lat\u00e9raux fr\u00e9quents dans la r\u00e9gion.<\/li>\n\n\n\n<li><strong>Cat\u00e9gorie des grimpeurs<\/strong>Trois courtes ascensions de 4\u00e8me cat\u00e9gorie et de mauvais tron\u00e7ons pav\u00e9s (par exemple le Mont Cassel) offriront le premier maillot \u00e0 pois - et peut-\u00eatre quelques attaques surprises.<\/li>\n<\/ul>\n\n\n\n<h2 class=\"wp-block-heading\"><strong>Curiosit\u00e9 et narration<\/strong><\/h2>\n\n\n\n<ol start=\"1\" class=\"wp-block-list\">\n<li>Des rivaux dans les starting-blocks<br>Le d\u00e9fi Pogacar-Vingegaard, consid\u00e9r\u00e9 comme l'un des plus embl\u00e9matiques du cyclisme moderne, se poursuit pour la quatri\u00e8me ann\u00e9e cons\u00e9cutive. Pogacar vise son quatri\u00e8me maillot jaune, mais Vingegaard, de retour d'un doubl\u00e9 (2022-23), est pr\u00eat \u00e0 renverser la vapeur.<\/li>\n\n\n\n<li>La France en retrait des chauves-souris<br>Quarante ans apr\u00e8s la derni\u00e8re victoire d'un Fran\u00e7ais (Hinault, 1985), 38 transalpins s'\u00e9lanceront demain \u00e0 Lille avec \"le vent en poupe\". Mathieu Alaphilippe, Lenny Martinez, Benjamin Thomas et Anthony Turgis seront \u00e0 la recherche d'une victoire d'\u00e9tape.<\/li>\n\n\n\n<li>Vents et chutes : un m\u00e9lange explosif<br>Le Nord est r\u00e9put\u00e9 pour ses vents lat\u00e9raux : d\u00e8s demain, les vents lat\u00e9raux pourraient provoquer des fractures dans le peloton (\u00e9chelons), transformant une fraction \"facile\" en une journ\u00e9e chaotique et pleine de rebondissements.<\/li>\n\n\n\n<li>Culture et f\u00eate \u00e0 Lille<br>Le passage par la Grand Place et les rues pr\u00e9par\u00e9es pour la f\u00eate refl\u00e8tent des ann\u00e9es de pr\u00e9paration. Chaque Grand D\u00e9part rehausse le profil international de la ville, en promouvant le tourisme, l'\u00e9conomie et l'amour du cyclisme.<\/li>\n\n\n\n<li>Cam\u00e9l\u00e9ons tricot\u00e9s sp\u00e9ciaux<br>Demain, nous verrons 23 maillots \"\u00e9dition sp\u00e9ciale\" dans la course, certains con\u00e7us pour \u00e9viter la confusion des couleurs et d'autres pour rendre hommage \u00e0 des itin\u00e9raires ou \u00e0 des partenaires : Groupama-FDJ, Visma-Lease a Bike et Red Bull-Bora-Hansgrohe porteront des couleurs uniques au d\u00e9part.<\/li>\n<\/ol>\n\n\n\n<h2 class=\"wp-block-heading\"><strong>Palimpseste de la premi\u00e8re fraction<\/strong><\/h2>\n\n\n\n<ul class=\"wp-block-list\">\n<li><strong>D\u00e9marrage<\/strong>Lille M\u00e9tropole, fin de matin\u00e9e<\/li>\n\n\n\n<li><strong>Fraction<\/strong>~185 km, mont\u00e9es et descentes + tron\u00e7ons pav\u00e9s + trois mont\u00e9es de 4\u00e8me cat\u00e9gorie<\/li>\n\n\n\n<li><strong>Arriv\u00e9e pr\u00e9vue<\/strong>sprint dans la derni\u00e8re heure<\/li>\n\n\n\n<li><strong>Les yeux sur<\/strong>:\n<ul class=\"wp-block-list\">\n<li>Les \u00e9quipes UAE Emirates, Visma Bike et Soudal-Quick-Step pour le classement g\u00e9n\u00e9ral et le classement par points<\/li>\n\n\n\n<li>Les meilleurs sprinters, pr\u00eats \u00e0 profiter des derniers fans<\/li>\n<\/ul>\n<\/li>\n<\/ul>\n\n\n\n<h2 class=\"wp-block-heading\"><strong>Pourquoi le suivre ?<\/strong><\/h2>\n\n\n\n<ul class=\"wp-block-list\">\n<li><strong>Une strat\u00e9gie pure<\/strong>Les sorties de formation, les cris d'alarme des coureurs, les batailles tactiques d\u00e8s le d\u00e9part.<\/li>\n\n\n\n<li><strong>Histoire vivante<\/strong>Pogacar en qu\u00eate de son quatri\u00e8me titre, des sprinters pr\u00eats \u00e0 d\u00e9fier les leaders.<\/li>\n\n\n\n<li><strong>Salon nordique<\/strong>ambiance festive, ponctuelle dans les sentiers sinueux du nord de la France.<\/li>\n<\/ul>\n\n\n\n<p>Demain, c'est le jour o\u00f9 la <strong>Tour de France 2025<\/strong> prend forme : le r\u00e9cit de Lille ne sera que le d\u00e9but de trois semaines intenses de montagnes, de rivaux l\u00e9gendaires et d'histoires \u00e0 raconter.<\/p><script type=\"text\/plain\" data-tcf=\"waiting-for-consent\" data-id=\"1033\" data-bid=\"1\" data-placement=\"985\">PGRpdiBpZD0iYW1jLTMwNTk0OTQwMDEiIGNsYXNzPSJhbWMtbWgtbWlkIj48c2NyaXB0IGFzeW5jIHNyYz0iLy9wYWdlYWQyLmdvb2dsZXN5bmRpY2F0aW9uLmNvbS9wYWdlYWQvanMvYWRzYnlnb29nbGUuanM\/Y2xpZW50PWNhLXB1Yi00NDAxMTQ1MDI3NTM5MTE1IiBjcm9zc29yaWdpbj0iYW5vbnltb3VzIj48L3NjcmlwdD48aW5zIGNsYXNzPSJhZHNieWdvb2dsZSIgc3R5bGU9ImRpc3BsYXk6YmxvY2s7IiBkYXRhLWFkLWNsaWVudD0iY2EtcHViLTQ0MDExNDUwMjc1MzkxMTUiIApkYXRhLWFkLXNsb3Q9IiIgCmRhdGEtYWQtZm9ybWF0PSJhdXRvIiBkYXRhLWZ1bGwtd2lkdGgtcmVzcG9uc2l2ZT0idHJ1ZSI+PC9pbnM+CjxzY3JpcHQ+IAooYWRzYnlnb29nbGUgPSB3aW5kb3cuYWRzYnlnb29nbGUgfHwgW10pLnB1c2goe30pOyAKPC9zY3JpcHQ+CjwvZGl2Pg==<\/script>\n\n\n\n<p>Bon visionnage et que le meilleur gagne !<\/p>\n\n\n\n<p><\/p>\n<div class=\"amc-dopo-il-contenuto\" id=\"amc-2665515701\"><script type=\"text\/plain\" data-tcf=\"waiting-for-consent\" data-id=\"1033\" data-bid=\"1\">PGRpdiBpZD0iYW1jLTE3MTQzMTMyNTciPjxzY3JpcHQgYXN5bmMgc3JjPSIvL3BhZ2VhZDIuZ29vZ2xlc3luZGljYXRpb24uY29tL3BhZ2VhZC9qcy9hZHNieWdvb2dsZS5qcz9jbGllbnQ9Y2EtcHViLTQ0MDExNDUwMjc1MzkxMTUiIGNyb3Nzb3JpZ2luPSJhbm9ueW1vdXMiPjwvc2NyaXB0PjxpbnMgY2xhc3M9ImFkc2J5Z29vZ2xlIiBzdHlsZT0iZGlzcGxheTpibG9jazsiIGRhdGEtYWQtY2xpZW50PSJjYS1wdWItNDQwMTE0NTAyNzUzOTExNSIgCmRhdGEtYWQtc2xvdD0iIiAKZGF0YS1hZC1mb3JtYXQ9ImF1dG8iIGRhdGEtZnVsbC13aWR0aC1yZXNwb25zaXZlPSJ0cnVlIj48L2lucz4KPHNjcmlwdD4gCihhZHNieWdvb2dsZSA9IHdpbmRvdy5hZHNieWdvb2dsZSB8fCBbXSkucHVzaCh7fSk7IAo8L3NjcmlwdD4KPC9kaXY+<\/script><\/div>","protected":false},"excerpt":{"rendered":"<p>Domani, sabato 5 luglio 2025, la 112\u00aa edizione del Tour de France scatter\u00e0 da Lille (Hauts\u2011de\u2011France) con la tanto attesa Stage\u202f1 \u2013 circuito Lille M\u00e9tropole &gt; Lille M\u00e9tropole, di circa 185\u202fkm. Il cuore sportivo della citt\u00e0 sar\u00e0 invaso da tifosi, atleti e curiosi fin dal tardo pomeriggio, quando verranno presentate le squadre in piazza Grande [&hellip;]<\/p>","protected":false},"author":3,"featured_media":778,"comment_status":"open","ping_status":"open","sticky":false,"template":"","format":"standard","meta":{"_acf_changed":false,"footnotes":""},"categories":[16,1],"tags":[],"class_list":["post-777","post","type-post","status-publish","format-standard","has-post-thumbnail","hentry","category-notizie-e-approfondimenti","category-notizie-e-aggiornamenti"],"acf":[],"_links":{"self":[{"href":"https:\/\/aspettandomilanocortina2026.it\/fr\/wp-json\/wp\/v2\/posts\/777","targetHints":{"allow":["GET"]}}],"collection":[{"href":"https:\/\/aspettandomilanocortina2026.it\/fr\/wp-json\/wp\/v2\/posts"}],"about":[{"href":"https:\/\/aspettandomilanocortina2026.it\/fr\/wp-json\/wp\/v2\/types\/post"}],"author":[{"embeddable":true,"href":"https:\/\/aspettandomilanocortina2026.it\/fr\/wp-json\/wp\/v2\/users\/3"}],"replies":[{"embeddable":true,"href":"https:\/\/aspettandomilanocortina2026.it\/fr\/wp-json\/wp\/v2\/comments?post=777"}],"version-history":[{"count":1,"href":"https:\/\/aspettandomilanocortina2026.it\/fr\/wp-json\/wp\/v2\/posts\/777\/revisions"}],"predecessor-version":[{"id":779,"href":"https:\/\/aspettandomilanocortina2026.it\/fr\/wp-json\/wp\/v2\/posts\/777\/revisions\/779"}],"wp:featuredmedia":[{"embeddable":true,"href":"https:\/\/aspettandomilanocortina2026.it\/fr\/wp-json\/wp\/v2\/media\/778"}],"wp:attachment":[{"href":"https:\/\/aspettandomilanocortina2026.it\/fr\/wp-json\/wp\/v2\/media?parent=777"}],"wp:term":[{"taxonomy":"category","embeddable":true,"href":"https:\/\/aspettandomilanocortina2026.it\/fr\/wp-json\/wp\/v2\/categories?post=777"},{"taxonomy":"post_tag","embeddable":true,"href":"https:\/\/aspettandomilanocortina2026.it\/fr\/wp-json\/wp\/v2\/tags?post=777"}],"curies":[{"name":"wp","href":"https:\/\/api.w.org\/{rel}","templated":true}]}}