{"id":773,"date":"2025-07-04T10:41:03","date_gmt":"2025-07-04T09:41:03","guid":{"rendered":"https:\/\/aspettandomilanocortina2026.it\/?p=773"},"modified":"2025-07-04T10:41:11","modified_gmt":"2025-07-04T09:41:11","slug":"sienne-10-decembre-2025-la-torche-olympique-illumine-lame-de-la-toscane","status":"publish","type":"post","link":"https:\/\/aspettandomilanocortina2026.it\/fr\/sienne-10-decembre-2025-la-torche-olympique-illumine-lame-de-la-toscane\/","title":{"rendered":"Sienne 10 d\u00e9cembre 2025 : la flamme olympique illumine l'\u00e2me de la Toscane"},"content":{"rendered":"<script type=\"text\/plain\" data-tcf=\"waiting-for-consent\" data-id=\"1033\" data-bid=\"1\" data-placement=\"1034\">PGRpdiBpZD0iYW1jLTI5OTEzNzM1MzAiIGNsYXNzPSJhbWMtcHJpbWEtZGVsLWNvbnRlbnV0byI+PHNjcmlwdCBhc3luYyBzcmM9Ii8vcGFnZWFkMi5nb29nbGVzeW5kaWNhdGlvbi5jb20vcGFnZWFkL2pzL2Fkc2J5Z29vZ2xlLmpzP2NsaWVudD1jYS1wdWItNDQwMTE0NTAyNzUzOTExNSIgY3Jvc3NvcmlnaW49ImFub255bW91cyI+PC9zY3JpcHQ+PGlucyBjbGFzcz0iYWRzYnlnb29nbGUiIHN0eWxlPSJkaXNwbGF5OmJsb2NrOyIgZGF0YS1hZC1jbGllbnQ9ImNhLXB1Yi00NDAxMTQ1MDI3NTM5MTE1IiAKZGF0YS1hZC1zbG90PSIiIApkYXRhLWFkLWZvcm1hdD0iYXV0byIgZGF0YS1mdWxsLXdpZHRoLXJlc3BvbnNpdmU9InRydWUiPjwvaW5zPgo8c2NyaXB0PiAKKGFkc2J5Z29vZ2xlID0gd2luZG93LmFkc2J5Z29vZ2xlIHx8IFtdKS5wdXNoKHt9KTsgCjwvc2NyaXB0Pgo8L2Rpdj4=<\/script>\n<p>Sienne s'appr\u00eate \u00e0 vivre une journ\u00e9e extraordinaire. Le 10 d\u00e9cembre 2025, la ville du Palio accueillera l'une des \u00e9tapes les plus \u00e9vocatrices et les plus significatives du relais de la flamme olympique en vue des Jeux d'hiver de 2026 \u00e0 Milan Cortina. Un \u00e9v\u00e9nement qui promet d'entrem\u00ealer le sport, l'identit\u00e9, la durabilit\u00e9 et la culture dans un cadre digne d'une carte postale.<\/p><script type=\"text\/plain\" data-tcf=\"waiting-for-consent\" data-id=\"1037\" data-bid=\"1\" data-placement=\"726\">PGRpdiBpZD0iYW1jLTI0NTQzNjUyNzMiIGNsYXNzPSJhbWMtcG9zdC1jb250ZW50IiBzdHlsZT0ibWFyZ2luLWxlZnQ6IGF1dG87bWFyZ2luLXJpZ2h0OiBhdXRvO3RleHQtYWxpZ246IGNlbnRlcjsiPjxzY3JpcHQgYXN5bmMgc3JjPSIvL3BhZ2VhZDIuZ29vZ2xlc3luZGljYXRpb24uY29tL3BhZ2VhZC9qcy9hZHNieWdvb2dsZS5qcz9jbGllbnQ9Y2EtcHViLTQ0MDExNDUwMjc1MzkxMTUiIGNyb3Nzb3JpZ2luPSJhbm9ueW1vdXMiPjwvc2NyaXB0PjxpbnMgY2xhc3M9ImFkc2J5Z29vZ2xlIiBzdHlsZT0iZGlzcGxheTpibG9jazsiIGRhdGEtYWQtY2xpZW50PSJjYS1wdWItNDQwMTE0NTAyNzUzOTExNSIgCmRhdGEtYWQtc2xvdD0iODAyMDU4Mzc5MyIgCmRhdGEtYWQtZm9ybWF0PSJhdXRvIiBkYXRhLWZ1bGwtd2lkdGgtcmVzcG9uc2l2ZT0idHJ1ZSI+PC9pbnM+CjxzY3JpcHQ+IAooYWRzYnlnb29nbGUgPSB3aW5kb3cuYWRzYnlnb29nbGUgfHwgW10pLnB1c2goe30pOyAKPC9zY3JpcHQ+CjwvZGl2PjxiciBzdHlsZT0iY2xlYXI6IGJvdGg7IGRpc3BsYXk6IGJsb2NrOyBmbG9hdDogbm9uZTsiLz4=<\/script>\n\n\n\n<h2 class=\"wp-block-heading\"><strong>Une sc\u00e8ne pleine de symboles : la flamme passe par Sienne<\/strong><\/h2>\n\n\n\n<p>Lorsque la flamme arrivera dans les murs de Sienne, allum\u00e9e comme le veut la tradition dans l'ancienne Olympie le 26 novembre, la ville sera d\u00e9j\u00e0 pr\u00eate \u00e0 faire la f\u00eate. Par\u00e9e des couleurs des 17 Contrades, accompagn\u00e9e de tambours, de porte-drapeaux et d'\u00e9coliers, Sienne se transformera en une mosa\u00efque vivante d'\u00e9motions.<\/p><script type=\"text\/plain\" data-tcf=\"waiting-for-consent\" data-id=\"1033\" data-bid=\"1\" data-placement=\"985\">PGRpdiBpZD0iYW1jLTM1NDM2ODkxNjAiIGNsYXNzPSJhbWMtbWgtbWlkIj48c2NyaXB0IGFzeW5jIHNyYz0iLy9wYWdlYWQyLmdvb2dsZXN5bmRpY2F0aW9uLmNvbS9wYWdlYWQvanMvYWRzYnlnb29nbGUuanM\/Y2xpZW50PWNhLXB1Yi00NDAxMTQ1MDI3NTM5MTE1IiBjcm9zc29yaWdpbj0iYW5vbnltb3VzIj48L3NjcmlwdD48aW5zIGNsYXNzPSJhZHNieWdvb2dsZSIgc3R5bGU9ImRpc3BsYXk6YmxvY2s7IiBkYXRhLWFkLWNsaWVudD0iY2EtcHViLTQ0MDExNDUwMjc1MzkxMTUiIApkYXRhLWFkLXNsb3Q9IiIgCmRhdGEtYWQtZm9ybWF0PSJhdXRvIiBkYXRhLWZ1bGwtd2lkdGgtcmVzcG9uc2l2ZT0idHJ1ZSI+PC9pbnM+CjxzY3JpcHQ+IAooYWRzYnlnb29nbGUgPSB3aW5kb3cuYWRzYnlnb29nbGUgfHwgW10pLnB1c2goe30pOyAKPC9zY3JpcHQ+CjwvZGl2Pg==<\/script>\n\n\n\n<p>L'itin\u00e9raire passe par certains des lieux les plus embl\u00e9matiques :<\/p>\n\n\n\n<ul class=\"wp-block-list\">\n<li>D\u00e9part pr\u00e9vu \u00e0 8h00 du Stadio Comunale 'Artemio Franchi'.<\/li>\n\n\n\n<li>La marche se poursuivra par la Porta Camollia, l'entr\u00e9e symbolique de la ville des \"libres et des forts\".<\/li>\n\n\n\n<li>Le long de la Via Banchi di Sopra et de la Via di Citt\u00e0, la flamme d\u00e9filera devant des palais historiques, des cath\u00e9drales gothiques et des boutiques s\u00e9culaires.<\/li>\n\n\n\n<li>Sur la Piazza del Campo, c\u0153ur battant du Palio, un premier moment de c\u00e9l\u00e9bration est pr\u00e9vu, en pr\u00e9sence de la Contrade et des institutions.<\/li>\n\n\n\n<li>Enfin, la flamme atteindra la Piazza del Duomo, o\u00f9 le brasier c\u00e9r\u00e9moniel sera allum\u00e9 dans un d\u00e9cor de lumi\u00e8res, de ch\u0153urs et de spectacles.<\/li>\n<\/ul>\n\n\n\n<h2 class=\"wp-block-heading\"><strong>Des porteurs de flambeaux choisis au c\u0153ur de la ville<\/strong><\/h2>\n\n\n\n<p>Il s'agit d'un relais particulier : une soixantaine de relayeurs se passeront le t\u00e9moin par tron\u00e7ons de 200 \u00e0 250 m\u00e8tres. Mais chacun d'entre eux aura une signification :<\/p>\n\n\n\n<ul class=\"wp-block-list\">\n<li>De jeunes athl\u00e8tes siennois, symbole de l'avenir sportif de la ville.<\/li>\n\n\n\n<li>Les volontaires locaux ont \u00e9t\u00e9 s\u00e9lectionn\u00e9s dans le cadre d'un appel \u00e0 candidatures national qui a attir\u00e9 plus de 30 000 candidatures.<\/li>\n\n\n\n<li>Des repr\u00e9sentants de la Contrade, chacun porteur d'une histoire mill\u00e9naire.<\/li>\n\n\n\n<li>Anciens athl\u00e8tes olympiques et paralympiques n\u00e9s ou ayant grandi en Toscane, t\u00e9moins des valeurs de l'Olympisme.<\/li>\n\n\n\n<li>Le dernier porteur de la flamme, dont le nom reste confidentiel, aura l'honneur d'allumer le brasier dans le c\u0153ur spirituel de la ville.<\/li>\n\n\n\n<li>Rencontre entre la culture, le sport et le d\u00e9veloppement durable<\/li>\n<\/ul>\n\n\n\n<p>Le passage de la flamme \u00e0 Sienne ne sera pas seulement une c\u00e9l\u00e9bration sportive, mais aussi un moment de valorisation du territoire et de r\u00e9flexion sur les questions environnementales :<\/p>\n\n\n\n<ul class=\"wp-block-list\">\n<li>La torche, fabriqu\u00e9e \u00e0 partir d'aluminium recycl\u00e9, sera aliment\u00e9e par du bio-GPL et pourra \u00eatre recharg\u00e9e jusqu'\u00e0 10 fois.<\/li>\n\n\n\n<li>Tous les v\u00e9hicules soutenant la caravane olympique seront hybrides ou \u00e9lectriques, dans le respect du paysage urbain et du patrimoine.<\/li>\n\n\n\n<li>Le complexe mus\u00e9al de Santa Maria della Scala accueillera une exposition temporaire intitul\u00e9e <em>Olympisme et identit\u00e9 culturelle<\/em>ouvert aux \u00e9tudiants et aux familles.<\/li>\n<\/ul>\n\n\n\n<h2 class=\"wp-block-heading\"><strong>Sienne protagoniste d'un r\u00eave olympique<\/strong><\/h2>\n\n\n\n<p>Le 10 d\u00e9cembre 2025, Sienne ne sera pas seulement une ville travers\u00e9e, mais une authentique capitale des valeurs olympiques. La torche n'illuminera pas seulement les rues et les monuments : elle r\u00e9chauffera les c\u0153urs, enflammera la fiert\u00e9 d'une communaut\u00e9 et enverra un message puissant au monde entier.<\/p>\n\n\n\n<p>Parce que chaque passage de flambeau est une histoire et qu'\u00e0 Sienne, cette histoire sera \u00e9crite avec la lumi\u00e8re de la tradition et l'\u00e9lan de l'avenir.<\/p>\n\n\n\n<figure class=\"wp-block-embed is-type-video is-provider-youtube wp-block-embed-youtube wp-embed-aspect-16-9 wp-has-aspect-ratio\"><div class=\"wp-block-embed__wrapper\">\n<iframe loading=\"lazy\" title=\"TOP 12 SIENA Que faire et voir en un week-end ?\" width=\"500\" height=\"281\" src=\"https:\/\/www.youtube.com\/embed\/lSEdjlHwYrs?feature=oembed\" frameborder=\"0\" allow=\"accelerometer; autoplay; clipboard-write; encrypted-media; gyroscope; picture-in-picture; web-share\" referrerpolicy=\"strict-origin-when-cross-origin\" allowfullscreen><\/iframe>\n<\/div><\/figure>\n<div class=\"amc-dopo-il-contenuto\" id=\"amc-4228807095\"><script type=\"text\/plain\" data-tcf=\"waiting-for-consent\" data-id=\"1033\" data-bid=\"1\">PGRpdiBpZD0iYW1jLTMwNjM0MDY5NzAiPjxzY3JpcHQgYXN5bmMgc3JjPSIvL3BhZ2VhZDIuZ29vZ2xlc3luZGljYXRpb24uY29tL3BhZ2VhZC9qcy9hZHNieWdvb2dsZS5qcz9jbGllbnQ9Y2EtcHViLTQ0MDExNDUwMjc1MzkxMTUiIGNyb3Nzb3JpZ2luPSJhbm9ueW1vdXMiPjwvc2NyaXB0PjxpbnMgY2xhc3M9ImFkc2J5Z29vZ2xlIiBzdHlsZT0iZGlzcGxheTpibG9jazsiIGRhdGEtYWQtY2xpZW50PSJjYS1wdWItNDQwMTE0NTAyNzUzOTExNSIgCmRhdGEtYWQtc2xvdD0iIiAKZGF0YS1hZC1mb3JtYXQ9ImF1dG8iIGRhdGEtZnVsbC13aWR0aC1yZXNwb25zaXZlPSJ0cnVlIj48L2lucz4KPHNjcmlwdD4gCihhZHNieWdvb2dsZSA9IHdpbmRvdy5hZHNieWdvb2dsZSB8fCBbXSkucHVzaCh7fSk7IAo8L3NjcmlwdD4KPC9kaXY+<\/script><\/div>","protected":false},"excerpt":{"rendered":"<p>Siena si prepara a vivere un giorno straordinario. Il 10 dicembre 2025, la citt\u00e0 del Palio ospiter\u00e0 una delle tappe pi\u00f9 suggestive e cariche di significato della staffetta della Fiaccola Olimpica in vista dei Giochi Invernali di Milano Cortina 2026. Un evento che promette di intrecciare sport, identit\u00e0, sostenibilit\u00e0 e cultura in uno scenario da [&hellip;]<\/p>","protected":false},"author":3,"featured_media":774,"comment_status":"open","ping_status":"open","sticky":false,"template":"","format":"standard","meta":{"_acf_changed":false,"footnotes":""},"categories":[5,1,16],"tags":[],"class_list":["post-773","post","type-post","status-publish","format-standard","has-post-thumbnail","hentry","category-guida-per-i-tifosi","category-notizie-e-aggiornamenti","category-notizie-e-approfondimenti"],"acf":[],"_links":{"self":[{"href":"https:\/\/aspettandomilanocortina2026.it\/fr\/wp-json\/wp\/v2\/posts\/773","targetHints":{"allow":["GET"]}}],"collection":[{"href":"https:\/\/aspettandomilanocortina2026.it\/fr\/wp-json\/wp\/v2\/posts"}],"about":[{"href":"https:\/\/aspettandomilanocortina2026.it\/fr\/wp-json\/wp\/v2\/types\/post"}],"author":[{"embeddable":true,"href":"https:\/\/aspettandomilanocortina2026.it\/fr\/wp-json\/wp\/v2\/users\/3"}],"replies":[{"embeddable":true,"href":"https:\/\/aspettandomilanocortina2026.it\/fr\/wp-json\/wp\/v2\/comments?post=773"}],"version-history":[{"count":1,"href":"https:\/\/aspettandomilanocortina2026.it\/fr\/wp-json\/wp\/v2\/posts\/773\/revisions"}],"predecessor-version":[{"id":776,"href":"https:\/\/aspettandomilanocortina2026.it\/fr\/wp-json\/wp\/v2\/posts\/773\/revisions\/776"}],"wp:featuredmedia":[{"embeddable":true,"href":"https:\/\/aspettandomilanocortina2026.it\/fr\/wp-json\/wp\/v2\/media\/774"}],"wp:attachment":[{"href":"https:\/\/aspettandomilanocortina2026.it\/fr\/wp-json\/wp\/v2\/media?parent=773"}],"wp:term":[{"taxonomy":"category","embeddable":true,"href":"https:\/\/aspettandomilanocortina2026.it\/fr\/wp-json\/wp\/v2\/categories?post=773"},{"taxonomy":"post_tag","embeddable":true,"href":"https:\/\/aspettandomilanocortina2026.it\/fr\/wp-json\/wp\/v2\/tags?post=773"}],"curies":[{"name":"wp","href":"https:\/\/api.w.org\/{rel}","templated":true}]}}