{"id":746,"date":"2025-06-16T13:27:47","date_gmt":"2025-06-16T12:27:47","guid":{"rendered":"https:\/\/aspettandomilanocortina2026.it\/?p=746"},"modified":"2025-06-16T13:27:54","modified_gmt":"2025-06-16T12:27:54","slug":"perugia-enflamme-la-lumbrie-la-quatrieme-etape-de-la-torche-olympique-vers-milan-cortina-2026","status":"publish","type":"post","link":"https:\/\/aspettandomilanocortina2026.it\/fr\/perugia-enflamme-la-lumbrie-la-quatrieme-etape-de-la-torche-olympique-vers-milan-cortina-2026\/","title":{"rendered":"P\u00e9rouse illumine l'Ombrie : quatri\u00e8me \u00e9tape de la flamme olympique vers Milan Cortina 2026"},"content":{"rendered":"<script type=\"text\/plain\" data-tcf=\"waiting-for-consent\" data-id=\"1033\" data-bid=\"1\" data-placement=\"1034\">PGRpdiBpZD0iYW1jLTM1NTM2MDUwNDYiIGNsYXNzPSJhbWMtcHJpbWEtZGVsLWNvbnRlbnV0byI+PHNjcmlwdCBhc3luYyBzcmM9Ii8vcGFnZWFkMi5nb29nbGVzeW5kaWNhdGlvbi5jb20vcGFnZWFkL2pzL2Fkc2J5Z29vZ2xlLmpzP2NsaWVudD1jYS1wdWItNDQwMTE0NTAyNzUzOTExNSIgY3Jvc3NvcmlnaW49ImFub255bW91cyI+PC9zY3JpcHQ+PGlucyBjbGFzcz0iYWRzYnlnb29nbGUiIHN0eWxlPSJkaXNwbGF5OmJsb2NrOyIgZGF0YS1hZC1jbGllbnQ9ImNhLXB1Yi00NDAxMTQ1MDI3NTM5MTE1IiAKZGF0YS1hZC1zbG90PSIiIApkYXRhLWFkLWZvcm1hdD0iYXV0byIgZGF0YS1mdWxsLXdpZHRoLXJlc3BvbnNpdmU9InRydWUiPjwvaW5zPgo8c2NyaXB0PiAKKGFkc2J5Z29vZ2xlID0gd2luZG93LmFkc2J5Z29vZ2xlIHx8IFtdKS5wdXNoKHt9KTsgCjwvc2NyaXB0Pgo8L2Rpdj4=<\/script>\n<p><strong>9 d\u00e9cembre 2025 - P\u00e9rouse (Ombrie)<\/strong><\/p><script type=\"text\/plain\" data-tcf=\"waiting-for-consent\" data-id=\"1037\" data-bid=\"1\" data-placement=\"726\">PGRpdiBpZD0iYW1jLTE0NzI0ODcyOTIiIGNsYXNzPSJhbWMtcG9zdC1jb250ZW50IiBzdHlsZT0ibWFyZ2luLWxlZnQ6IGF1dG87bWFyZ2luLXJpZ2h0OiBhdXRvO3RleHQtYWxpZ246IGNlbnRlcjsiPjxzY3JpcHQgYXN5bmMgc3JjPSIvL3BhZ2VhZDIuZ29vZ2xlc3luZGljYXRpb24uY29tL3BhZ2VhZC9qcy9hZHNieWdvb2dsZS5qcz9jbGllbnQ9Y2EtcHViLTQ0MDExNDUwMjc1MzkxMTUiIGNyb3Nzb3JpZ2luPSJhbm9ueW1vdXMiPjwvc2NyaXB0PjxpbnMgY2xhc3M9ImFkc2J5Z29vZ2xlIiBzdHlsZT0iZGlzcGxheTpibG9jazsiIGRhdGEtYWQtY2xpZW50PSJjYS1wdWItNDQwMTE0NTAyNzUzOTExNSIgCmRhdGEtYWQtc2xvdD0iODAyMDU4Mzc5MyIgCmRhdGEtYWQtZm9ybWF0PSJhdXRvIiBkYXRhLWZ1bGwtd2lkdGgtcmVzcG9uc2l2ZT0idHJ1ZSI+PC9pbnM+CjxzY3JpcHQ+IAooYWRzYnlnb29nbGUgPSB3aW5kb3cuYWRzYnlnb29nbGUgfHwgW10pLnB1c2goe30pOyAKPC9zY3JpcHQ+CjwvZGl2PjxiciBzdHlsZT0iY2xlYXI6IGJvdGg7IGRpc3BsYXk6IGJsb2NrOyBmbG9hdDogbm9uZTsiLz4=<\/script>\n\n\n\n<p>Apr\u00e8s une journ\u00e9e passionnante \u00e0 Terni, la flamme olympique poursuit son voyage symbolique et se pose \u00e0 <strong>P\u00e9rouse<\/strong>pour le quatri\u00e8me jour d'une course de relais destin\u00e9e \u00e0 unir l'Italie par le sport, la culture et l'identit\u00e9 territoriale. Le 9 d\u00e9cembre, la capitale de l'Ombrie devient le th\u00e9\u00e2tre d'une c\u00e9l\u00e9bration collective qui m\u00eale tradition et vision d'avenir, histoire et esprit olympique.<\/p><script type=\"text\/plain\" data-tcf=\"waiting-for-consent\" data-id=\"1033\" data-bid=\"1\" data-placement=\"985\">PGRpdiBpZD0iYW1jLTE0NDc0MjMxNTUiIGNsYXNzPSJhbWMtbWgtbWlkIj48c2NyaXB0IGFzeW5jIHNyYz0iLy9wYWdlYWQyLmdvb2dsZXN5bmRpY2F0aW9uLmNvbS9wYWdlYWQvanMvYWRzYnlnb29nbGUuanM\/Y2xpZW50PWNhLXB1Yi00NDAxMTQ1MDI3NTM5MTE1IiBjcm9zc29yaWdpbj0iYW5vbnltb3VzIj48L3NjcmlwdD48aW5zIGNsYXNzPSJhZHNieWdvb2dsZSIgc3R5bGU9ImRpc3BsYXk6YmxvY2s7IiBkYXRhLWFkLWNsaWVudD0iY2EtcHViLTQ0MDExNDUwMjc1MzkxMTUiIApkYXRhLWFkLXNsb3Q9IiIgCmRhdGEtYWQtZm9ybWF0PSJhdXRvIiBkYXRhLWZ1bGwtd2lkdGgtcmVzcG9uc2l2ZT0idHJ1ZSI+PC9pbnM+CjxzY3JpcHQ+IAooYWRzYnlnb29nbGUgPSB3aW5kb3cuYWRzYnlnb29nbGUgfHwgW10pLnB1c2goe30pOyAKPC9zY3JpcHQ+CjwvZGl2Pg==<\/script>\n\n\n\n<p><strong>Une journ\u00e9e de symboles et de communaut\u00e9<\/strong><\/p>\n\n\n\n<p>Aux premi\u00e8res lueurs du jour, le <strong>Stade Santa Giuliana<\/strong> accueilleront la flamme, qui entamera un parcours \u00e9vocateur \u00e0 travers les rues pav\u00e9es de la vieille ville. Avec des arr\u00eats symboliques \u00e0 <strong>Piazza IV Novembre<\/strong>, le <strong>Fontaine majeure<\/strong>les <strong>Cath\u00e9drale de San Lorenzo<\/strong>et le paysage <strong>Via Maest\u00e0 delle Volte<\/strong>La flamme sera accompagn\u00e9e de fanfares, de personnages historiques, d'\u00e9coliers et d'associations sportives locales.<\/p>\n\n\n\n<p>La journ\u00e9e devrait se terminer par <strong>Piazza Italia<\/strong>avec l'allumage du tr\u00e9pied olympique et un spectacle nocturne avec de la musique, des lumi\u00e8res et des t\u00e9moignages d'athl\u00e8tes ombriens et d'olympiens du pass\u00e9.<\/p>\n\n\n\n<p><strong>Les protagonistes de la sc\u00e8ne<\/strong><\/p>\n\n\n\n<p>Seront \u00e9galement pr\u00e9sents \u00e0 P\u00e9rouse <strong>des dizaines de porteurs de torches<\/strong> - environ 80 - pour porter la flamme olympique, chacun ayant une histoire \u00e0 raconter. Chacun d'entre eux a une histoire \u00e0 raconter :<\/p>\n\n\n\n<ul class=\"wp-block-list\">\n<li><strong>Jeunes athl\u00e8tes ombriens<\/strong> des f\u00e9d\u00e9rations r\u00e9gionales<\/li>\n\n\n\n<li><strong>\u00c9tudiants et universitaires<\/strong> de l'Universit\u00e9 de P\u00e9rouse et de l'Universit\u00e9 pour \u00e9trangers, symbole du lien entre la culture et le sport.<\/li>\n\n\n\n<li><strong>Volontaires s\u00e9lectionn\u00e9s<\/strong> de l'appel national, y compris des repr\u00e9sentants d'associations sociales et inclusives<\/li>\n\n\n\n<li><strong>Anciens champions olympiques<\/strong> Les Ombriens, en tant que symbole du passage de t\u00e9moin entre les g\u00e9n\u00e9rations<\/li>\n\n\n\n<li><strong>Un porteur de flambeau secret<\/strong> cl\u00f4turera le parcours, comme \u00e0 chaque \u00e9tape, en maintenant le suspense qui accompagnera le voyage jusqu'\u00e0 Milan.<\/li>\n<\/ul>\n\n\n\n<p><strong>P\u00e9rouse : entre histoire mill\u00e9naire et vocation europ\u00e9enne<\/strong><\/p>\n\n\n\n<p>Fond\u00e9e par les \u00c9trusques, capitale m\u00e9di\u00e9vale et si\u00e8ge d'institutions acad\u00e9miques prestigieuses, P\u00e9rouse est une ville \u00e0 forte vocation culturelle et europ\u00e9enne. Ce n'est pas un hasard si la torche y passe : c'est un symbole de l'identit\u00e9 europ\u00e9enne. <strong>la diversit\u00e9 dans le dialogue<\/strong>, de la<strong>l'ouverture au monde<\/strong>et la valeur de la <strong>m\u00e9moire partag\u00e9e<\/strong>. En quelques kilom\u00e8tres, P\u00e9rouse montre l'essence d'une Italie qui change mais reste fid\u00e8le \u00e0 ses valeurs.<\/p>\n\n\n\n<p><strong>Le flambeau vert : le d\u00e9veloppement durable en mouvement<\/strong><\/p>\n\n\n\n<p>Le 9 d\u00e9cembre \u00e9galement, la torche olympique arborera fi\u00e8rement son design italien innovant. Fabriqu\u00e9e avec <strong>aluminium et acier recycl\u00e9s<\/strong>est aliment\u00e9 par un <strong>m\u00e9lange de biogaz et de gaz de p\u00e9trole liqu\u00e9fi\u00e9<\/strong>Les participants ont choisi de r\u00e9duire les \u00e9missions et de faire en sorte que chaque \u00e9tape soit durable. Des stands d'information seront \u00e9galement mis en place dans chaque ville sur la <strong>la transition \u00e9cologique dans le sport<\/strong>pour \u00e9duquer et inspirer les jeunes et les familles.<\/p>\n\n\n\n<p><strong>Curiosit\u00e9s et chiffres<\/strong><\/p>\n\n\n\n<ul class=\"wp-block-list\">\n<li><strong>200-250 m\u00e8tres<\/strong>la distance parcourue par chaque porteur de flambeau<\/li>\n\n\n\n<li><strong>Plus de 1 500 municipalit\u00e9s<\/strong> impliqu\u00e9s tout au long du parcours de la torche<\/li>\n\n\n\n<li><strong>20 r\u00e9gions<\/strong> Italien crois\u00e9<\/li>\n\n\n\n<li><strong>60 sites de l'UNESCO<\/strong> touch\u00e9<\/li>\n\n\n\n<li><strong>10 allumettes symboliques<\/strong> pr\u00e9vu en Ombrie entre villages et zones naturelles<\/li>\n<\/ul>\n\n\n\n<p>Le passage de la flamme olympique \u00e0 P\u00e9rouse n'est pas seulement un \u00e9v\u00e9nement sportif : c'est une invitation \u00e0 participer, \u00e0 red\u00e9couvrir le sens de la communaut\u00e9 et \u00e0 marcher ensemble vers 2026. Dans une ville qui a su unir l'histoire, l'\u00e9ducation et l'esprit europ\u00e9en, le feu olympique a trouv\u00e9 un nouveau reflet. Le 9 d\u00e9cembre, P\u00e9rouse s'illuminera, et avec elle un autre tron\u00e7on du chemin vers Milan Cortina.<\/p>\n\n\n\n<figure class=\"wp-block-embed is-type-video is-provider-youtube wp-block-embed-youtube wp-embed-aspect-16-9 wp-has-aspect-ratio\"><div class=\"wp-block-embed__wrapper\">\n<iframe loading=\"lazy\" title=\"10 choses \u00e0 voir en PERUGIE - GUIDE TOURISTIQUE\" width=\"500\" height=\"281\" src=\"https:\/\/www.youtube.com\/embed\/dkblzn3QQgc?feature=oembed\" frameborder=\"0\" allow=\"accelerometer; autoplay; clipboard-write; encrypted-media; gyroscope; picture-in-picture; web-share\" referrerpolicy=\"strict-origin-when-cross-origin\" allowfullscreen><\/iframe>\n<\/div><\/figure>\n<div class=\"amc-dopo-il-contenuto\" id=\"amc-2019377229\"><script type=\"text\/plain\" data-tcf=\"waiting-for-consent\" data-id=\"1033\" data-bid=\"1\">PGRpdiBpZD0iYW1jLTM1NTA0MTQwNTQiPjxzY3JpcHQgYXN5bmMgc3JjPSIvL3BhZ2VhZDIuZ29vZ2xlc3luZGljYXRpb24uY29tL3BhZ2VhZC9qcy9hZHNieWdvb2dsZS5qcz9jbGllbnQ9Y2EtcHViLTQ0MDExNDUwMjc1MzkxMTUiIGNyb3Nzb3JpZ2luPSJhbm9ueW1vdXMiPjwvc2NyaXB0PjxpbnMgY2xhc3M9ImFkc2J5Z29vZ2xlIiBzdHlsZT0iZGlzcGxheTpibG9jazsiIGRhdGEtYWQtY2xpZW50PSJjYS1wdWItNDQwMTE0NTAyNzUzOTExNSIgCmRhdGEtYWQtc2xvdD0iIiAKZGF0YS1hZC1mb3JtYXQ9ImF1dG8iIGRhdGEtZnVsbC13aWR0aC1yZXNwb25zaXZlPSJ0cnVlIj48L2lucz4KPHNjcmlwdD4gCihhZHNieWdvb2dsZSA9IHdpbmRvdy5hZHNieWdvb2dsZSB8fCBbXSkucHVzaCh7fSk7IAo8L3NjcmlwdD4KPC9kaXY+<\/script><\/div>","protected":false},"excerpt":{"rendered":"<p>9 dicembre 2025 \u2013 Perugia (Umbria) Dopo l\u2019emozionante giornata a Terni, la Fiaccola Olimpica prosegue il suo viaggio simbolico e approda a Perugia, per il quarto giorno di una staffetta destinata a unire l\u2019Italia attraverso lo sport, la cultura e l\u2019identit\u00e0 dei territori. Il 9 dicembre la capitale umbra diventa palcoscenico di una festa collettiva [&hellip;]<\/p>","protected":false},"author":3,"featured_media":748,"comment_status":"open","ping_status":"open","sticky":false,"template":"","format":"standard","meta":{"_acf_changed":false,"footnotes":""},"categories":[5,1,16],"tags":[],"class_list":["post-746","post","type-post","status-publish","format-standard","has-post-thumbnail","hentry","category-guida-per-i-tifosi","category-notizie-e-aggiornamenti","category-notizie-e-approfondimenti"],"acf":[],"_links":{"self":[{"href":"https:\/\/aspettandomilanocortina2026.it\/fr\/wp-json\/wp\/v2\/posts\/746","targetHints":{"allow":["GET"]}}],"collection":[{"href":"https:\/\/aspettandomilanocortina2026.it\/fr\/wp-json\/wp\/v2\/posts"}],"about":[{"href":"https:\/\/aspettandomilanocortina2026.it\/fr\/wp-json\/wp\/v2\/types\/post"}],"author":[{"embeddable":true,"href":"https:\/\/aspettandomilanocortina2026.it\/fr\/wp-json\/wp\/v2\/users\/3"}],"replies":[{"embeddable":true,"href":"https:\/\/aspettandomilanocortina2026.it\/fr\/wp-json\/wp\/v2\/comments?post=746"}],"version-history":[{"count":1,"href":"https:\/\/aspettandomilanocortina2026.it\/fr\/wp-json\/wp\/v2\/posts\/746\/revisions"}],"predecessor-version":[{"id":749,"href":"https:\/\/aspettandomilanocortina2026.it\/fr\/wp-json\/wp\/v2\/posts\/746\/revisions\/749"}],"wp:featuredmedia":[{"embeddable":true,"href":"https:\/\/aspettandomilanocortina2026.it\/fr\/wp-json\/wp\/v2\/media\/748"}],"wp:attachment":[{"href":"https:\/\/aspettandomilanocortina2026.it\/fr\/wp-json\/wp\/v2\/media?parent=746"}],"wp:term":[{"taxonomy":"category","embeddable":true,"href":"https:\/\/aspettandomilanocortina2026.it\/fr\/wp-json\/wp\/v2\/categories?post=746"},{"taxonomy":"post_tag","embeddable":true,"href":"https:\/\/aspettandomilanocortina2026.it\/fr\/wp-json\/wp\/v2\/tags?post=746"}],"curies":[{"name":"wp","href":"https:\/\/api.w.org\/{rel}","templated":true}]}}