{"id":742,"date":"2025-06-16T13:09:27","date_gmt":"2025-06-16T12:09:27","guid":{"rendered":"https:\/\/aspettandomilanocortina2026.it\/?p=742"},"modified":"2025-06-16T13:09:35","modified_gmt":"2025-06-16T12:09:35","slug":"terni-enflamme-la-passion-olympique-la-flamme-illumine-le-coeur-vert-de-litalie","status":"publish","type":"post","link":"https:\/\/aspettandomilanocortina2026.it\/fr\/terni-enflamme-la-passion-olympique-la-flamme-illumine-le-coeur-vert-de-litalie\/","title":{"rendered":"Terni enflamme la passion olympique : la flamme illumine le c\u0153ur vert de l'Italie"},"content":{"rendered":"<script type=\"text\/plain\" data-tcf=\"waiting-for-consent\" data-id=\"1033\" data-bid=\"1\" data-placement=\"1034\">PGRpdiBpZD0iYW1jLTE3MTA0NDMyNSIgY2xhc3M9ImFtYy1wcmltYS1kZWwtY29udGVudXRvIj48c2NyaXB0IGFzeW5jIHNyYz0iLy9wYWdlYWQyLmdvb2dsZXN5bmRpY2F0aW9uLmNvbS9wYWdlYWQvanMvYWRzYnlnb29nbGUuanM\/Y2xpZW50PWNhLXB1Yi00NDAxMTQ1MDI3NTM5MTE1IiBjcm9zc29yaWdpbj0iYW5vbnltb3VzIj48L3NjcmlwdD48aW5zIGNsYXNzPSJhZHNieWdvb2dsZSIgc3R5bGU9ImRpc3BsYXk6YmxvY2s7IiBkYXRhLWFkLWNsaWVudD0iY2EtcHViLTQ0MDExNDUwMjc1MzkxMTUiIApkYXRhLWFkLXNsb3Q9IiIgCmRhdGEtYWQtZm9ybWF0PSJhdXRvIiBkYXRhLWZ1bGwtd2lkdGgtcmVzcG9uc2l2ZT0idHJ1ZSI+PC9pbnM+CjxzY3JpcHQ+IAooYWRzYnlnb29nbGUgPSB3aW5kb3cuYWRzYnlnb29nbGUgfHwgW10pLnB1c2goe30pOyAKPC9zY3JpcHQ+CjwvZGl2Pg==<\/script>\n<h2 class=\"wp-block-heading\"><strong>8 d\u00e9cembre 2025 - Terni, ( Umbria )<\/strong><\/h2>\n\n\n\n<p>Au troisi\u00e8me jour de son voyage historique vers Milan Cortina 2026, la flamme olympique arrivera au c\u0153ur de l'Ombrie : <strong>Terni<\/strong>Le 8 d\u00e9cembre, la ville de fer et d'eau, c\u0153ur battant du sport et de la culture, devient le th\u00e9\u00e2tre d'un moment symbolique de grande port\u00e9e. Apr\u00e8s le d\u00e9part de Rome et la deuxi\u00e8me \u00e9tape \u00e0 Viterbe, le 8 d\u00e9cembre marque une nouvelle \u00e9tape dans le voyage de la <strong>Relais olympique<\/strong> qui touchera plus de 1 500 municipalit\u00e9s italiennes.<\/p><script type=\"text\/plain\" data-tcf=\"waiting-for-consent\" data-id=\"1037\" data-bid=\"1\" data-placement=\"726\">PGRpdiBpZD0iYW1jLTI0MDQ4MTkxMjgiIGNsYXNzPSJhbWMtcG9zdC1jb250ZW50IiBzdHlsZT0ibWFyZ2luLWxlZnQ6IGF1dG87bWFyZ2luLXJpZ2h0OiBhdXRvO3RleHQtYWxpZ246IGNlbnRlcjsiPjxzY3JpcHQgYXN5bmMgc3JjPSIvL3BhZ2VhZDIuZ29vZ2xlc3luZGljYXRpb24uY29tL3BhZ2VhZC9qcy9hZHNieWdvb2dsZS5qcz9jbGllbnQ9Y2EtcHViLTQ0MDExNDUwMjc1MzkxMTUiIGNyb3Nzb3JpZ2luPSJhbm9ueW1vdXMiPjwvc2NyaXB0PjxpbnMgY2xhc3M9ImFkc2J5Z29vZ2xlIiBzdHlsZT0iZGlzcGxheTpibG9jazsiIGRhdGEtYWQtY2xpZW50PSJjYS1wdWItNDQwMTE0NTAyNzUzOTExNSIgCmRhdGEtYWQtc2xvdD0iODAyMDU4Mzc5MyIgCmRhdGEtYWQtZm9ybWF0PSJhdXRvIiBkYXRhLWZ1bGwtd2lkdGgtcmVzcG9uc2l2ZT0idHJ1ZSI+PC9pbnM+CjxzY3JpcHQ+IAooYWRzYnlnb29nbGUgPSB3aW5kb3cuYWRzYnlnb29nbGUgfHwgW10pLnB1c2goe30pOyAKPC9zY3JpcHQ+CjwvZGl2PjxiciBzdHlsZT0iY2xlYXI6IGJvdGg7IGRpc3BsYXk6IGJsb2NrOyBmbG9hdDogbm9uZTsiLz4=<\/script>\n\n\n\n<h2 class=\"wp-block-heading\"><strong>Une journ\u00e9e d'acier, de culture et d'identit\u00e9<\/strong><\/h2>\n\n\n\n<p>Au <strong>7h30<\/strong>La flamme, allum\u00e9e \u00e0 Olympie et arriv\u00e9e en Italie le 6 d\u00e9cembre, part de la ville historique d'Ostende. <strong>Chutes Marmore<\/strong>l'un des symboles naturels les plus forts du territoire. L'itin\u00e9raire se poursuit dans le centre-ville, entre les rues de <strong>Corso del Popolo<\/strong>, <strong>Place Tacite<\/strong> et le<strong>Amphith\u00e9\u00e2tre Fausto<\/strong>avant d'arriver dans l'apr\u00e8s-midi <strong>Place de la R\u00e9publique<\/strong>o\u00f9 une c\u00e9r\u00e9monie publique est organis\u00e9e avec des repr\u00e9sentations musicales et des lectures inspir\u00e9es des valeurs olympiques.<\/p><script type=\"text\/plain\" data-tcf=\"waiting-for-consent\" data-id=\"1033\" data-bid=\"1\" data-placement=\"985\">PGRpdiBpZD0iYW1jLTQwNTgyNzQzMjciIGNsYXNzPSJhbWMtbWgtbWlkIj48c2NyaXB0IGFzeW5jIHNyYz0iLy9wYWdlYWQyLmdvb2dsZXN5bmRpY2F0aW9uLmNvbS9wYWdlYWQvanMvYWRzYnlnb29nbGUuanM\/Y2xpZW50PWNhLXB1Yi00NDAxMTQ1MDI3NTM5MTE1IiBjcm9zc29yaWdpbj0iYW5vbnltb3VzIj48L3NjcmlwdD48aW5zIGNsYXNzPSJhZHNieWdvb2dsZSIgc3R5bGU9ImRpc3BsYXk6YmxvY2s7IiBkYXRhLWFkLWNsaWVudD0iY2EtcHViLTQ0MDExNDUwMjc1MzkxMTUiIApkYXRhLWFkLXNsb3Q9IiIgCmRhdGEtYWQtZm9ybWF0PSJhdXRvIiBkYXRhLWZ1bGwtd2lkdGgtcmVzcG9uc2l2ZT0idHJ1ZSI+PC9pbnM+CjxzY3JpcHQ+IAooYWRzYnlnb29nbGUgPSB3aW5kb3cuYWRzYnlnb29nbGUgfHwgW10pLnB1c2goe30pOyAKPC9zY3JpcHQ+CjwvZGl2Pg==<\/script>\n\n\n\n<h2 class=\"wp-block-heading\"><strong>Les protagonistes de la flamme \u00e0 Terni<\/strong><\/h2>\n\n\n\n<p>Ont \u00e9t\u00e9 s\u00e9lectionn\u00e9s pour cette \u00e9tape ombrienne <strong>environ 80 porteurs de torches<\/strong>Chacun d'entre eux a parcouru en moyenne 200 m\u00e8tres. Parmi eux :<\/p>\n\n\n\n<ul class=\"wp-block-list\">\n<li><strong>Anciens athl\u00e8tes olympiques d'Ombrie<\/strong> comme l'escrimeur Mauro Numa et le tireur Francesco Nespeca<\/li>\n\n\n\n<li><strong>\u00c9tudiants et jeunes sportifs<\/strong> des \u00e9coles secondaires de Terni, protagonistes de projets \u00e9ducatifs sur le sport inclusif<\/li>\n\n\n\n<li><strong>Volontaires de la protection civile<\/strong> e <strong>associations sportives<\/strong> du territoire<\/li>\n\n\n\n<li>A <strong>porteur de flambeau exceptionnel<\/strong>le cur\u00e9 d'un quartier de banlieue, choisi pour son engagement dans la promotion de l'activit\u00e9 motrice aupr\u00e8s des enfants handicap\u00e9s<\/li>\n<\/ul>\n\n\n\n<h2 class=\"wp-block-heading\"><strong>La torche du d\u00e9veloppement durable : symbole de l'avenir<\/strong><\/h2>\n\n\n\n<p>Comme dans toutes les \u00e9tapes, la flamme de Terni a \u00e9t\u00e9 accompagn\u00e9e d'un fort sentiment d'appartenance. <strong>vert<\/strong>. Fabriqu\u00e9 en aluminium recycl\u00e9, il est constitu\u00e9 d'un noyau de <strong>bio-GPL<\/strong> et se recharge jusqu'\u00e0 10 fois, garantissant ainsi un voyage respectueux de l'environnement. En outre, pour r\u00e9duire encore les \u00e9missions, l'ensemble du transport logistique du relais est confi\u00e9 \u00e0 des v\u00e9hicules \u00e9lectriques fournis par les sponsors officiels.<\/p>\n\n\n\n<h2 class=\"wp-block-heading\"><strong>Objectif : unir la communaut\u00e9, la culture et le sport<\/strong><\/h2>\n\n\n\n<p>L'\u00e9v\u00e9nement de Terni n'est pas seulement une c\u00e9l\u00e9bration olympique, c'est une v\u00e9ritable f\u00eate. <strong>moment de coh\u00e9sion citoyenne<\/strong>. Des expositions temporaires, des ateliers sportifs pour les enfants et des rencontres avec d'anciens athl\u00e8tes ont \u00e9t\u00e9 organis\u00e9s tout au long du week-end. Une initiative sp\u00e9ciale a \u00e9galement impliqu\u00e9 des artisans locaux, avec l'exposition de <strong>mini torches artistiques<\/strong> fabriqu\u00e9s \u00e0 partir de mat\u00e9riaux recycl\u00e9s et inspir\u00e9s par l'histoire de la ville.<\/p>\n\n\n\n<p><strong>L'Ombrie accueille le feu des Jeux<\/strong> Apr\u00e8s Terni, la flamme poursuivra son voyage en direction de <strong>P\u00e9rouse<\/strong>puis d'autres villages de l'Ombrie tels que Spoleto, Foligno et Gubbio. Le message accompagnant la torche - <strong>Lumi\u00e8re, rencontre, renaissance\".<\/strong> - se fond dans l'esprit de ces lieux, d\u00e9montrant que chaque ville a une histoire \u00e0 raconter \u00e0 travers le langage universel du sport.<\/p>\n\n\n\n<figure class=\"wp-block-embed is-type-video is-provider-youtube wp-block-embed-youtube wp-embed-aspect-16-9 wp-has-aspect-ratio\"><div class=\"wp-block-embed__wrapper\">\n<iframe loading=\"lazy\" title=\"&quot;TERNI&quot; Top 19 des lieux touristiques | Terni Tourism | ITALY\" width=\"500\" height=\"281\" src=\"https:\/\/www.youtube.com\/embed\/74GnaE4oaSA?feature=oembed\" frameborder=\"0\" allow=\"accelerometer; autoplay; clipboard-write; encrypted-media; gyroscope; picture-in-picture; web-share\" referrerpolicy=\"strict-origin-when-cross-origin\" allowfullscreen><\/iframe>\n<\/div><\/figure>\n<div class=\"amc-dopo-il-contenuto\" id=\"amc-1085490186\"><script type=\"text\/plain\" data-tcf=\"waiting-for-consent\" data-id=\"1033\" data-bid=\"1\">PGRpdiBpZD0iYW1jLTU4MjYyNDU2MSI+PHNjcmlwdCBhc3luYyBzcmM9Ii8vcGFnZWFkMi5nb29nbGVzeW5kaWNhdGlvbi5jb20vcGFnZWFkL2pzL2Fkc2J5Z29vZ2xlLmpzP2NsaWVudD1jYS1wdWItNDQwMTE0NTAyNzUzOTExNSIgY3Jvc3NvcmlnaW49ImFub255bW91cyI+PC9zY3JpcHQ+PGlucyBjbGFzcz0iYWRzYnlnb29nbGUiIHN0eWxlPSJkaXNwbGF5OmJsb2NrOyIgZGF0YS1hZC1jbGllbnQ9ImNhLXB1Yi00NDAxMTQ1MDI3NTM5MTE1IiAKZGF0YS1hZC1zbG90PSIiIApkYXRhLWFkLWZvcm1hdD0iYXV0byIgZGF0YS1mdWxsLXdpZHRoLXJlc3BvbnNpdmU9InRydWUiPjwvaW5zPgo8c2NyaXB0PiAKKGFkc2J5Z29vZ2xlID0gd2luZG93LmFkc2J5Z29vZ2xlIHx8IFtdKS5wdXNoKHt9KTsgCjwvc2NyaXB0Pgo8L2Rpdj4=<\/script><\/div>","protected":false},"excerpt":{"rendered":"<p>8 dicembre 2025 \u2013 Terni, ( Umbria ) Nel terzo giorno del suo storico viaggio verso Milano Cortina 2026, la fiaccola olimpica arriver\u00e0 nel cuore dell\u2019Umbria: Terni, citt\u00e0 di ferro, acqua e cuore pulsante di sport e cultura, diventa teatro di un momento simbolico di grande impatto. Dopo l\u2019avvio da Roma e la seconda tappa [&hellip;]<\/p>","protected":false},"author":3,"featured_media":744,"comment_status":"open","ping_status":"open","sticky":false,"template":"","format":"standard","meta":{"_acf_changed":false,"footnotes":""},"categories":[5,1,16],"tags":[],"class_list":["post-742","post","type-post","status-publish","format-standard","has-post-thumbnail","hentry","category-guida-per-i-tifosi","category-notizie-e-aggiornamenti","category-notizie-e-approfondimenti"],"acf":[],"_links":{"self":[{"href":"https:\/\/aspettandomilanocortina2026.it\/fr\/wp-json\/wp\/v2\/posts\/742","targetHints":{"allow":["GET"]}}],"collection":[{"href":"https:\/\/aspettandomilanocortina2026.it\/fr\/wp-json\/wp\/v2\/posts"}],"about":[{"href":"https:\/\/aspettandomilanocortina2026.it\/fr\/wp-json\/wp\/v2\/types\/post"}],"author":[{"embeddable":true,"href":"https:\/\/aspettandomilanocortina2026.it\/fr\/wp-json\/wp\/v2\/users\/3"}],"replies":[{"embeddable":true,"href":"https:\/\/aspettandomilanocortina2026.it\/fr\/wp-json\/wp\/v2\/comments?post=742"}],"version-history":[{"count":1,"href":"https:\/\/aspettandomilanocortina2026.it\/fr\/wp-json\/wp\/v2\/posts\/742\/revisions"}],"predecessor-version":[{"id":745,"href":"https:\/\/aspettandomilanocortina2026.it\/fr\/wp-json\/wp\/v2\/posts\/742\/revisions\/745"}],"wp:featuredmedia":[{"embeddable":true,"href":"https:\/\/aspettandomilanocortina2026.it\/fr\/wp-json\/wp\/v2\/media\/744"}],"wp:attachment":[{"href":"https:\/\/aspettandomilanocortina2026.it\/fr\/wp-json\/wp\/v2\/media?parent=742"}],"wp:term":[{"taxonomy":"category","embeddable":true,"href":"https:\/\/aspettandomilanocortina2026.it\/fr\/wp-json\/wp\/v2\/categories?post=742"},{"taxonomy":"post_tag","embeddable":true,"href":"https:\/\/aspettandomilanocortina2026.it\/fr\/wp-json\/wp\/v2\/tags?post=742"}],"curies":[{"name":"wp","href":"https:\/\/api.w.org\/{rel}","templated":true}]}}