{"id":738,"date":"2025-06-13T08:56:39","date_gmt":"2025-06-13T07:56:39","guid":{"rendered":"https:\/\/aspettandomilanocortina2026.it\/?p=738"},"modified":"2025-06-13T08:56:46","modified_gmt":"2025-06-13T07:56:46","slug":"viterbo-accueillera-la-flamme-olympique-deuxieme-jour-de-feu-vers-milan-cortina","status":"publish","type":"post","link":"https:\/\/aspettandomilanocortina2026.it\/fr\/viterbo-accueillera-la-flamme-olympique-deuxieme-jour-de-feu-vers-milan-cortina\/","title":{"rendered":"Viterbo accueillera la flamme olympique : deuxi\u00e8me jour de feu vers Milan-Cortina"},"content":{"rendered":"<script type=\"text\/plain\" data-tcf=\"waiting-for-consent\" data-id=\"1033\" data-bid=\"1\" data-placement=\"1034\">PGRpdiBpZD0iYW1jLTM5MjQyMDgzNjUiIGNsYXNzPSJhbWMtcHJpbWEtZGVsLWNvbnRlbnV0byI+PHNjcmlwdCBhc3luYyBzcmM9Ii8vcGFnZWFkMi5nb29nbGVzeW5kaWNhdGlvbi5jb20vcGFnZWFkL2pzL2Fkc2J5Z29vZ2xlLmpzP2NsaWVudD1jYS1wdWItNDQwMTE0NTAyNzUzOTExNSIgY3Jvc3NvcmlnaW49ImFub255bW91cyI+PC9zY3JpcHQ+PGlucyBjbGFzcz0iYWRzYnlnb29nbGUiIHN0eWxlPSJkaXNwbGF5OmJsb2NrOyIgZGF0YS1hZC1jbGllbnQ9ImNhLXB1Yi00NDAxMTQ1MDI3NTM5MTE1IiAKZGF0YS1hZC1zbG90PSIiIApkYXRhLWFkLWZvcm1hdD0iYXV0byIgZGF0YS1mdWxsLXdpZHRoLXJlc3BvbnNpdmU9InRydWUiPjwvaW5zPgo8c2NyaXB0PiAKKGFkc2J5Z29vZ2xlID0gd2luZG93LmFkc2J5Z29vZ2xlIHx8IFtdKS5wdXNoKHt9KTsgCjwvc2NyaXB0Pgo8L2Rpdj4=<\/script>\n<h2 class=\"wp-block-heading\"><strong>7 d\u00e9cembre 2025 - Viterbo (Lazio)<\/strong><\/h2>\n\n\n\n<p>Apr\u00e8s un d\u00e9part en fanfare \u00e0 Rome, la flamme olympique s'arr\u00eatera \u00e0 <strong>Viterbe<\/strong>devenant ainsi la premi\u00e8re ville officielle \u00e0 accueillir la deuxi\u00e8me journ\u00e9e du relais. Par une r\u00e9solution approuv\u00e9e le 4 avril 2025, la ville a confirm\u00e9 sa collaboration avec la Fondation Milan Cortina 2026, faisant du passage de la flamme un \u00e9v\u00e9nement majeur. <strong>promotion de la culture, du tourisme et du sport<\/strong>.<\/p><script type=\"text\/plain\" data-tcf=\"waiting-for-consent\" data-id=\"1037\" data-bid=\"1\" data-placement=\"726\">PGRpdiBpZD0iYW1jLTM3ODU2MDk0MDkiIGNsYXNzPSJhbWMtcG9zdC1jb250ZW50IiBzdHlsZT0ibWFyZ2luLWxlZnQ6IGF1dG87bWFyZ2luLXJpZ2h0OiBhdXRvO3RleHQtYWxpZ246IGNlbnRlcjsiPjxzY3JpcHQgYXN5bmMgc3JjPSIvL3BhZ2VhZDIuZ29vZ2xlc3luZGljYXRpb24uY29tL3BhZ2VhZC9qcy9hZHNieWdvb2dsZS5qcz9jbGllbnQ9Y2EtcHViLTQ0MDExNDUwMjc1MzkxMTUiIGNyb3Nzb3JpZ2luPSJhbm9ueW1vdXMiPjwvc2NyaXB0PjxpbnMgY2xhc3M9ImFkc2J5Z29vZ2xlIiBzdHlsZT0iZGlzcGxheTpibG9jazsiIGRhdGEtYWQtY2xpZW50PSJjYS1wdWItNDQwMTE0NTAyNzUzOTExNSIgCmRhdGEtYWQtc2xvdD0iODAyMDU4Mzc5MyIgCmRhdGEtYWQtZm9ybWF0PSJhdXRvIiBkYXRhLWZ1bGwtd2lkdGgtcmVzcG9uc2l2ZT0idHJ1ZSI+PC9pbnM+CjxzY3JpcHQ+IAooYWRzYnlnb29nbGUgPSB3aW5kb3cuYWRzYnlnb29nbGUgfHwgW10pLnB1c2goe30pOyAKPC9zY3JpcHQ+CjwvZGl2PjxiciBzdHlsZT0iY2xlYXI6IGJvdGg7IGRpc3BsYXk6IGJsb2NrOyBmbG9hdDogbm9uZTsiLz4=<\/script>\n\n\n\n<h2 class=\"wp-block-heading\"><strong>Programme du 7 d\u00e9cembre<\/strong><\/h2>\n\n\n\n<ul class=\"wp-block-list\">\n<li><strong>Calendrier pr\u00e9vu<\/strong>: la flamme arrivera en fin de matin\u00e9e<\/li>\n\n\n\n<li><strong>Itin\u00e9raire urbain<\/strong>Le parcours se d\u00e9roule dans le centre historique, en passant par les principaux monuments m\u00e9di\u00e9vaux et les rues caract\u00e9ristiques.<\/li>\n\n\n\n<li><strong>La participation<\/strong>les autorit\u00e9s locales, les associations sportives et la citoyennet\u00e9 seront pr\u00e9sentes, avec une br\u00e8ve c\u00e9r\u00e9monie d'accueil<\/li>\n<\/ul>\n\n\n\n<h2 class=\"wp-block-heading\"><strong>Viterbo protagoniste : histoire, beaut\u00e9 et esprit olympique<\/strong><\/h2>\n\n\n\n<p>Connu sous le nom de <strong>\"La Cit\u00e9 des Papes<\/strong>Viterbo offre un cadre id\u00e9al pour accueillir la flamme : les remparts de la ville, les c\u00e9l\u00e8bres <strong>Palais des Papes<\/strong> et les rues m\u00e9di\u00e9vales refl\u00e8tent un lien profond entre <strong>histoire, tradition et identit\u00e9 territoriale<\/strong>.<\/p><script type=\"text\/plain\" data-tcf=\"waiting-for-consent\" data-id=\"1033\" data-bid=\"1\" data-placement=\"985\">PGRpdiBpZD0iYW1jLTEyMzE4NTIyMiIgY2xhc3M9ImFtYy1taC1taWQiPjxzY3JpcHQgYXN5bmMgc3JjPSIvL3BhZ2VhZDIuZ29vZ2xlc3luZGljYXRpb24uY29tL3BhZ2VhZC9qcy9hZHNieWdvb2dsZS5qcz9jbGllbnQ9Y2EtcHViLTQ0MDExNDUwMjc1MzkxMTUiIGNyb3Nzb3JpZ2luPSJhbm9ueW1vdXMiPjwvc2NyaXB0PjxpbnMgY2xhc3M9ImFkc2J5Z29vZ2xlIiBzdHlsZT0iZGlzcGxheTpibG9jazsiIGRhdGEtYWQtY2xpZW50PSJjYS1wdWItNDQwMTE0NTAyNzUzOTExNSIgCmRhdGEtYWQtc2xvdD0iIiAKZGF0YS1hZC1mb3JtYXQ9ImF1dG8iIGRhdGEtZnVsbC13aWR0aC1yZXNwb25zaXZlPSJ0cnVlIj48L2lucz4KPHNjcmlwdD4gCihhZHNieWdvb2dsZSA9IHdpbmRvdy5hZHNieWdvb2dsZSB8fCBbXSkucHVzaCh7fSk7IAo8L3NjcmlwdD4KPC9kaXY+<\/script>\n\n\n\n<p>La ville se pr\u00e9pare ainsi \u00e0 devenir un symbole de la rencontre entre l'homme et la femme. <strong>le pass\u00e9 et l'avenir<\/strong>le sport devenant un moteur de l'\u00e9conomie et de la soci\u00e9t\u00e9. <strong>la coh\u00e9sion sociale<\/strong> et la mise en valeur du territoire.<\/p>\n\n\n\n<h2 class=\"wp-block-heading\"><strong>Porteurs de flambeau de la journ\u00e9e<\/strong><\/h2>\n\n\n\n<p>Au cours de cette \u00e9tape, le flambeau sera port\u00e9 par <strong>10 porteurs de flambeau<\/strong>:<\/p>\n\n\n\n<ul class=\"wp-block-list\">\n<li>Les repr\u00e9sentants de la <strong>Municipalit\u00e9 de Viterbo<\/strong> et les associations locales<\/li>\n\n\n\n<li><strong>Volontaires s\u00e9lectionn\u00e9s<\/strong><\/li>\n\n\n\n<li>Un jeune athl\u00e8te en pleine ascension qui symbolise la <strong>avenir sportif du viterbese<\/strong><\/li>\n\n\n\n<li>Repr\u00e9sentants du monde <strong>culturelles et institutionnelles locales<\/strong><\/li>\n<\/ul>\n\n\n\n<h2 class=\"wp-block-heading\"><strong>Des valeurs en feu : durabilit\u00e9 et inclusion<\/strong><\/h2>\n\n\n\n<p>Conform\u00e9ment \u00e0 la tradition, la torche utilise un <strong>torche durable<\/strong>con\u00e7u pour \u00eatre <strong>rechargeable jusqu'\u00e0 dix fois<\/strong>, construit avec <strong>mat\u00e9riaux recycl\u00e9s<\/strong> et aliment\u00e9 par <strong>bio-GPL<\/strong>.<\/p>\n\n\n\n<p>Viterbo r\u00e9affirme ainsi son engagement en faveur d'un mod\u00e8le \u00e9v\u00e9nementiel <strong>\u00e9co-responsable<\/strong>align\u00e9s sur les principes de Milan Cortina 2026.<\/p>\n\n\n\n<p>Le <strong>7 d\u00e9cembre \u00e0 Viterbo<\/strong> ne sera pas un simple passage de flambeau, mais le d\u00e9but concret d'un r\u00e9cit collectif entre l'Union europ\u00e9enne et l'Union europ\u00e9enne. <strong>histoire, communaut\u00e9 et sport<\/strong>. Dans un parcours con\u00e7u pour relier chaque ville au symbole olympique, Viterbo prend sa propre page d'histoire, devenant un lieu o\u00f9 le feu olympique n'allume pas seulement la torche, mais aussi la fiert\u00e9 et la participation de toute une communaut\u00e9.<\/p>\n\n\n\n<figure class=\"wp-block-embed is-type-video is-provider-youtube wp-block-embed-youtube wp-embed-aspect-16-9 wp-has-aspect-ratio\"><div class=\"wp-block-embed__wrapper\">\n<iframe loading=\"lazy\" title=\"VITERBO | Vetus Urbs | LA VILLE DES POPES | TUSCIA\" width=\"500\" height=\"281\" src=\"https:\/\/www.youtube.com\/embed\/huv83Qnc4I0?feature=oembed\" frameborder=\"0\" allow=\"accelerometer; autoplay; clipboard-write; encrypted-media; gyroscope; picture-in-picture; web-share\" referrerpolicy=\"strict-origin-when-cross-origin\" allowfullscreen><\/iframe>\n<\/div><\/figure>\n<div class=\"amc-dopo-il-contenuto\" id=\"amc-3999900908\"><script type=\"text\/plain\" data-tcf=\"waiting-for-consent\" data-id=\"1033\" data-bid=\"1\">PGRpdiBpZD0iYW1jLTI1Mzg1MzUxOCI+PHNjcmlwdCBhc3luYyBzcmM9Ii8vcGFnZWFkMi5nb29nbGVzeW5kaWNhdGlvbi5jb20vcGFnZWFkL2pzL2Fkc2J5Z29vZ2xlLmpzP2NsaWVudD1jYS1wdWItNDQwMTE0NTAyNzUzOTExNSIgY3Jvc3NvcmlnaW49ImFub255bW91cyI+PC9zY3JpcHQ+PGlucyBjbGFzcz0iYWRzYnlnb29nbGUiIHN0eWxlPSJkaXNwbGF5OmJsb2NrOyIgZGF0YS1hZC1jbGllbnQ9ImNhLXB1Yi00NDAxMTQ1MDI3NTM5MTE1IiAKZGF0YS1hZC1zbG90PSIiIApkYXRhLWFkLWZvcm1hdD0iYXV0byIgZGF0YS1mdWxsLXdpZHRoLXJlc3BvbnNpdmU9InRydWUiPjwvaW5zPgo8c2NyaXB0PiAKKGFkc2J5Z29vZ2xlID0gd2luZG93LmFkc2J5Z29vZ2xlIHx8IFtdKS5wdXNoKHt9KTsgCjwvc2NyaXB0Pgo8L2Rpdj4=<\/script><\/div>","protected":false},"excerpt":{"rendered":"<p>7 dicembre 2025 \u2013 Viterbo (Lazio) Dopo l&#8217;emozionante partenza romana, la fiaccola olimpica far\u00e0 tappa a Viterbo, diventando la prima citt\u00e0 ufficiale a ospitare il secondo giorno della staffetta. Tramite una delibera approvata il 4 aprile 2025, la citt\u00e0 ha confermato la propria collaborazione con la Fondazione Milano\u202fCortina 2026, trasformando il passaggio della torcia in [&hellip;]<\/p>","protected":false},"author":3,"featured_media":739,"comment_status":"open","ping_status":"open","sticky":false,"template":"","format":"standard","meta":{"_acf_changed":false,"footnotes":""},"categories":[5,3,7,1,16],"tags":[],"class_list":["post-738","post","type-post","status-publish","format-standard","has-post-thumbnail","hentry","category-guida-per-i-tifosi","category-calendario-gare","category-milano-e-cortina","category-notizie-e-aggiornamenti","category-notizie-e-approfondimenti"],"acf":[],"_links":{"self":[{"href":"https:\/\/aspettandomilanocortina2026.it\/fr\/wp-json\/wp\/v2\/posts\/738","targetHints":{"allow":["GET"]}}],"collection":[{"href":"https:\/\/aspettandomilanocortina2026.it\/fr\/wp-json\/wp\/v2\/posts"}],"about":[{"href":"https:\/\/aspettandomilanocortina2026.it\/fr\/wp-json\/wp\/v2\/types\/post"}],"author":[{"embeddable":true,"href":"https:\/\/aspettandomilanocortina2026.it\/fr\/wp-json\/wp\/v2\/users\/3"}],"replies":[{"embeddable":true,"href":"https:\/\/aspettandomilanocortina2026.it\/fr\/wp-json\/wp\/v2\/comments?post=738"}],"version-history":[{"count":1,"href":"https:\/\/aspettandomilanocortina2026.it\/fr\/wp-json\/wp\/v2\/posts\/738\/revisions"}],"predecessor-version":[{"id":741,"href":"https:\/\/aspettandomilanocortina2026.it\/fr\/wp-json\/wp\/v2\/posts\/738\/revisions\/741"}],"wp:featuredmedia":[{"embeddable":true,"href":"https:\/\/aspettandomilanocortina2026.it\/fr\/wp-json\/wp\/v2\/media\/739"}],"wp:attachment":[{"href":"https:\/\/aspettandomilanocortina2026.it\/fr\/wp-json\/wp\/v2\/media?parent=738"}],"wp:term":[{"taxonomy":"category","embeddable":true,"href":"https:\/\/aspettandomilanocortina2026.it\/fr\/wp-json\/wp\/v2\/categories?post=738"},{"taxonomy":"post_tag","embeddable":true,"href":"https:\/\/aspettandomilanocortina2026.it\/fr\/wp-json\/wp\/v2\/tags?post=738"}],"curies":[{"name":"wp","href":"https:\/\/api.w.org\/{rel}","templated":true}]}}