{"id":729,"date":"2025-06-12T14:34:48","date_gmt":"2025-06-12T13:34:48","guid":{"rendered":"https:\/\/aspettandomilanocortina2026.it\/?p=729"},"modified":"2025-06-13T08:43:42","modified_gmt":"2025-06-13T07:43:42","slug":"rome-allume-la-flamme-olympique-et-le-parcours-de-la-torche-de-milan-cortina-2026-commence","status":"publish","type":"post","link":"https:\/\/aspettandomilanocortina2026.it\/fr\/rome-allume-la-flamme-olympique-et-le-parcours-de-la-torche-de-milan-cortina-2026-commence\/","title":{"rendered":"Rome allume la flamme olympique : le voyage de la flamme de Milan Cortina 2026 commence"},"content":{"rendered":"<script type=\"text\/plain\" data-tcf=\"waiting-for-consent\" data-id=\"1033\" data-bid=\"1\" data-placement=\"1034\">PGRpdiBpZD0iYW1jLTQwODE4Mjg0MDQiIGNsYXNzPSJhbWMtcHJpbWEtZGVsLWNvbnRlbnV0byI+PHNjcmlwdCBhc3luYyBzcmM9Ii8vcGFnZWFkMi5nb29nbGVzeW5kaWNhdGlvbi5jb20vcGFnZWFkL2pzL2Fkc2J5Z29vZ2xlLmpzP2NsaWVudD1jYS1wdWItNDQwMTE0NTAyNzUzOTExNSIgY3Jvc3NvcmlnaW49ImFub255bW91cyI+PC9zY3JpcHQ+PGlucyBjbGFzcz0iYWRzYnlnb29nbGUiIHN0eWxlPSJkaXNwbGF5OmJsb2NrOyIgZGF0YS1hZC1jbGllbnQ9ImNhLXB1Yi00NDAxMTQ1MDI3NTM5MTE1IiAKZGF0YS1hZC1zbG90PSIiIApkYXRhLWFkLWZvcm1hdD0iYXV0byIgZGF0YS1mdWxsLXdpZHRoLXJlc3BvbnNpdmU9InRydWUiPjwvaW5zPgo8c2NyaXB0PiAKKGFkc2J5Z29vZ2xlID0gd2luZG93LmFkc2J5Z29vZ2xlIHx8IFtdKS5wdXNoKHt9KTsgCjwvc2NyaXB0Pgo8L2Rpdj4=<\/script>\n<p>La flamme olympique, allum\u00e9e le 26 novembre 2025 \u00e0 Olympie, atterrit en Italie pour entamer officiellement son passionnant voyage \u00e0 travers plus de 1 500 municipalit\u00e9s. La flamme <strong>6 d\u00e9cembre<\/strong>au c\u0153ur de la capitale, le premier jour du relais de la flamme d\u00e9marre, avec <strong>plus de 10 001 porteurs de flambeau<\/strong> choisis parmi les citoyens, les athl\u00e8tes, les repr\u00e9sentants locaux et les b\u00e9n\u00e9voles.<\/p><script type=\"text\/plain\" data-tcf=\"waiting-for-consent\" data-id=\"1037\" data-bid=\"1\" data-placement=\"726\">PGRpdiBpZD0iYW1jLTM0MzY4MjYwNjIiIGNsYXNzPSJhbWMtcG9zdC1jb250ZW50IiBzdHlsZT0ibWFyZ2luLWxlZnQ6IGF1dG87bWFyZ2luLXJpZ2h0OiBhdXRvO3RleHQtYWxpZ246IGNlbnRlcjsiPjxzY3JpcHQgYXN5bmMgc3JjPSIvL3BhZ2VhZDIuZ29vZ2xlc3luZGljYXRpb24uY29tL3BhZ2VhZC9qcy9hZHNieWdvb2dsZS5qcz9jbGllbnQ9Y2EtcHViLTQ0MDExNDUwMjc1MzkxMTUiIGNyb3Nzb3JpZ2luPSJhbm9ueW1vdXMiPjwvc2NyaXB0PjxpbnMgY2xhc3M9ImFkc2J5Z29vZ2xlIiBzdHlsZT0iZGlzcGxheTpibG9jazsiIGRhdGEtYWQtY2xpZW50PSJjYS1wdWItNDQwMTE0NTAyNzUzOTExNSIgCmRhdGEtYWQtc2xvdD0iODAyMDU4Mzc5MyIgCmRhdGEtYWQtZm9ybWF0PSJhdXRvIiBkYXRhLWZ1bGwtd2lkdGgtcmVzcG9uc2l2ZT0idHJ1ZSI+PC9pbnM+CjxzY3JpcHQ+IAooYWRzYnlnb29nbGUgPSB3aW5kb3cuYWRzYnlnb29nbGUgfHwgW10pLnB1c2goe30pOyAKPC9zY3JpcHQ+CjwvZGl2PjxiciBzdHlsZT0iY2xlYXI6IGJvdGg7IGRpc3BsYXk6IGJsb2NrOyBmbG9hdDogbm9uZTsiLz4=<\/script>\n\n\n\n<h2 class=\"wp-block-heading\"><strong>Le programme de la journ\u00e9e romaine<\/strong><\/h2>\n\n\n\n<ul class=\"wp-block-list\">\n<li><strong>Heure de d\u00e9part estim\u00e9e<\/strong>: 07:30<\/li>\n\n\n\n<li><strong>Points de d\u00e9part<\/strong>Stadio dei Marmi : Stadio dei Marmi<\/li>\n\n\n\n<li>Le relais passera par des quartiers embl\u00e9matiques tels que l'Aventin, le Trastevere et le Colis\u00e9e, avant d'\u00eatre accueilli dans la soir\u00e9e au <strong>Stade olympique<\/strong>\u00e0 l'occasion de la premi\u00e8re grande c\u00e9r\u00e9monie symbolique.<\/li>\n<\/ul>\n\n\n\n<p>Chaque porteur de flambeau couvrira environ <strong>200-250 m\u00e8tres<\/strong>transmettant id\u00e9alement le feu de la tradition dans un parcours qui allie sport, histoire et culture.<\/p><script type=\"text\/plain\" data-tcf=\"waiting-for-consent\" data-id=\"1033\" data-bid=\"1\" data-placement=\"985\">PGRpdiBpZD0iYW1jLTEyNzg0NTU3MDAiIGNsYXNzPSJhbWMtbWgtbWlkIj48c2NyaXB0IGFzeW5jIHNyYz0iLy9wYWdlYWQyLmdvb2dsZXN5bmRpY2F0aW9uLmNvbS9wYWdlYWQvanMvYWRzYnlnb29nbGUuanM\/Y2xpZW50PWNhLXB1Yi00NDAxMTQ1MDI3NTM5MTE1IiBjcm9zc29yaWdpbj0iYW5vbnltb3VzIj48L3NjcmlwdD48aW5zIGNsYXNzPSJhZHNieWdvb2dsZSIgc3R5bGU9ImRpc3BsYXk6YmxvY2s7IiBkYXRhLWFkLWNsaWVudD0iY2EtcHViLTQ0MDExNDUwMjc1MzkxMTUiIApkYXRhLWFkLXNsb3Q9IiIgCmRhdGEtYWQtZm9ybWF0PSJhdXRvIiBkYXRhLWZ1bGwtd2lkdGgtcmVzcG9uc2l2ZT0idHJ1ZSI+PC9pbnM+CjxzY3JpcHQ+IAooYWRzYnlnb29nbGUgPSB3aW5kb3cuYWRzYnlnb29nbGUgfHwgW10pLnB1c2goe30pOyAKPC9zY3JpcHQ+CjwvZGl2Pg==<\/script>\n\n\n\n<figure class=\"wp-block-gallery has-nested-images columns-default is-cropped wp-block-gallery-1 is-layout-flex wp-block-gallery-is-layout-flex\">\n<figure class=\"wp-block-image size-large\"><img loading=\"lazy\" decoding=\"async\" width=\"1024\" height=\"682\" data-id=\"732\" src=\"https:\/\/aspettandomilanocortina2026.it\/wp-content\/uploads\/2025\/06\/rome-3550739_1280-1024x682.jpg\" alt=\"\" class=\"wp-image-732\" title=\"\" srcset=\"https:\/\/aspettandomilanocortina2026.it\/wp-content\/uploads\/2025\/06\/rome-3550739_1280-1024x682.jpg 1024w, https:\/\/aspettandomilanocortina2026.it\/wp-content\/uploads\/2025\/06\/rome-3550739_1280-300x200.jpg 300w, https:\/\/aspettandomilanocortina2026.it\/wp-content\/uploads\/2025\/06\/rome-3550739_1280-768x512.jpg 768w, https:\/\/aspettandomilanocortina2026.it\/wp-content\/uploads\/2025\/06\/rome-3550739_1280-18x12.jpg 18w, https:\/\/aspettandomilanocortina2026.it\/wp-content\/uploads\/2025\/06\/rome-3550739_1280-1200x800.jpg 1200w, https:\/\/aspettandomilanocortina2026.it\/wp-content\/uploads\/2025\/06\/rome-3550739_1280-600x400.jpg 600w, https:\/\/aspettandomilanocortina2026.it\/wp-content\/uploads\/2025\/06\/rome-3550739_1280.jpg 1280w\" sizes=\"auto, (max-width: 1024px) 100vw, 1024px\" \/><\/figure>\n\n\n\n<figure class=\"wp-block-image size-large\"><img loading=\"lazy\" decoding=\"async\" width=\"1024\" height=\"671\" data-id=\"731\" src=\"https:\/\/aspettandomilanocortina2026.it\/wp-content\/uploads\/2025\/06\/bridge-7246855_1280-1024x671.jpg\" alt=\"\" class=\"wp-image-731\" title=\"\" srcset=\"https:\/\/aspettandomilanocortina2026.it\/wp-content\/uploads\/2025\/06\/bridge-7246855_1280-1024x671.jpg 1024w, https:\/\/aspettandomilanocortina2026.it\/wp-content\/uploads\/2025\/06\/bridge-7246855_1280-300x197.jpg 300w, https:\/\/aspettandomilanocortina2026.it\/wp-content\/uploads\/2025\/06\/bridge-7246855_1280-768x503.jpg 768w, https:\/\/aspettandomilanocortina2026.it\/wp-content\/uploads\/2025\/06\/bridge-7246855_1280-18x12.jpg 18w, https:\/\/aspettandomilanocortina2026.it\/wp-content\/uploads\/2025\/06\/bridge-7246855_1280-1200x787.jpg 1200w, https:\/\/aspettandomilanocortina2026.it\/wp-content\/uploads\/2025\/06\/bridge-7246855_1280-600x393.jpg 600w, https:\/\/aspettandomilanocortina2026.it\/wp-content\/uploads\/2025\/06\/bridge-7246855_1280.jpg 1280w\" sizes=\"auto, (max-width: 1024px) 100vw, 1024px\" \/><\/figure>\n<\/figure>\n\n\n\n<h2 class=\"wp-block-heading\"><strong>Rome : une \u00e9tape de l'histoire et du sport<\/strong><\/h2>\n\n\n\n<p>Rome est une ville qui vit sous le signe de la m\u00e9moire et de la passion : de la Rome antique au football moderne, du Foro Italico au Campidoglio, chaque \u00e9tape r\u00e9sonne de symboles. Le Stadio dei Marmi, point de d\u00e9part, incarne l'esprit olympique, tandis que le stade olympique repr\u00e9sente le c\u0153ur battant de l'engagement sportif italien.<\/p>\n\n\n\n<figure class=\"wp-block-embed is-type-video is-provider-youtube wp-block-embed-youtube wp-embed-aspect-16-9 wp-has-aspect-ratio\"><div class=\"wp-block-embed__wrapper\">\n<iframe loading=\"lazy\" title=\"Un voyage unique \u00e0 Rome : des monuments c\u00e9l\u00e8bres aux joyaux cach\u00e9s\" width=\"500\" height=\"281\" src=\"https:\/\/www.youtube.com\/embed\/2vO1H_KNUZw?feature=oembed\" frameborder=\"0\" allow=\"accelerometer; autoplay; clipboard-write; encrypted-media; gyroscope; picture-in-picture; web-share\" referrerpolicy=\"strict-origin-when-cross-origin\" allowfullscreen><\/iframe>\n<\/div><\/figure>\n\n\n\n<h2 class=\"wp-block-heading\"><strong>Celui qui porte la flamme<\/strong><\/h2>\n\n\n\n<p>Parmi les porteurs de flambeau :<\/p>\n\n\n\n<ul class=\"wp-block-list\">\n<li><strong>Anciens athl\u00e8tes olympiques du CONI<\/strong>Les t\u00e9moins du pass\u00e9 sportif de l'Italie<\/li>\n\n\n\n<li><strong>Volontaires s\u00e9lectionn\u00e9s<\/strong>utilisateurs inscrits via un appel ouvert en f\u00e9vrier 2025 (10 001 candidats retenus)<\/li>\n\n\n\n<li><strong>Repr\u00e9sentants des institutions<\/strong>les autorit\u00e9s locales et les acteurs c\u00e9l\u00e8bres de la culture et du sport<\/li>\n\n\n\n<li><strong>Dernier porteur de flambeau secret<\/strong>charg\u00e9 de porter la flamme jusqu'au stade San Siro le 6 f\u00e9vrier 2026<\/li>\n\n\n\n<li><strong>Curiosit\u00e9 et conception \u00e9cologiques<\/strong><\/li>\n<\/ul>\n\n\n\n<p>La torche - en mat\u00e9riaux <strong>blanchi<\/strong> et aliment\u00e9 par <strong>bio-GPL<\/strong> - sera rechargeable jusqu'\u00e0 dix fois, ce qui limitera les d\u00e9chets et renforcera l'engagement en faveur du d\u00e9veloppement durable.<\/p>\n\n\n\n<p>Rome inaugure ainsi un voyage qui, jour apr\u00e8s jour, touchera \u00e0 la fois l'homme et la femme. <strong>les 20 r\u00e9gions italiennes<\/strong>, croisement <strong>60 villes<\/strong>, <strong>110 provinces<\/strong>, plus de <strong>1 500 communes<\/strong> et touchant plus de <strong>60 sites de l'Unesco<\/strong>. Le 6 d\u00e9cembre, Rome sera sous le feu des projecteurs pour le d\u00e9but du parcours symbolique de la flamme olympique. Il ne s'agit pas d'une simple course de relais, mais d'un voyage qui fusionne le sport, l'histoire, la culture et la durabilit\u00e9. Un moment collectif, o\u00f9 chaque porteur de flambeau devient le narrateur de valeurs universelles : la passion, l'unit\u00e9 et la renaissance.<\/p>\n\n\n\n<p><\/p>\n<div class=\"amc-dopo-il-contenuto\" id=\"amc-1748104992\"><script type=\"text\/plain\" data-tcf=\"waiting-for-consent\" data-id=\"1033\" data-bid=\"1\">PGRpdiBpZD0iYW1jLTMzMzYxMjg0MTYiPjxzY3JpcHQgYXN5bmMgc3JjPSIvL3BhZ2VhZDIuZ29vZ2xlc3luZGljYXRpb24uY29tL3BhZ2VhZC9qcy9hZHNieWdvb2dsZS5qcz9jbGllbnQ9Y2EtcHViLTQ0MDExNDUwMjc1MzkxMTUiIGNyb3Nzb3JpZ2luPSJhbm9ueW1vdXMiPjwvc2NyaXB0PjxpbnMgY2xhc3M9ImFkc2J5Z29vZ2xlIiBzdHlsZT0iZGlzcGxheTpibG9jazsiIGRhdGEtYWQtY2xpZW50PSJjYS1wdWItNDQwMTE0NTAyNzUzOTExNSIgCmRhdGEtYWQtc2xvdD0iIiAKZGF0YS1hZC1mb3JtYXQ9ImF1dG8iIGRhdGEtZnVsbC13aWR0aC1yZXNwb25zaXZlPSJ0cnVlIj48L2lucz4KPHNjcmlwdD4gCihhZHNieWdvb2dsZSA9IHdpbmRvdy5hZHNieWdvb2dsZSB8fCBbXSkucHVzaCh7fSk7IAo8L3NjcmlwdD4KPC9kaXY+<\/script><\/div>","protected":false},"excerpt":{"rendered":"<p>La fiamma olimpica accesa il 26 novembre 2025 a Olimpia, sbarca in Italia per dare inizio ufficiale al suo emozionante viaggio per pi\u00f9 di1.500 comuni. Il 6 dicembre, nel cuore della Capitale, prende avvio il primo giorno di staffetta della torcia, con oltre 10.001 tedofori scelti tra cittadini, atleti, rappresentanti locali e volontari. Il programma [&hellip;]<\/p>","protected":false},"author":3,"featured_media":730,"comment_status":"open","ping_status":"open","sticky":false,"template":"","format":"standard","meta":{"_acf_changed":false,"footnotes":""},"categories":[16,5,1],"tags":[],"class_list":["post-729","post","type-post","status-publish","format-standard","has-post-thumbnail","hentry","category-notizie-e-approfondimenti","category-guida-per-i-tifosi","category-notizie-e-aggiornamenti"],"acf":[],"_links":{"self":[{"href":"https:\/\/aspettandomilanocortina2026.it\/fr\/wp-json\/wp\/v2\/posts\/729","targetHints":{"allow":["GET"]}}],"collection":[{"href":"https:\/\/aspettandomilanocortina2026.it\/fr\/wp-json\/wp\/v2\/posts"}],"about":[{"href":"https:\/\/aspettandomilanocortina2026.it\/fr\/wp-json\/wp\/v2\/types\/post"}],"author":[{"embeddable":true,"href":"https:\/\/aspettandomilanocortina2026.it\/fr\/wp-json\/wp\/v2\/users\/3"}],"replies":[{"embeddable":true,"href":"https:\/\/aspettandomilanocortina2026.it\/fr\/wp-json\/wp\/v2\/comments?post=729"}],"version-history":[{"count":4,"href":"https:\/\/aspettandomilanocortina2026.it\/fr\/wp-json\/wp\/v2\/posts\/729\/revisions"}],"predecessor-version":[{"id":737,"href":"https:\/\/aspettandomilanocortina2026.it\/fr\/wp-json\/wp\/v2\/posts\/729\/revisions\/737"}],"wp:featuredmedia":[{"embeddable":true,"href":"https:\/\/aspettandomilanocortina2026.it\/fr\/wp-json\/wp\/v2\/media\/730"}],"wp:attachment":[{"href":"https:\/\/aspettandomilanocortina2026.it\/fr\/wp-json\/wp\/v2\/media?parent=729"}],"wp:term":[{"taxonomy":"category","embeddable":true,"href":"https:\/\/aspettandomilanocortina2026.it\/fr\/wp-json\/wp\/v2\/categories?post=729"},{"taxonomy":"post_tag","embeddable":true,"href":"https:\/\/aspettandomilanocortina2026.it\/fr\/wp-json\/wp\/v2\/tags?post=729"}],"curies":[{"name":"wp","href":"https:\/\/api.w.org\/{rel}","templated":true}]}}