{"id":714,"date":"2025-06-09T14:18:29","date_gmt":"2025-06-09T13:18:29","guid":{"rendered":"https:\/\/aspettandomilanocortina2026.it\/?p=714"},"modified":"2025-06-09T14:18:37","modified_gmt":"2025-06-09T13:18:37","slug":"ligue-des-nations-de-luefa-2025-le-portugal-conquiert-le-ciel-aux-tirs-au-but-et-bat-lespagne-dans-la-nuit-de-monaco","status":"publish","type":"post","link":"https:\/\/aspettandomilanocortina2026.it\/fr\/ligue-des-nations-de-luefa-2025-le-portugal-conquiert-le-ciel-aux-tirs-au-but-et-bat-lespagne-dans-la-nuit-de-monaco\/","title":{"rendered":"UEFA Nations League 2025 : Le Portugal s'impose aux tirs au but et bat l'Espagne \u00e0 Munich"},"content":{"rendered":"<script type=\"text\/plain\" data-tcf=\"waiting-for-consent\" data-id=\"1033\" data-bid=\"1\" data-placement=\"1034\">PGRpdiBpZD0iYW1jLTU4NTI3ODg4MSIgY2xhc3M9ImFtYy1wcmltYS1kZWwtY29udGVudXRvIj48c2NyaXB0IGFzeW5jIHNyYz0iLy9wYWdlYWQyLmdvb2dsZXN5bmRpY2F0aW9uLmNvbS9wYWdlYWQvanMvYWRzYnlnb29nbGUuanM\/Y2xpZW50PWNhLXB1Yi00NDAxMTQ1MDI3NTM5MTE1IiBjcm9zc29yaWdpbj0iYW5vbnltb3VzIj48L3NjcmlwdD48aW5zIGNsYXNzPSJhZHNieWdvb2dsZSIgc3R5bGU9ImRpc3BsYXk6YmxvY2s7IiBkYXRhLWFkLWNsaWVudD0iY2EtcHViLTQ0MDExNDUwMjc1MzkxMTUiIApkYXRhLWFkLXNsb3Q9IiIgCmRhdGEtYWQtZm9ybWF0PSJhdXRvIiBkYXRhLWZ1bGwtd2lkdGgtcmVzcG9uc2l2ZT0idHJ1ZSI+PC9pbnM+CjxzY3JpcHQ+IAooYWRzYnlnb29nbGUgPSB3aW5kb3cuYWRzYnlnb29nbGUgfHwgW10pLnB1c2goe30pOyAKPC9zY3JpcHQ+CjwvZGl2Pg==<\/script>\n<p>Le 8 juin 2025, dans le cadre \u00e9vocateur de l'exposition de la<strong>Allianz Arena<\/strong> \u00e0 Munich, le football a racont\u00e9 l'une de ses plus belles histoires. Une finale ib\u00e9rique - <strong>Portugal v Espagne<\/strong> - La d\u00e9cision n'a \u00e9t\u00e9 prise qu'au terme d'une bataille de 120 minutes et d'une loterie de tirs au but, qui a permis aux Portugais de remporter le titre de champion d'Europe. <strong>leur deuxi\u00e8me titre en Ligue des nations de l'UEFA<\/strong>.<\/p><script type=\"text\/plain\" data-tcf=\"waiting-for-consent\" data-id=\"1037\" data-bid=\"1\" data-placement=\"726\">PGRpdiBpZD0iYW1jLTEzNjMzMzk5MzAiIGNsYXNzPSJhbWMtcG9zdC1jb250ZW50IiBzdHlsZT0ibWFyZ2luLWxlZnQ6IGF1dG87bWFyZ2luLXJpZ2h0OiBhdXRvO3RleHQtYWxpZ246IGNlbnRlcjsiPjxzY3JpcHQgYXN5bmMgc3JjPSIvL3BhZ2VhZDIuZ29vZ2xlc3luZGljYXRpb24uY29tL3BhZ2VhZC9qcy9hZHNieWdvb2dsZS5qcz9jbGllbnQ9Y2EtcHViLTQ0MDExNDUwMjc1MzkxMTUiIGNyb3Nzb3JpZ2luPSJhbm9ueW1vdXMiPjwvc2NyaXB0PjxpbnMgY2xhc3M9ImFkc2J5Z29vZ2xlIiBzdHlsZT0iZGlzcGxheTpibG9jazsiIGRhdGEtYWQtY2xpZW50PSJjYS1wdWItNDQwMTE0NTAyNzUzOTExNSIgCmRhdGEtYWQtc2xvdD0iODAyMDU4Mzc5MyIgCmRhdGEtYWQtZm9ybWF0PSJhdXRvIiBkYXRhLWZ1bGwtd2lkdGgtcmVzcG9uc2l2ZT0idHJ1ZSI+PC9pbnM+CjxzY3JpcHQ+IAooYWRzYnlnb29nbGUgPSB3aW5kb3cuYWRzYnlnb29nbGUgfHwgW10pLnB1c2goe30pOyAKPC9zY3JpcHQ+CjwvZGl2PjxiciBzdHlsZT0iY2xlYXI6IGJvdGg7IGRpc3BsYXk6IGJsb2NrOyBmbG9hdDogbm9uZTsiLz4=<\/script>\n\n\n\n<p><strong>Le duel au sang chaud : Espagne vs Portugal<\/strong><\/p><script type=\"text\/plain\" data-tcf=\"waiting-for-consent\" data-id=\"1033\" data-bid=\"1\" data-placement=\"985\">PGRpdiBpZD0iYW1jLTM2MzQ2NjgxMjAiIGNsYXNzPSJhbWMtbWgtbWlkIj48c2NyaXB0IGFzeW5jIHNyYz0iLy9wYWdlYWQyLmdvb2dsZXN5bmRpY2F0aW9uLmNvbS9wYWdlYWQvanMvYWRzYnlnb29nbGUuanM\/Y2xpZW50PWNhLXB1Yi00NDAxMTQ1MDI3NTM5MTE1IiBjcm9zc29yaWdpbj0iYW5vbnltb3VzIj48L3NjcmlwdD48aW5zIGNsYXNzPSJhZHNieWdvb2dsZSIgc3R5bGU9ImRpc3BsYXk6YmxvY2s7IiBkYXRhLWFkLWNsaWVudD0iY2EtcHViLTQ0MDExNDUwMjc1MzkxMTUiIApkYXRhLWFkLXNsb3Q9IiIgCmRhdGEtYWQtZm9ybWF0PSJhdXRvIiBkYXRhLWZ1bGwtd2lkdGgtcmVzcG9uc2l2ZT0idHJ1ZSI+PC9pbnM+CjxzY3JpcHQ+IAooYWRzYnlnb29nbGUgPSB3aW5kb3cuYWRzYnlnb29nbGUgfHwgW10pLnB1c2goe30pOyAKPC9zY3JpcHQ+CjwvZGl2Pg==<\/script>\n\n\n\n<p>D'un c\u00f4t\u00e9 l'Espagne, championne en titre, organis\u00e9e, pr\u00e9cise et pr\u00eate \u00e0 d\u00e9fendre sa couronne. De l'autre, un Portugal riche en talent, en exp\u00e9rience et avec un homme-symbole une fois de plus d\u00e9cisif : <strong>Cristiano Ronaldo<\/strong>. Un match qui a tenu en haleine des millions de spectateurs, faisant de Munich le c\u0153ur battant du football europ\u00e9en.<\/p>\n\n\n\n<p><strong>La chronique : coups, r\u00e9ponses et l\u00e9gende<\/strong><\/p>\n\n\n\n<p>Le d\u00e9but est br\u00fblant. A la 21\u00e8me minute, l'Espagne frappe : <strong>Mart\u00edn Zubimendi<\/strong>Avec sang-froid, il conclut une action splendide orchestr\u00e9e par Nico Williams. Mais le Portugal r\u00e9agit comme les grandes \u00e9quipes savent le faire. Cinq minutes plus tard, <strong>Nuno Mendes<\/strong> il reprend le corner d'une frappe du pied gauche et \u00e9galise.<\/p>\n\n\n\n<p>Mais la fureur espagnole ne s'\u00e9teint pas. Avant la mi-temps, \u00e0 la 45e minute, <strong>Oyarzabal<\/strong> profite d'une incertitude dans la d\u00e9fense lusitanienne et signe le 2-1. On aurait pu croire que c'\u00e9tait le coup de gr\u00e2ce, mais en deuxi\u00e8me mi-temps, il a repris le dessus. <strong>Cristiano Ronaldo<\/strong>\u00c0 la 61e minute, sur une passe d\u00e9cisive de Bernardo Silva, il a \u00e9galis\u00e9 d'une frappe rageuse du pied droit. Il s'agit de son 138e but en \u00e9quipe nationale. Un record. Un sceau de l\u00e9gende.<\/p>\n\n\n\n<figure class=\"wp-block-embed is-type-video is-provider-youtube wp-block-embed-youtube wp-embed-aspect-16-9 wp-has-aspect-ratio\"><div class=\"wp-block-embed__wrapper\">\n<iframe loading=\"lazy\" title=\"Portugal - Espagne 7-5 : Meilleurs moments | UEFA Nations League 2024\/25\" width=\"500\" height=\"281\" src=\"https:\/\/www.youtube.com\/embed\/NNPvyaaYVrk?feature=oembed\" frameborder=\"0\" allow=\"accelerometer; autoplay; clipboard-write; encrypted-media; gyroscope; picture-in-picture; web-share\" referrerpolicy=\"strict-origin-when-cross-origin\" allowfullscreen><\/iframe>\n<\/div><\/figure>\n\n\n\n<p><strong>Sur les p\u00e9nalit\u00e9s : la froideur du destin<\/strong><\/p>\n\n\n\n<p>Le chronom\u00e8tre tourne. Une prolongation sans but, mais avec beaucoup de tension. On passe aux tirs au but. L'Espagne est la premi\u00e8re \u00e0 c\u00e9der : <strong>\u00c1lvaro Morata<\/strong> est hypnotis\u00e9 par <strong>Diogo Costa<\/strong>. Le Portugal est parfait au point de penalty. Pas de bavure. C'est au tour de <strong>R\u00faben Neves<\/strong> fermer le cercle. Objectif. La joie explose. C'est 5-3 aux tirs au but. Le Portugal est \u00e0 nouveau sur le toit de l'Europe.<\/p>\n\n\n\n<p><strong>Les protagonistes<\/strong><\/p>\n\n\n\n<ul class=\"wp-block-list\">\n<li><strong>Cristiano Ronaldo<\/strong>non seulement des objectifs, mais aussi du leadership et des larmes. \u00c0 40 ans, il a probablement fait ses adieux \u00e0 la sc\u00e8ne internationale en tant que h\u00e9ros.<\/li>\n\n\n\n<li><strong>Nuno Mendes<\/strong>nomm\u00e9 : nomm\u00e9 <strong>MVP de la finale<\/strong>gr\u00e2ce au but et \u00e0 une performance dominante sur le flanc.<\/li>\n\n\n\n<li><strong>Diogo Costa<\/strong>Protagoniste absolu de la s\u00e9ance de tirs au but, d\u00e9cisive comme lors de la Coupe du monde 2022.<\/li>\n<\/ul>\n\n\n\n<p><strong>Statistiques et anecdotes<\/strong><\/p>\n\n\n\n<ul class=\"wp-block-list\">\n<li><strong>2\u00e8me titre de la Ligue des Nations<\/strong> pour le Portugal (apr\u00e8s le triomphe de 2019).<\/li>\n\n\n\n<li>Cristiano Ronaldo devient le <strong>le joueur le plus \u00e2g\u00e9 \u00e0 marquer dans une finale de l'UEFA<\/strong>.<\/li>\n\n\n\n<li>Le Portugal est la premi\u00e8re nation \u00e0 remporter deux \u00e9ditions de la comp\u00e9tition.<\/li>\n\n\n\n<li>Allianz Arena complet : plus de <strong>70 000 spectateurs<\/strong> pr\u00e9sent.<\/li>\n\n\n\n<li>Au-del\u00e0 <strong>150 pays<\/strong> ils diffusent la finale en direct.<\/li>\n<\/ul>\n\n\n\n<p><strong>Une fin qui appartient d\u00e9j\u00e0 \u00e0 l'histoire<\/strong><\/p>\n\n\n\n<p>Alors que les feux d'artifice illuminent le ciel de Monaco, Cristiano Ronaldo soul\u00e8ve un nouveau troph\u00e9e, peut-\u00eatre le dernier de sa longue carri\u00e8re internationale. Le Portugal ne c\u00e9l\u00e9brait pas seulement un titre, mais un passage de t\u00e9moin entre le pass\u00e9 et l'avenir. Un nouveau cycle a commenc\u00e9, sous l'\u00e9toile \u00e9ternelle du num\u00e9ro 7, et l'Europe, une fois de plus, parle portugais.<\/p>\n<div class=\"amc-dopo-il-contenuto\" id=\"amc-1957750543\"><script type=\"text\/plain\" data-tcf=\"waiting-for-consent\" data-id=\"1033\" data-bid=\"1\">PGRpdiBpZD0iYW1jLTMxMjk1OTI0MTQiPjxzY3JpcHQgYXN5bmMgc3JjPSIvL3BhZ2VhZDIuZ29vZ2xlc3luZGljYXRpb24uY29tL3BhZ2VhZC9qcy9hZHNieWdvb2dsZS5qcz9jbGllbnQ9Y2EtcHViLTQ0MDExNDUwMjc1MzkxMTUiIGNyb3Nzb3JpZ2luPSJhbm9ueW1vdXMiPjwvc2NyaXB0PjxpbnMgY2xhc3M9ImFkc2J5Z29vZ2xlIiBzdHlsZT0iZGlzcGxheTpibG9jazsiIGRhdGEtYWQtY2xpZW50PSJjYS1wdWItNDQwMTE0NTAyNzUzOTExNSIgCmRhdGEtYWQtc2xvdD0iIiAKZGF0YS1hZC1mb3JtYXQ9ImF1dG8iIGRhdGEtZnVsbC13aWR0aC1yZXNwb25zaXZlPSJ0cnVlIj48L2lucz4KPHNjcmlwdD4gCihhZHNieWdvb2dsZSA9IHdpbmRvdy5hZHNieWdvb2dsZSB8fCBbXSkucHVzaCh7fSk7IAo8L3NjcmlwdD4KPC9kaXY+<\/script><\/div>","protected":false},"excerpt":{"rendered":"<p>L\u20198 giugno 2025, nella cornice suggestiva dell\u2019Allianz Arena di Monaco di Baviera, il calcio ha raccontato una delle sue storie pi\u00f9 belle. Una finale tutta iberica \u2014 Portogallo contro Spagna \u2014 decisa solo dopo 120 minuti di battaglia e una lotteria di rigori, che ha consegnato ai portoghesi il loro secondo titolo di UEFA Nations [&hellip;]<\/p>","protected":false},"author":3,"featured_media":715,"comment_status":"open","ping_status":"open","sticky":false,"template":"","format":"standard","meta":{"_acf_changed":false,"footnotes":""},"categories":[1,17],"tags":[],"class_list":["post-714","post","type-post","status-publish","format-standard","has-post-thumbnail","hentry","category-notizie-e-aggiornamenti","category-sport-e-atleti"],"acf":[],"_links":{"self":[{"href":"https:\/\/aspettandomilanocortina2026.it\/fr\/wp-json\/wp\/v2\/posts\/714","targetHints":{"allow":["GET"]}}],"collection":[{"href":"https:\/\/aspettandomilanocortina2026.it\/fr\/wp-json\/wp\/v2\/posts"}],"about":[{"href":"https:\/\/aspettandomilanocortina2026.it\/fr\/wp-json\/wp\/v2\/types\/post"}],"author":[{"embeddable":true,"href":"https:\/\/aspettandomilanocortina2026.it\/fr\/wp-json\/wp\/v2\/users\/3"}],"replies":[{"embeddable":true,"href":"https:\/\/aspettandomilanocortina2026.it\/fr\/wp-json\/wp\/v2\/comments?post=714"}],"version-history":[{"count":1,"href":"https:\/\/aspettandomilanocortina2026.it\/fr\/wp-json\/wp\/v2\/posts\/714\/revisions"}],"predecessor-version":[{"id":717,"href":"https:\/\/aspettandomilanocortina2026.it\/fr\/wp-json\/wp\/v2\/posts\/714\/revisions\/717"}],"wp:featuredmedia":[{"embeddable":true,"href":"https:\/\/aspettandomilanocortina2026.it\/fr\/wp-json\/wp\/v2\/media\/715"}],"wp:attachment":[{"href":"https:\/\/aspettandomilanocortina2026.it\/fr\/wp-json\/wp\/v2\/media?parent=714"}],"wp:term":[{"taxonomy":"category","embeddable":true,"href":"https:\/\/aspettandomilanocortina2026.it\/fr\/wp-json\/wp\/v2\/categories?post=714"},{"taxonomy":"post_tag","embeddable":true,"href":"https:\/\/aspettandomilanocortina2026.it\/fr\/wp-json\/wp\/v2\/tags?post=714"}],"curies":[{"name":"wp","href":"https:\/\/api.w.org\/{rel}","templated":true}]}}