{"id":710,"date":"2025-06-08T21:35:58","date_gmt":"2025-06-08T20:35:58","guid":{"rendered":"https:\/\/aspettandomilanocortina2026.it\/?p=710"},"modified":"2025-06-08T21:36:08","modified_gmt":"2025-06-08T20:36:08","slug":"alcaraz-regne-a-paris-contre-sinner-dans-le-roland-garros-2025","status":"publish","type":"post","link":"https:\/\/aspettandomilanocortina2026.it\/fr\/alcaraz-regne-a-paris-contre-sinner-dans-le-roland-garros-2025\/","title":{"rendered":"Alcaraz r\u00e8gne \u00e0 Paris contre Sinner dans Roland Garros 2025"},"content":{"rendered":"<script type=\"text\/plain\" data-tcf=\"waiting-for-consent\" data-id=\"1033\" data-bid=\"1\" data-placement=\"1034\">PGRpdiBpZD0iYW1jLTc5NDIxMjgwOCIgY2xhc3M9ImFtYy1wcmltYS1kZWwtY29udGVudXRvIj48c2NyaXB0IGFzeW5jIHNyYz0iLy9wYWdlYWQyLmdvb2dsZXN5bmRpY2F0aW9uLmNvbS9wYWdlYWQvanMvYWRzYnlnb29nbGUuanM\/Y2xpZW50PWNhLXB1Yi00NDAxMTQ1MDI3NTM5MTE1IiBjcm9zc29yaWdpbj0iYW5vbnltb3VzIj48L3NjcmlwdD48aW5zIGNsYXNzPSJhZHNieWdvb2dsZSIgc3R5bGU9ImRpc3BsYXk6YmxvY2s7IiBkYXRhLWFkLWNsaWVudD0iY2EtcHViLTQ0MDExNDUwMjc1MzkxMTUiIApkYXRhLWFkLXNsb3Q9IiIgCmRhdGEtYWQtZm9ybWF0PSJhdXRvIiBkYXRhLWZ1bGwtd2lkdGgtcmVzcG9uc2l2ZT0idHJ1ZSI+PC9pbnM+CjxzY3JpcHQ+IAooYWRzYnlnb29nbGUgPSB3aW5kb3cuYWRzYnlnb29nbGUgfHwgW10pLnB1c2goe30pOyAKPC9zY3JpcHQ+CjwvZGl2Pg==<\/script>\n<p><strong>Paris, 8 juin 2025<\/strong> - Le <strong>Cour Philippe-Chatrier<\/strong> a assist\u00e9 \u00e0 l'un des matchs les plus m\u00e9morables de l'histoire du tennis : <strong>Carlos Alcaraz<\/strong>, 22 ans, a conserv\u00e9 son titre \u00e0 Roland Garros en battant <strong>Jannik Sinner<\/strong> avec un score incroyable de <strong>4-6, 6-7(4), 6-4, 7-6(3), 7-6(10-2)<\/strong>apr\u00e8s <strong>5 heures 29 minutes<\/strong> du spectacle et de la tension \u00e0 l'\u00e9tat pur .<\/p><script type=\"text\/plain\" data-tcf=\"waiting-for-consent\" data-id=\"1037\" data-bid=\"1\" data-placement=\"726\">PGRpdiBpZD0iYW1jLTIwNDY5MzExNTMiIGNsYXNzPSJhbWMtcG9zdC1jb250ZW50IiBzdHlsZT0ibWFyZ2luLWxlZnQ6IGF1dG87bWFyZ2luLXJpZ2h0OiBhdXRvO3RleHQtYWxpZ246IGNlbnRlcjsiPjxzY3JpcHQgYXN5bmMgc3JjPSIvL3BhZ2VhZDIuZ29vZ2xlc3luZGljYXRpb24uY29tL3BhZ2VhZC9qcy9hZHNieWdvb2dsZS5qcz9jbGllbnQ9Y2EtcHViLTQ0MDExNDUwMjc1MzkxMTUiIGNyb3Nzb3JpZ2luPSJhbm9ueW1vdXMiPjwvc2NyaXB0PjxpbnMgY2xhc3M9ImFkc2J5Z29vZ2xlIiBzdHlsZT0iZGlzcGxheTpibG9jazsiIGRhdGEtYWQtY2xpZW50PSJjYS1wdWItNDQwMTE0NTAyNzUzOTExNSIgCmRhdGEtYWQtc2xvdD0iODAyMDU4Mzc5MyIgCmRhdGEtYWQtZm9ybWF0PSJhdXRvIiBkYXRhLWZ1bGwtd2lkdGgtcmVzcG9uc2l2ZT0idHJ1ZSI+PC9pbnM+CjxzY3JpcHQ+IAooYWRzYnlnb29nbGUgPSB3aW5kb3cuYWRzYnlnb29nbGUgfHwgW10pLnB1c2goe30pOyAKPC9zY3JpcHQ+CjwvZGl2PjxiciBzdHlsZT0iY2xlYXI6IGJvdGg7IGRpc3BsYXk6IGJsb2NrOyBmbG9hdDogbm9uZTsiLz4=<\/script>\n\n\n\n<h2 class=\"wp-block-heading\"><strong>La r\u00e9silience, la classe et le cran<\/strong><\/h2>\n\n\n\n<p>Sinner \u00e9tait le favori, avec une avance de deux sets : 6-4, 7-6(4). Mais Alcaraz a montr\u00e9 <strong>le temp\u00e9rament d'un champion<\/strong>et s'\u00e9levant dans les sets suivants, s'imposant dans les moments cl\u00e9s avec beaucoup de d\u00e9termination.<\/p><script type=\"text\/plain\" data-tcf=\"waiting-for-consent\" data-id=\"1033\" data-bid=\"1\" data-placement=\"985\">PGRpdiBpZD0iYW1jLTg1NTcyNzI4IiBjbGFzcz0iYW1jLW1oLW1pZCI+PHNjcmlwdCBhc3luYyBzcmM9Ii8vcGFnZWFkMi5nb29nbGVzeW5kaWNhdGlvbi5jb20vcGFnZWFkL2pzL2Fkc2J5Z29vZ2xlLmpzP2NsaWVudD1jYS1wdWItNDQwMTE0NTAyNzUzOTExNSIgY3Jvc3NvcmlnaW49ImFub255bW91cyI+PC9zY3JpcHQ+PGlucyBjbGFzcz0iYWRzYnlnb29nbGUiIHN0eWxlPSJkaXNwbGF5OmJsb2NrOyIgZGF0YS1hZC1jbGllbnQ9ImNhLXB1Yi00NDAxMTQ1MDI3NTM5MTE1IiAKZGF0YS1hZC1zbG90PSIiIApkYXRhLWFkLWZvcm1hdD0iYXV0byIgZGF0YS1mdWxsLXdpZHRoLXJlc3BvbnNpdmU9InRydWUiPjwvaW5zPgo8c2NyaXB0PiAKKGFkc2J5Z29vZ2xlID0gd2luZG93LmFkc2J5Z29vZ2xlIHx8IFtdKS5wdXNoKHt9KTsgCjwvc2NyaXB0Pgo8L2Rpdj4=<\/script>\n\n\n\n<p>Dans la quatri\u00e8me manche, El Palmar a sauv\u00e9 <strong>trois balles de match<\/strong>remportant le tie-break 7-3. Le cinqui\u00e8me set a \u00e9t\u00e9 une bataille haletante, culminant dans le tie-break d\u00e9cisif remport\u00e9 par Alcaraz <strong>10-2<\/strong>un domaine soumis \u00e0 une pression extr\u00eame.<\/p>\n\n\n\n<figure class=\"wp-block-embed is-type-video is-provider-youtube wp-block-embed-youtube wp-embed-aspect-16-9 wp-has-aspect-ratio\"><div class=\"wp-block-embed__wrapper\">\n<iframe loading=\"lazy\" title=\"Carlos Alcaraz vs Jannik Sinner - FULL Final Highlights | Roland Garros 2025\" width=\"500\" height=\"281\" src=\"https:\/\/www.youtube.com\/embed\/D8s9Kjb9d94?feature=oembed\" frameborder=\"0\" allow=\"accelerometer; autoplay; clipboard-write; encrypted-media; gyroscope; picture-in-picture; web-share\" referrerpolicy=\"strict-origin-when-cross-origin\" allowfullscreen><\/iframe>\n<\/div><\/figure>\n\n\n\n<h2 class=\"wp-block-heading\"><strong>Une rivalit\u00e9 qui marque une \u00e9poque<\/strong><\/h2>\n\n\n\n<p>Il s'agit de la <strong>premi\u00e8re finale de Chelem opposant uniquement des joueurs n\u00e9s en 2000<\/strong>et le 18e choc entre Alcaraz et Sinner. Le succ\u00e8s \u00e0 Roland Garros marque la <strong>cinqui\u00e8me titre du Grand Chelem<\/strong> pour Alcaraz - apr\u00e8s l'US Open 2022, Wimbledon 2023 et 2024, Roland-Garros 2024 - et le consolide parmi les meilleurs de sa g\u00e9n\u00e9ration.<\/p>\n\n\n\n<p>Sinner, en revanche, peut sortir la t\u00eate haute : il a \u00e9t\u00e9 le premier Italien \u00e0 atteindre une finale de Chelem sur terre battue, qui plus est sans perdre un set avant la finale.<\/p>\n\n\n\n<h2 class=\"wp-block-heading\"><strong>Les relev\u00e9s de temps et de tension : une affaire pour les livres d'histoire<\/strong><\/h2>\n\n\n\n<p>Avec <strong>5h29\u2032<\/strong>Cette finale entrera dans l'histoire comme la plus longue jamais jou\u00e9e \u00e0 Paris et la deuxi\u00e8me plus longue dans un tournoi du Chelem apr\u00e8s l'Open d'Australie 2012.<\/p>\n\n\n\n<p>Le match a tenu le public en haleine : des mouvements rapides comme l'\u00e9clair, des r\u00e9cup\u00e9rations dignes d'un cirque, des \u00e9changes inoubliables et une incroyable d\u00e9monstration de caract\u00e8re de la part des deux protagonistes.<\/p>\n\n\n\n<h2 class=\"wp-block-heading\"><strong>Prix et visibilit\u00e9<\/strong><\/h2>\n\n\n\n<p>Alcaraz a re\u00e7u un prix de <strong>\u20ac2,550,000<\/strong>tandis que Sinner a gagn\u00e9 <strong>\u20ac1,275,000<\/strong> en tant que finalistes. Outre les r\u00e9compenses financi\u00e8res, tous deux ont gagn\u00e9 des points essentiels au classement et ont b\u00e9n\u00e9fici\u00e9 d'une attention mondiale.<\/p>\n\n\n\n<h2 class=\"wp-block-heading\"><strong>R\u00e9actions, sport et classe<\/strong><\/h2>\n\n\n\n<p>Le match a suscit\u00e9 une controverse en raison de l'absence de HawkEye lors de points controvers\u00e9s - en particulier lors d'un service potentiellement hors jeu appel\u00e9 \"in\" par Sinner avec fair-play, ce qui a toutefois relanc\u00e9 le d\u00e9bat sur l'absence de la technologie \u00e0 Paris.<\/p>\n\n\n\n<p>Alcaraz a remerci\u00e9 son \u00e9quipe, tandis que Nadal, Billie Jean King et d'autres champions l\u00e9gendaires ont salu\u00e9 avec enthousiasme son exploit.<\/p>\n\n\n\n<h2 class=\"wp-block-heading\"><strong>Un match qui a \u00e9crit la l\u00e9gende<\/strong><\/h2>\n\n\n\n<p>La finale masculine de Roland Garros 2025 a red\u00e9fini les limites de l'endurance et du talent mental. Avec son retour \u00e9pique et le record qu'il a \u00e9tabli, <strong>Carlos Alcaraz<\/strong> ne se contente pas de d\u00e9fendre son tr\u00f4ne sur la terre battue, il envoie un signal fort : il est pr\u00eat \u00e0 dominer l'avenir du tennis mondial. Et Jannik Sinner ? D\u00e9j\u00e0 sur le devant de la sc\u00e8ne, avec un avenir qui promet des histoires inoubliables avec son rival espagnol.<\/p>\n<div class=\"amc-dopo-il-contenuto\" id=\"amc-644674581\"><script type=\"text\/plain\" data-tcf=\"waiting-for-consent\" data-id=\"1033\" data-bid=\"1\">PGRpdiBpZD0iYW1jLTM0NDQyNzQ1MDYiPjxzY3JpcHQgYXN5bmMgc3JjPSIvL3BhZ2VhZDIuZ29vZ2xlc3luZGljYXRpb24uY29tL3BhZ2VhZC9qcy9hZHNieWdvb2dsZS5qcz9jbGllbnQ9Y2EtcHViLTQ0MDExNDUwMjc1MzkxMTUiIGNyb3Nzb3JpZ2luPSJhbm9ueW1vdXMiPjwvc2NyaXB0PjxpbnMgY2xhc3M9ImFkc2J5Z29vZ2xlIiBzdHlsZT0iZGlzcGxheTpibG9jazsiIGRhdGEtYWQtY2xpZW50PSJjYS1wdWItNDQwMTE0NTAyNzUzOTExNSIgCmRhdGEtYWQtc2xvdD0iIiAKZGF0YS1hZC1mb3JtYXQ9ImF1dG8iIGRhdGEtZnVsbC13aWR0aC1yZXNwb25zaXZlPSJ0cnVlIj48L2lucz4KPHNjcmlwdD4gCihhZHNieWdvb2dsZSA9IHdpbmRvdy5hZHNieWdvb2dsZSB8fCBbXSkucHVzaCh7fSk7IAo8L3NjcmlwdD4KPC9kaXY+<\/script><\/div>","protected":false},"excerpt":{"rendered":"<p>Parigi, 8 giugno 2025 \u2013 Il Court Philippe\u2011Chatrier ha assistito a uno dei match pi\u00f9 memorabili nella storia del tennis: Carlos Alcaraz, 22 anni, ha conservato il titolo del Roland\u202fGarros sconfiggendo Jannik Sinner con un incredibile punteggio di 4\u20116, 6\u20117(4), 6\u20114, 7\u20116(3), 7\u20116(10\u20112), dopo 5 ore e 29 minuti di spettacolo e tensione pura . [&hellip;]<\/p>","protected":false},"author":3,"featured_media":711,"comment_status":"open","ping_status":"open","sticky":false,"template":"","format":"standard","meta":{"_acf_changed":false,"footnotes":""},"categories":[16,17],"tags":[],"class_list":["post-710","post","type-post","status-publish","format-standard","has-post-thumbnail","hentry","category-notizie-e-approfondimenti","category-sport-e-atleti"],"acf":[],"_links":{"self":[{"href":"https:\/\/aspettandomilanocortina2026.it\/fr\/wp-json\/wp\/v2\/posts\/710","targetHints":{"allow":["GET"]}}],"collection":[{"href":"https:\/\/aspettandomilanocortina2026.it\/fr\/wp-json\/wp\/v2\/posts"}],"about":[{"href":"https:\/\/aspettandomilanocortina2026.it\/fr\/wp-json\/wp\/v2\/types\/post"}],"author":[{"embeddable":true,"href":"https:\/\/aspettandomilanocortina2026.it\/fr\/wp-json\/wp\/v2\/users\/3"}],"replies":[{"embeddable":true,"href":"https:\/\/aspettandomilanocortina2026.it\/fr\/wp-json\/wp\/v2\/comments?post=710"}],"version-history":[{"count":1,"href":"https:\/\/aspettandomilanocortina2026.it\/fr\/wp-json\/wp\/v2\/posts\/710\/revisions"}],"predecessor-version":[{"id":713,"href":"https:\/\/aspettandomilanocortina2026.it\/fr\/wp-json\/wp\/v2\/posts\/710\/revisions\/713"}],"wp:featuredmedia":[{"embeddable":true,"href":"https:\/\/aspettandomilanocortina2026.it\/fr\/wp-json\/wp\/v2\/media\/711"}],"wp:attachment":[{"href":"https:\/\/aspettandomilanocortina2026.it\/fr\/wp-json\/wp\/v2\/media?parent=710"}],"wp:term":[{"taxonomy":"category","embeddable":true,"href":"https:\/\/aspettandomilanocortina2026.it\/fr\/wp-json\/wp\/v2\/categories?post=710"},{"taxonomy":"post_tag","embeddable":true,"href":"https:\/\/aspettandomilanocortina2026.it\/fr\/wp-json\/wp\/v2\/tags?post=710"}],"curies":[{"name":"wp","href":"https:\/\/api.w.org\/{rel}","templated":true}]}}