{"id":703,"date":"2025-06-07T19:11:13","date_gmt":"2025-06-07T18:11:13","guid":{"rendered":"https:\/\/aspettandomilanocortina2026.it\/?p=703"},"modified":"2025-06-07T19:11:50","modified_gmt":"2025-06-07T18:11:50","slug":"coco-gauff-reine-de-roland-garros-2025-triomphe-historique-contre-aryna-sabalenka-en-finale-dames","status":"publish","type":"post","link":"https:\/\/aspettandomilanocortina2026.it\/fr\/coco-gauff-reine-de-roland-garros-2025-triomphe-historique-contre-aryna-sabalenka-en-finale-dames\/","title":{"rendered":"Coco Gauff reine de Roland Garros 2025 : triomphe historique contre Aryna Sabalenka en finale f\u00e9minine"},"content":{"rendered":"<script type=\"text\/plain\" data-tcf=\"waiting-for-consent\" data-id=\"1033\" data-bid=\"1\" data-placement=\"1034\">PGRpdiBpZD0iYW1jLTM0NDQxOTM4NTEiIGNsYXNzPSJhbWMtcHJpbWEtZGVsLWNvbnRlbnV0byI+PHNjcmlwdCBhc3luYyBzcmM9Ii8vcGFnZWFkMi5nb29nbGVzeW5kaWNhdGlvbi5jb20vcGFnZWFkL2pzL2Fkc2J5Z29vZ2xlLmpzP2NsaWVudD1jYS1wdWItNDQwMTE0NTAyNzUzOTExNSIgY3Jvc3NvcmlnaW49ImFub255bW91cyI+PC9zY3JpcHQ+PGlucyBjbGFzcz0iYWRzYnlnb29nbGUiIHN0eWxlPSJkaXNwbGF5OmJsb2NrOyIgZGF0YS1hZC1jbGllbnQ9ImNhLXB1Yi00NDAxMTQ1MDI3NTM5MTE1IiAKZGF0YS1hZC1zbG90PSIiIApkYXRhLWFkLWZvcm1hdD0iYXV0byIgZGF0YS1mdWxsLXdpZHRoLXJlc3BvbnNpdmU9InRydWUiPjwvaW5zPgo8c2NyaXB0PiAKKGFkc2J5Z29vZ2xlID0gd2luZG93LmFkc2J5Z29vZ2xlIHx8IFtdKS5wdXNoKHt9KTsgCjwvc2NyaXB0Pgo8L2Rpdj4=<\/script>\n<p><strong>Paris, 7 juin 2025<\/strong> - Une finale dont on se souviendra longtemps. Sur la terre battue du court Philippe-Chatrier, le jeune Am\u00e9ricain a \u00e9t\u00e9 le premier \u00e0 s'imposer. <strong>Coco Gauff<\/strong> a \u00e9crit une page d'histoire en conqu\u00e9rant son <strong>premier titre \u00e0 Roland Garros<\/strong>en battant le num\u00e9ro un mondial lors d'un come-back. <strong>Aryna Sabalenka<\/strong> avec le score de <strong>6-7(5), 6-2, 6-4<\/strong>.<\/p><script type=\"text\/plain\" data-tcf=\"waiting-for-consent\" data-id=\"1037\" data-bid=\"1\" data-placement=\"726\">PGRpdiBpZD0iYW1jLTExNjU0ODEyNDUiIGNsYXNzPSJhbWMtcG9zdC1jb250ZW50IiBzdHlsZT0ibWFyZ2luLWxlZnQ6IGF1dG87bWFyZ2luLXJpZ2h0OiBhdXRvO3RleHQtYWxpZ246IGNlbnRlcjsiPjxzY3JpcHQgYXN5bmMgc3JjPSIvL3BhZ2VhZDIuZ29vZ2xlc3luZGljYXRpb24uY29tL3BhZ2VhZC9qcy9hZHNieWdvb2dsZS5qcz9jbGllbnQ9Y2EtcHViLTQ0MDExNDUwMjc1MzkxMTUiIGNyb3Nzb3JpZ2luPSJhbm9ueW1vdXMiPjwvc2NyaXB0PjxpbnMgY2xhc3M9ImFkc2J5Z29vZ2xlIiBzdHlsZT0iZGlzcGxheTpibG9jazsiIGRhdGEtYWQtY2xpZW50PSJjYS1wdWItNDQwMTE0NTAyNzUzOTExNSIgCmRhdGEtYWQtc2xvdD0iODAyMDU4Mzc5MyIgCmRhdGEtYWQtZm9ybWF0PSJhdXRvIiBkYXRhLWZ1bGwtd2lkdGgtcmVzcG9uc2l2ZT0idHJ1ZSI+PC9pbnM+CjxzY3JpcHQ+IAooYWRzYnlnb29nbGUgPSB3aW5kb3cuYWRzYnlnb29nbGUgfHwgW10pLnB1c2goe30pOyAKPC9zY3JpcHQ+CjwvZGl2PjxiciBzdHlsZT0iY2xlYXI6IGJvdGg7IGRpc3BsYXk6IGJsb2NrOyBmbG9hdDogbm9uZTsiLz4=<\/script>\n\n\n\n<h2 class=\"wp-block-heading\"><strong>Un succ\u00e8s qui marque une nouvelle \u00e8re pour le tennis am\u00e9ricain<\/strong><\/h2>\n\n\n\n<p>Seulement <strong>21 ans<\/strong>Gauff est devenu le <strong>La plus jeune Am\u00e9ricaine \u00e0 remporter Roland Garros depuis Serena Williams en 2002<\/strong>. Il s'agit de son <strong>deuxi\u00e8me chelem en carri\u00e8re<\/strong>apr\u00e8s le titre de l'US Open en 2023, la confirmant ainsi comme l'une des figures de proue de la nouvelle g\u00e9n\u00e9ration du tennis f\u00e9minin.<\/p><script type=\"text\/plain\" data-tcf=\"waiting-for-consent\" data-id=\"1033\" data-bid=\"1\" data-placement=\"985\">PGRpdiBpZD0iYW1jLTMzNDY3NDcwNzMiIGNsYXNzPSJhbWMtbWgtbWlkIj48c2NyaXB0IGFzeW5jIHNyYz0iLy9wYWdlYWQyLmdvb2dsZXN5bmRpY2F0aW9uLmNvbS9wYWdlYWQvanMvYWRzYnlnb29nbGUuanM\/Y2xpZW50PWNhLXB1Yi00NDAxMTQ1MDI3NTM5MTE1IiBjcm9zc29yaWdpbj0iYW5vbnltb3VzIj48L3NjcmlwdD48aW5zIGNsYXNzPSJhZHNieWdvb2dsZSIgc3R5bGU9ImRpc3BsYXk6YmxvY2s7IiBkYXRhLWFkLWNsaWVudD0iY2EtcHViLTQ0MDExNDUwMjc1MzkxMTUiIApkYXRhLWFkLXNsb3Q9IiIgCmRhdGEtYWQtZm9ybWF0PSJhdXRvIiBkYXRhLWZ1bGwtd2lkdGgtcmVzcG9uc2l2ZT0idHJ1ZSI+PC9pbnM+CjxzY3JpcHQ+IAooYWRzYnlnb29nbGUgPSB3aW5kb3cuYWRzYnlnb29nbGUgfHwgW10pLnB1c2goe30pOyAKPC9zY3JpcHQ+CjwvZGl2Pg==<\/script>\n\n\n\n<p>Gauff a montr\u00e9 <strong>le caract\u00e8re, la maturit\u00e9 et la r\u00e9sistance mentale<\/strong>En effet, il a surmont\u00e9 un premier set difficile, perdu au tie-break, et a domin\u00e9 les sets suivants gr\u00e2ce \u00e0 une gestion tactique impeccable.<\/p>\n\n\n\n<p><strong>Le match : un duel de nerfs et de talent entre les joueurs les mieux class\u00e9s<\/strong><\/p>\n\n\n\n<p>Cette finale \u00e9tait tr\u00e8s attendue : <strong>les deux meilleures joueuses du classement WTA<\/strong> s'affrontaient pour la premi\u00e8re fois en finale \u00e0 Paris. Sabalenka a commenc\u00e9 fort, exploitant la puissance de son service et un jeu agressif, mais a progressivement perdu sa lucidit\u00e9 sous la pression de la r\u00e9silience de Gauff.<\/p>\n\n\n\n<p>L'Am\u00e9ricaine, au style plus d\u00e9fensif mais extr\u00eamement solide, a su contenir les coups explosifs de la Bi\u00e9lorusse et a profit\u00e9 de l'avantage que lui procurait son statut d'athl\u00e8te. <strong>jusqu'\u00e0 70 fautes directes<\/strong> commis par Sabalenka, qui a d\u00e9clar\u00e9 plus tard : <em>\"C'est la pire finale de ma carri\u00e8re.<\/em><\/p>\n\n\n\n<h2 class=\"wp-block-heading\"><strong>Sabalenka, une championne en difficult\u00e9<\/strong><\/h2>\n\n\n\n<p>Pour Aryna Sabalenka, il s'agit de la <strong>deuxi\u00e8me finale de Chelem perdue en 2025<\/strong>apr\u00e8s l'Open d'Australie. Malgr\u00e9 une saison au plus haut niveau, les finales s'av\u00e8rent \u00eatre un obstacle psychologique difficile \u00e0 surmonter. Entre larmes et frustration, il s'est excus\u00e9 aupr\u00e8s de son \u00e9quipe et du public, promettant de revenir plus fort.<\/p>\n\n\n\n<h2 class=\"wp-block-heading\"><strong>Gauff et la cons\u00e9cration : \"Ce n'est que le d\u00e9but<\/strong><\/h2>\n\n\n\n<p>Lors de la conf\u00e9rence de presse, Coco Gauff, tr\u00e8s \u00e9mue, a remerci\u00e9 sa famille, son entra\u00eeneur Brad Gilbert et toute son \u00e9quipe :<\/p>\n\n\n\n<p><em>\"Gagner ici \u00e0 Paris \u00e9tait un r\u00eave. J'ai grandi en regardant Serena et Venus, maintenant j'essaie d'inspirer la prochaine g\u00e9n\u00e9ration, comme elles l'ont fait avec moi.\"<\/em><\/p>\n\n\n\n<p>Sa victoire repr\u00e9sente \u00e9galement une renaissance pour le tennis f\u00e9minin am\u00e9ricain, qui s'attend \u00e0 de nouvelles rivalit\u00e9s et \u00e0 de nouveaux succ\u00e8s.<\/p>\n\n\n\n<h2 class=\"wp-block-heading\"><strong>Revivez le match<\/strong><\/h2>\n\n\n\n<p>Les meilleurs moments de la finale sont disponibles sur la cha\u00eene officielle de Roland-Garros et sur la plateforme de streaming de la WTA. Un match qui a offert <strong>intensit\u00e9, qualit\u00e9 technique et grand c\u0153ur sportif<\/strong>.<\/p>\n\n\n\n<figure class=\"wp-block-embed is-type-video is-provider-youtube wp-block-embed-youtube wp-embed-aspect-16-9 wp-has-aspect-ratio\"><div class=\"wp-block-embed__wrapper\">\n<iframe loading=\"lazy\" title=\"Gauff - Sabalenka | TEMPS FORTS | Roland Garros 2025\" width=\"500\" height=\"281\" src=\"https:\/\/www.youtube.com\/embed\/i0OIxBqiOq4?feature=oembed\" frameborder=\"0\" allow=\"accelerometer; autoplay; clipboard-write; encrypted-media; gyroscope; picture-in-picture; web-share\" referrerpolicy=\"strict-origin-when-cross-origin\" allowfullscreen><\/iframe>\n<\/div><\/figure>\n<div class=\"amc-dopo-il-contenuto\" id=\"amc-4154300921\"><script type=\"text\/plain\" data-tcf=\"waiting-for-consent\" data-id=\"1033\" data-bid=\"1\">PGRpdiBpZD0iYW1jLTk1OTg1MjY5MCI+PHNjcmlwdCBhc3luYyBzcmM9Ii8vcGFnZWFkMi5nb29nbGVzeW5kaWNhdGlvbi5jb20vcGFnZWFkL2pzL2Fkc2J5Z29vZ2xlLmpzP2NsaWVudD1jYS1wdWItNDQwMTE0NTAyNzUzOTExNSIgY3Jvc3NvcmlnaW49ImFub255bW91cyI+PC9zY3JpcHQ+PGlucyBjbGFzcz0iYWRzYnlnb29nbGUiIHN0eWxlPSJkaXNwbGF5OmJsb2NrOyIgZGF0YS1hZC1jbGllbnQ9ImNhLXB1Yi00NDAxMTQ1MDI3NTM5MTE1IiAKZGF0YS1hZC1zbG90PSIiIApkYXRhLWFkLWZvcm1hdD0iYXV0byIgZGF0YS1mdWxsLXdpZHRoLXJlc3BvbnNpdmU9InRydWUiPjwvaW5zPgo8c2NyaXB0PiAKKGFkc2J5Z29vZ2xlID0gd2luZG93LmFkc2J5Z29vZ2xlIHx8IFtdKS5wdXNoKHt9KTsgCjwvc2NyaXB0Pgo8L2Rpdj4=<\/script><\/div>","protected":false},"excerpt":{"rendered":"<p>Parigi, 7 giugno 2025 \u2013 Una finale da ricordare per anni. Sulla terra rossa del Court Philippe-Chatrier, la giovane americana Coco Gauff ha scritto una pagina di storia conquistando il suo primo titolo al Roland Garros, superando in rimonta la numero uno del mondo Aryna Sabalenka con il punteggio di 6-7(5), 6-2, 6-4. Un successo [&hellip;]<\/p>","protected":false},"author":3,"featured_media":705,"comment_status":"open","ping_status":"open","sticky":false,"template":"","format":"standard","meta":{"_acf_changed":false,"footnotes":""},"categories":[16,1,17],"tags":[],"class_list":["post-703","post","type-post","status-publish","format-standard","has-post-thumbnail","hentry","category-notizie-e-approfondimenti","category-notizie-e-aggiornamenti","category-sport-e-atleti"],"acf":[],"_links":{"self":[{"href":"https:\/\/aspettandomilanocortina2026.it\/fr\/wp-json\/wp\/v2\/posts\/703","targetHints":{"allow":["GET"]}}],"collection":[{"href":"https:\/\/aspettandomilanocortina2026.it\/fr\/wp-json\/wp\/v2\/posts"}],"about":[{"href":"https:\/\/aspettandomilanocortina2026.it\/fr\/wp-json\/wp\/v2\/types\/post"}],"author":[{"embeddable":true,"href":"https:\/\/aspettandomilanocortina2026.it\/fr\/wp-json\/wp\/v2\/users\/3"}],"replies":[{"embeddable":true,"href":"https:\/\/aspettandomilanocortina2026.it\/fr\/wp-json\/wp\/v2\/comments?post=703"}],"version-history":[{"count":2,"href":"https:\/\/aspettandomilanocortina2026.it\/fr\/wp-json\/wp\/v2\/posts\/703\/revisions"}],"predecessor-version":[{"id":708,"href":"https:\/\/aspettandomilanocortina2026.it\/fr\/wp-json\/wp\/v2\/posts\/703\/revisions\/708"}],"wp:featuredmedia":[{"embeddable":true,"href":"https:\/\/aspettandomilanocortina2026.it\/fr\/wp-json\/wp\/v2\/media\/705"}],"wp:attachment":[{"href":"https:\/\/aspettandomilanocortina2026.it\/fr\/wp-json\/wp\/v2\/media?parent=703"}],"wp:term":[{"taxonomy":"category","embeddable":true,"href":"https:\/\/aspettandomilanocortina2026.it\/fr\/wp-json\/wp\/v2\/categories?post=703"},{"taxonomy":"post_tag","embeddable":true,"href":"https:\/\/aspettandomilanocortina2026.it\/fr\/wp-json\/wp\/v2\/tags?post=703"}],"curies":[{"name":"wp","href":"https:\/\/api.w.org\/{rel}","templated":true}]}}