{"id":692,"date":"2025-06-07T17:48:14","date_gmt":"2025-06-07T16:48:14","guid":{"rendered":"https:\/\/aspettandomilanocortina2026.it\/?p=692"},"modified":"2025-06-07T17:51:34","modified_gmt":"2025-06-07T16:51:34","slug":"le-gala-dor-pietro-mennea-2025-de-lathletisme-mondial-enchante-rome-lors-dune-nuit-legendaire","status":"publish","type":"post","link":"https:\/\/aspettandomilanocortina2026.it\/fr\/le-gala-dor-pietro-mennea-2025-de-lathletisme-mondial-enchante-rome-lors-dune-nuit-legendaire\/","title":{"rendered":"Gala d'or Pietro Mennea 2025 : l'athl\u00e9tisme mondial enchante Rome lors d'une nuit l\u00e9gendaire"},"content":{"rendered":"<script type=\"text\/plain\" data-tcf=\"waiting-for-consent\" data-id=\"1033\" data-bid=\"1\" data-placement=\"1034\">PGRpdiBpZD0iYW1jLTIxNzA0NTg5MzUiIGNsYXNzPSJhbWMtcHJpbWEtZGVsLWNvbnRlbnV0byI+PHNjcmlwdCBhc3luYyBzcmM9Ii8vcGFnZWFkMi5nb29nbGVzeW5kaWNhdGlvbi5jb20vcGFnZWFkL2pzL2Fkc2J5Z29vZ2xlLmpzP2NsaWVudD1jYS1wdWItNDQwMTE0NTAyNzUzOTExNSIgY3Jvc3NvcmlnaW49ImFub255bW91cyI+PC9zY3JpcHQ+PGlucyBjbGFzcz0iYWRzYnlnb29nbGUiIHN0eWxlPSJkaXNwbGF5OmJsb2NrOyIgZGF0YS1hZC1jbGllbnQ9ImNhLXB1Yi00NDAxMTQ1MDI3NTM5MTE1IiAKZGF0YS1hZC1zbG90PSIiIApkYXRhLWFkLWZvcm1hdD0iYXV0byIgZGF0YS1mdWxsLXdpZHRoLXJlc3BvbnNpdmU9InRydWUiPjwvaW5zPgo8c2NyaXB0PiAKKGFkc2J5Z29vZ2xlID0gd2luZG93LmFkc2J5Z29vZ2xlIHx8IFtdKS5wdXNoKHt9KTsgCjwvc2NyaXB0Pgo8L2Rpdj4=<\/script>\n<p>Le 6 juin 2025, la <strong>Stade olympique de Rome<\/strong> s'est transform\u00e9e en une sc\u00e8ne d'une \u00e9nergie, d'une couleur et d'un talent extraordinaires. <strong>45\u00e8me \u00e9dition du Gala d'or Pietro Mennea<\/strong>. Cinqui\u00e8me \u00e9tape de la <strong>Ligue de diamant Wanda 2025<\/strong>Le meeting a offert une soir\u00e9e de tr\u00e8s haut niveau sportif, enflammant la passion de milliers de spectateurs et consolidant la capitale comme centre n\u00e9vralgique de l'athl\u00e9tisme mondial.<\/p><script type=\"text\/plain\" data-tcf=\"waiting-for-consent\" data-id=\"1037\" data-bid=\"1\" data-placement=\"726\">PGRpdiBpZD0iYW1jLTExMjAyOTg1MTciIGNsYXNzPSJhbWMtcG9zdC1jb250ZW50IiBzdHlsZT0ibWFyZ2luLWxlZnQ6IGF1dG87bWFyZ2luLXJpZ2h0OiBhdXRvO3RleHQtYWxpZ246IGNlbnRlcjsiPjxzY3JpcHQgYXN5bmMgc3JjPSIvL3BhZ2VhZDIuZ29vZ2xlc3luZGljYXRpb24uY29tL3BhZ2VhZC9qcy9hZHNieWdvb2dsZS5qcz9jbGllbnQ9Y2EtcHViLTQ0MDExNDUwMjc1MzkxMTUiIGNyb3Nzb3JpZ2luPSJhbm9ueW1vdXMiPjwvc2NyaXB0PjxpbnMgY2xhc3M9ImFkc2J5Z29vZ2xlIiBzdHlsZT0iZGlzcGxheTpibG9jazsiIGRhdGEtYWQtY2xpZW50PSJjYS1wdWItNDQwMTE0NTAyNzUzOTExNSIgCmRhdGEtYWQtc2xvdD0iODAyMDU4Mzc5MyIgCmRhdGEtYWQtZm9ybWF0PSJhdXRvIiBkYXRhLWZ1bGwtd2lkdGgtcmVzcG9uc2l2ZT0idHJ1ZSI+PC9pbnM+CjxzY3JpcHQ+IAooYWRzYnlnb29nbGUgPSB3aW5kb3cuYWRzYnlnb29nbGUgfHwgW10pLnB1c2goe30pOyAKPC9zY3JpcHQ+CjwvZGl2PjxiciBzdHlsZT0iY2xlYXI6IGJvdGg7IGRpc3BsYXk6IGJsb2NrOyBmbG9hdDogbm9uZTsiLz4=<\/script>\n\n\n\n<h2 class=\"wp-block-heading\">Un symbole de l'athl\u00e9tisme mondial<\/h2>\n\n\n\n<p>Le <strong>Gala d'or<\/strong> est l'un des \u00e9v\u00e9nements les plus prestigieux du circuit international. N\u00e9 en 1980 et d\u00e9di\u00e9 depuis 2013 \u00e0 la m\u00e9moire du l\u00e9gendaire sprinteur <strong>Pietro Mennea<\/strong>L'\u00e9v\u00e9nement a \u00e9t\u00e9 int\u00e9gr\u00e9 \u00e0 la Diamond League en 2010 et attire chaque ann\u00e9e les meilleurs athl\u00e8tes des diff\u00e9rentes disciplines de l'athl\u00e9tisme.<\/p><script type=\"text\/plain\" data-tcf=\"waiting-for-consent\" data-id=\"1033\" data-bid=\"1\" data-placement=\"985\">PGRpdiBpZD0iYW1jLTMyNTYzNjQiIGNsYXNzPSJhbWMtbWgtbWlkIj48c2NyaXB0IGFzeW5jIHNyYz0iLy9wYWdlYWQyLmdvb2dsZXN5bmRpY2F0aW9uLmNvbS9wYWdlYWQvanMvYWRzYnlnb29nbGUuanM\/Y2xpZW50PWNhLXB1Yi00NDAxMTQ1MDI3NTM5MTE1IiBjcm9zc29yaWdpbj0iYW5vbnltb3VzIj48L3NjcmlwdD48aW5zIGNsYXNzPSJhZHNieWdvb2dsZSIgc3R5bGU9ImRpc3BsYXk6YmxvY2s7IiBkYXRhLWFkLWNsaWVudD0iY2EtcHViLTQ0MDExNDUwMjc1MzkxMTUiIApkYXRhLWFkLXNsb3Q9IiIgCmRhdGEtYWQtZm9ybWF0PSJhdXRvIiBkYXRhLWZ1bGwtd2lkdGgtcmVzcG9uc2l2ZT0idHJ1ZSI+PC9pbnM+CjxzY3JpcHQ+IAooYWRzYnlnb29nbGUgPSB3aW5kb3cuYWRzYnlnb29nbGUgfHwgW10pLnB1c2goe30pOyAKPC9zY3JpcHQ+CjwvZGl2Pg==<\/script>\n\n\n\n<p>Rome devient ainsi, le temps d'une nuit, la capitale mondiale de la course, du saut et du lancer, dans un m\u00e9lange parfait de comp\u00e9titivit\u00e9, d'excitation et de c\u00e9l\u00e9bration du sport.<\/p>\n\n\n\n<figure class=\"wp-block-embed is-type-video is-provider-youtube wp-block-embed-youtube wp-embed-aspect-4-3 wp-has-aspect-ratio\"><div class=\"wp-block-embed__wrapper\">\n<iframe loading=\"lazy\" title=\"MOSCOU 1980 FINALE DU 200 M MENNEA COMMENTEE PAR PAOLO ROSI\" width=\"500\" height=\"375\" src=\"https:\/\/www.youtube.com\/embed\/Fr5U7t-HR9A?feature=oembed\" frameborder=\"0\" allow=\"accelerometer; autoplay; clipboard-write; encrypted-media; gyroscope; picture-in-picture; web-share\" referrerpolicy=\"strict-origin-when-cross-origin\" allowfullscreen><\/iframe>\n<\/div><\/figure>\n\n\n\n<h2 class=\"wp-block-heading\">Les athl\u00e8tes internationaux sous les feux de la rampe : quand le talent ne conna\u00eet pas de fronti\u00e8res<\/h2>\n\n\n\n<p>Le Gala d'or 2025 a accueilli certains des plus grands noms de l'athl\u00e9tisme international, avec des courses et des performances \u00e0 couper le souffle qui resteront dans les annales :<\/p>\n\n\n\n<ul class=\"wp-block-list\">\n<li><strong>Andy D\u00edaz<\/strong> (Italie\/Cuba) : dominateur de la <strong>triple saut<\/strong>a remport\u00e9 la premi\u00e8re place avec un saut de <strong>17,32 m\u00e8tres<\/strong>consolidant ainsi sa position parmi les meilleurs au monde.<\/li>\n\n\n\n<li><strong>Ryan Crouser<\/strong> (\u00c9tats-Unis) : le g\u00e9ant am\u00e9ricain a triomph\u00e9 dans la <strong>lancer du poids<\/strong> avec un lancement monstre de <strong>22,49 m\u00e8tres<\/strong>confirmant qu'ils sont imbattables m\u00eame \u00e0 ce stade de la saison.<\/li>\n\n\n\n<li><strong>Sasha Zhoya<\/strong> (France) : talents \u00e9mergents dans le domaine de la <strong>110 m\u00e8tres haies<\/strong>Le temps de travail a \u00e9t\u00e9 impressionn\u00e9 par le temps de travail de l'\u00e9quipe d'animation. <strong>13\u203318<\/strong>alliant \u00e9l\u00e9gance et puissance.<\/li>\n\n\n\n<li><strong>Nina Kennedy<\/strong> (Australie) : a brill\u00e9 dans le <strong>saut \u00e0 la perche f\u00e9minin<\/strong>le franchissement de la barre \u00e0 <strong>4,83 m\u00e8tres<\/strong>en battant des rivales exp\u00e9riment\u00e9es et en s'affirmant comme l'une des reines de la sp\u00e9cialit\u00e9.<\/li>\n\n\n\n<li><strong>Marie-Jos\u00e9e Ta Lou<\/strong> (C\u00f4te d'Ivoire) : parmi les protagonistes de l'op\u00e9ration <strong>200 m\u00e8tres femmes<\/strong>Il a fait le show avec sa puissance explosive et son style impeccable.<\/li>\n<\/ul>\n\n\n\n<p>Ces stars, originaires de diff\u00e9rents continents, ont d\u00e9montr\u00e9 que l'athl\u00e9tisme est un langage universel qui unit les cultures, les histoires et les r\u00eaves sous un m\u00eame ciel.<\/p>\n\n\n\n<h2 class=\"wp-block-heading\">La fiert\u00e9 italienne sur la piste<\/h2>\n\n\n\n<p>Le Gala d'or est aussi l'occasion pour l'Italie de montrer au monde ses joyaux sportifs. Voici les <strong>protagonistes bleus<\/strong> de l'\u00e9dition 2025 :<\/p>\n\n\n\n<ul class=\"wp-block-list\">\n<li><strong>Gianmarco Tamberi<\/strong>Capitaine charismatique du saut en hauteur, il a enthousiasm\u00e9 le public avec son style inimitable et le cran d'un champion olympique.<\/li>\n\n\n\n<li><strong>Nadia Battocletti<\/strong>protagoniste de la <strong>5000 m\u00e8tres<\/strong>a mis en place le nouveau <strong>Record d'Italie<\/strong> avec une dur\u00e9e de <strong>14'23\u203315<\/strong>en faisant entrer l'Italie dans l'\u00e9lite de la course de demi-fond.<\/li>\n\n\n\n<li><strong>Mattia Furlani<\/strong>jeune promesse de la <strong>saut en longueur<\/strong>s'est av\u00e9r\u00e9 \u00eatre une certitude pour le pr\u00e9sent et l'avenir de l'athl\u00e9tisme italien.<\/li>\n\n\n\n<li><strong>Ayomide Folorunso<\/strong>: dans le cadre de la <strong>400 m\u00e8tres haies<\/strong>Elle s'est battue avec les meilleurs athl\u00e8tes du monde, faisant preuve d'une grande t\u00e9nacit\u00e9 et de progr\u00e8s techniques.<\/li>\n\n\n\n<li><strong>Dalia Kaddari<\/strong>: sprinteur dans le cadre de la <strong>200 m\u00e8tres<\/strong>a honor\u00e9 la r\u00e9union d'une performance solide et d\u00e9termin\u00e9e, confirmant sa croissance continue.<\/li>\n<\/ul>\n\n\n\n<h2 class=\"wp-block-heading\">\u00c9motions, spectateurs et spectacle : l'athl\u00e9tisme qui unit<\/h2>\n\n\n\n<p>Le Gala d'or est bien plus qu'un concours. C'est un <strong>\u00e9v\u00e9nement festif<\/strong>un pont entre les athl\u00e8tes et les spectateurs, entre les g\u00e9n\u00e9rations de sportifs et les jeunes en qu\u00eate d'inspiration. Le public a r\u00e9pondu avec enthousiasme : tribunes bond\u00e9es, chorales, drapeaux et participation chaleureuse, gr\u00e2ce aussi \u00e0 l'initiative de la Commission europ\u00e9enne. <strong>Palio dei Comuni<\/strong>qui a impliqu\u00e9 des centaines d'\u00e9tudiants dans une course de relais symbolique. Les <strong>Gala d'or Pietro Mennea 2025<\/strong> se confirme comme l'un des \u00e9v\u00e9nements sportifs les plus importants de l'ann\u00e9e, alliant qualit\u00e9 technique, \u00e9motion et passion. Rome a d\u00e9montr\u00e9 une fois de plus qu'elle est <strong>non seulement une ville \u00e9ternelle, mais aussi une capitale mondiale du sport<\/strong>.<\/p>\n<div class=\"amc-dopo-il-contenuto\" id=\"amc-165861324\"><script type=\"text\/plain\" data-tcf=\"waiting-for-consent\" data-id=\"1033\" data-bid=\"1\">PGRpdiBpZD0iYW1jLTI1MjU1MjMyMTEiPjxzY3JpcHQgYXN5bmMgc3JjPSIvL3BhZ2VhZDIuZ29vZ2xlc3luZGljYXRpb24uY29tL3BhZ2VhZC9qcy9hZHNieWdvb2dsZS5qcz9jbGllbnQ9Y2EtcHViLTQ0MDExNDUwMjc1MzkxMTUiIGNyb3Nzb3JpZ2luPSJhbm9ueW1vdXMiPjwvc2NyaXB0PjxpbnMgY2xhc3M9ImFkc2J5Z29vZ2xlIiBzdHlsZT0iZGlzcGxheTpibG9jazsiIGRhdGEtYWQtY2xpZW50PSJjYS1wdWItNDQwMTE0NTAyNzUzOTExNSIgCmRhdGEtYWQtc2xvdD0iIiAKZGF0YS1hZC1mb3JtYXQ9ImF1dG8iIGRhdGEtZnVsbC13aWR0aC1yZXNwb25zaXZlPSJ0cnVlIj48L2lucz4KPHNjcmlwdD4gCihhZHNieWdvb2dsZSA9IHdpbmRvdy5hZHNieWdvb2dsZSB8fCBbXSkucHVzaCh7fSk7IAo8L3NjcmlwdD4KPC9kaXY+<\/script><\/div>","protected":false},"excerpt":{"rendered":"<p>Il 6 giugno 2025, lo Stadio Olimpico di Roma si \u00e8 trasformato in un palcoscenico di straordinaria energia, colori e talento, accogliendo la 45\u00aa edizione del Golden Gala Pietro Mennea. Quinta tappa della Wanda Diamond League 2025, il meeting ha offerto una serata di altissimo livello sportivo, accendendo la passione di migliaia di spettatori e [&hellip;]<\/p>","protected":false},"author":3,"featured_media":696,"comment_status":"open","ping_status":"open","sticky":false,"template":"","format":"standard","meta":{"_acf_changed":false,"footnotes":""},"categories":[1,17],"tags":[],"class_list":["post-692","post","type-post","status-publish","format-standard","has-post-thumbnail","hentry","category-notizie-e-aggiornamenti","category-sport-e-atleti"],"acf":[],"_links":{"self":[{"href":"https:\/\/aspettandomilanocortina2026.it\/fr\/wp-json\/wp\/v2\/posts\/692","targetHints":{"allow":["GET"]}}],"collection":[{"href":"https:\/\/aspettandomilanocortina2026.it\/fr\/wp-json\/wp\/v2\/posts"}],"about":[{"href":"https:\/\/aspettandomilanocortina2026.it\/fr\/wp-json\/wp\/v2\/types\/post"}],"author":[{"embeddable":true,"href":"https:\/\/aspettandomilanocortina2026.it\/fr\/wp-json\/wp\/v2\/users\/3"}],"replies":[{"embeddable":true,"href":"https:\/\/aspettandomilanocortina2026.it\/fr\/wp-json\/wp\/v2\/comments?post=692"}],"version-history":[{"count":5,"href":"https:\/\/aspettandomilanocortina2026.it\/fr\/wp-json\/wp\/v2\/posts\/692\/revisions"}],"predecessor-version":[{"id":702,"href":"https:\/\/aspettandomilanocortina2026.it\/fr\/wp-json\/wp\/v2\/posts\/692\/revisions\/702"}],"wp:featuredmedia":[{"embeddable":true,"href":"https:\/\/aspettandomilanocortina2026.it\/fr\/wp-json\/wp\/v2\/media\/696"}],"wp:attachment":[{"href":"https:\/\/aspettandomilanocortina2026.it\/fr\/wp-json\/wp\/v2\/media?parent=692"}],"wp:term":[{"taxonomy":"category","embeddable":true,"href":"https:\/\/aspettandomilanocortina2026.it\/fr\/wp-json\/wp\/v2\/categories?post=692"},{"taxonomy":"post_tag","embeddable":true,"href":"https:\/\/aspettandomilanocortina2026.it\/fr\/wp-json\/wp\/v2\/tags?post=692"}],"curies":[{"name":"wp","href":"https:\/\/api.w.org\/{rel}","templated":true}]}}