{"id":682,"date":"2025-06-07T15:43:50","date_gmt":"2025-06-07T14:43:50","guid":{"rendered":"https:\/\/aspettandomilanocortina2026.it\/?p=682"},"modified":"2025-06-07T16:44:54","modified_gmt":"2025-06-07T15:44:54","slug":"laffaire-hajiyeva-lannee-paralympique-qui-a-secoue-le-monde-du-judo","status":"publish","type":"post","link":"https:\/\/aspettandomilanocortina2026.it\/fr\/laffaire-hajiyeva-lannee-paralympique-qui-a-secoue-le-monde-du-judo\/","title":{"rendered":"L'affaire Hajiyeva : la tromperie paralympique qui a \u00e9branl\u00e9 le monde du judo"},"content":{"rendered":"<script type=\"text\/plain\" data-tcf=\"waiting-for-consent\" data-id=\"1033\" data-bid=\"1\" data-placement=\"1034\">PGRpdiBpZD0iYW1jLTM5OTI5ODgwNjQiIGNsYXNzPSJhbWMtcHJpbWEtZGVsLWNvbnRlbnV0byI+PHNjcmlwdCBhc3luYyBzcmM9Ii8vcGFnZWFkMi5nb29nbGVzeW5kaWNhdGlvbi5jb20vcGFnZWFkL2pzL2Fkc2J5Z29vZ2xlLmpzP2NsaWVudD1jYS1wdWItNDQwMTE0NTAyNzUzOTExNSIgY3Jvc3NvcmlnaW49ImFub255bW91cyI+PC9zY3JpcHQ+PGlucyBjbGFzcz0iYWRzYnlnb29nbGUiIHN0eWxlPSJkaXNwbGF5OmJsb2NrOyIgZGF0YS1hZC1jbGllbnQ9ImNhLXB1Yi00NDAxMTQ1MDI3NTM5MTE1IiAKZGF0YS1hZC1zbG90PSIiIApkYXRhLWFkLWZvcm1hdD0iYXV0byIgZGF0YS1mdWxsLXdpZHRoLXJlc3BvbnNpdmU9InRydWUiPjwvaW5zPgo8c2NyaXB0PiAKKGFkc2J5Z29vZ2xlID0gd2luZG93LmFkc2J5Z29vZ2xlIHx8IFtdKS5wdXNoKHt9KTsgCjwvc2NyaXB0Pgo8L2Rpdj4=<\/script>\n<p>Dans le monde paralympique, o\u00f9 chaque m\u00e9daille est souvent le r\u00e9sultat d'un double combat - contre l'adversaire et contre ses propres limites - le cas de <strong>Shahana Hajiyeva<\/strong> a laiss\u00e9 une lourde empreinte. Judoka azerba\u00efdjanais, promotion 2000, m\u00e9daill\u00e9 d'or aux jeux paralympiques de <strong>Tokyo 2020<\/strong> dans la cat\u00e9gorie J2 (r\u00e9serv\u00e9e aux athl\u00e8tes malvoyants), a \u00e9t\u00e9 <strong>disqualifi\u00e9 \u00e0 vie<\/strong> pour <strong>en comp\u00e9tition sans d\u00e9ficience visuelle<\/strong>.<\/p><script type=\"text\/plain\" data-tcf=\"waiting-for-consent\" data-id=\"1037\" data-bid=\"1\" data-placement=\"726\">PGRpdiBpZD0iYW1jLTMzNDQ5NjExIiBjbGFzcz0iYW1jLXBvc3QtY29udGVudCIgc3R5bGU9Im1hcmdpbi1sZWZ0OiBhdXRvO21hcmdpbi1yaWdodDogYXV0bzt0ZXh0LWFsaWduOiBjZW50ZXI7Ij48c2NyaXB0IGFzeW5jIHNyYz0iLy9wYWdlYWQyLmdvb2dsZXN5bmRpY2F0aW9uLmNvbS9wYWdlYWQvanMvYWRzYnlnb29nbGUuanM\/Y2xpZW50PWNhLXB1Yi00NDAxMTQ1MDI3NTM5MTE1IiBjcm9zc29yaWdpbj0iYW5vbnltb3VzIj48L3NjcmlwdD48aW5zIGNsYXNzPSJhZHNieWdvb2dsZSIgc3R5bGU9ImRpc3BsYXk6YmxvY2s7IiBkYXRhLWFkLWNsaWVudD0iY2EtcHViLTQ0MDExNDUwMjc1MzkxMTUiIApkYXRhLWFkLXNsb3Q9IjgwMjA1ODM3OTMiIApkYXRhLWFkLWZvcm1hdD0iYXV0byIgZGF0YS1mdWxsLXdpZHRoLXJlc3BvbnNpdmU9InRydWUiPjwvaW5zPgo8c2NyaXB0PiAKKGFkc2J5Z29vZ2xlID0gd2luZG93LmFkc2J5Z29vZ2xlIHx8IFtdKS5wdXNoKHt9KTsgCjwvc2NyaXB0Pgo8L2Rpdj48YnIgc3R5bGU9ImNsZWFyOiBib3RoOyBkaXNwbGF5OiBibG9jazsgZmxvYXQ6IG5vbmU7Ii8+<\/script>\n\n\n\n<h2 class=\"wp-block-heading\">Une d\u00e9couverte sensationnelle<\/h2>\n\n\n\n<p>Tout a chang\u00e9 en 2025, lors des contr\u00f4les m\u00e9dicaux d'avant-course des championnats du monde de parajudo \u00e0 Astana, au Kazakhstan. Les m\u00e9decins ont constat\u00e9 que Hajiyeva <strong>n'avait pas de d\u00e9ficience visuelle<\/strong>au contraire : sa vue \u00e9tait <strong>enti\u00e8rement fonctionnel<\/strong>.<\/p><script type=\"text\/plain\" data-tcf=\"waiting-for-consent\" data-id=\"1033\" data-bid=\"1\" data-placement=\"985\">PGRpdiBpZD0iYW1jLTMzNDYyMTI0NjciIGNsYXNzPSJhbWMtbWgtbWlkIj48c2NyaXB0IGFzeW5jIHNyYz0iLy9wYWdlYWQyLmdvb2dsZXN5bmRpY2F0aW9uLmNvbS9wYWdlYWQvanMvYWRzYnlnb29nbGUuanM\/Y2xpZW50PWNhLXB1Yi00NDAxMTQ1MDI3NTM5MTE1IiBjcm9zc29yaWdpbj0iYW5vbnltb3VzIj48L3NjcmlwdD48aW5zIGNsYXNzPSJhZHNieWdvb2dsZSIgc3R5bGU9ImRpc3BsYXk6YmxvY2s7IiBkYXRhLWFkLWNsaWVudD0iY2EtcHViLTQ0MDExNDUwMjc1MzkxMTUiIApkYXRhLWFkLXNsb3Q9IiIgCmRhdGEtYWQtZm9ybWF0PSJhdXRvIiBkYXRhLWZ1bGwtd2lkdGgtcmVzcG9uc2l2ZT0idHJ1ZSI+PC9pbnM+CjxzY3JpcHQ+IAooYWRzYnlnb29nbGUgPSB3aW5kb3cuYWRzYnlnb29nbGUgfHwgW10pLnB1c2goe30pOyAKPC9zY3JpcHQ+CjwvZGl2Pg==<\/script>\n\n\n\n<p>En quelques semaines, la nouvelle a fait le tour du monde. Le Comit\u00e9 international paralympique a pris une d\u00e9cision radicale : <strong>d\u00e9ch\u00e9ance \u00e0 vie<\/strong> de toutes les comp\u00e9titions paralympiques et <strong>retrait de la m\u00e9daille d'or<\/strong> conquis au Japon.<\/p>\n\n\n\n<h2 class=\"wp-block-heading\">Une atteinte \u00e0 la cr\u00e9dibilit\u00e9 du sport<\/h2>\n\n\n\n<p>Cet \u00e9pisode a suscit\u00e9 une vague de r\u00e9actions et de questions. Comment un athl\u00e8te a-t-il pu passer les contr\u00f4les internationaux pour participer \u00e0 Tokyo 2020 sans les exigences visuelles requises ? Le syst\u00e8me de classification des athl\u00e8tes paralympiques, d\u00e9j\u00e0 complexe et d\u00e9licat, est mis en cause pour d'\u00e9ventuels probl\u00e8mes de vue. <strong>failles dans les contr\u00f4les m\u00e9dicaux et la v\u00e9rification des handicaps<\/strong>.<\/p>\n\n\n\n<p>Certains experts parlent de <strong>des crit\u00e8res encore trop ouverts \u00e0 l'interpr\u00e9tation<\/strong>d'autres pointent du doigt un <strong>gestion de la certification nationale<\/strong> souvent opaques.<\/p>\n\n\n\n<h2 class=\"wp-block-heading\">Le paradoxe de l'athl\u00e8te qui \"voit tr\u00e8s bien<\/h2>\n\n\n\n<p>L'histoire de Hajiyeva, d'abord rapport\u00e9e par les m\u00e9dias italiens puis reprise par de nombreuses publications internationales, pr\u00e9sente un paradoxe douloureux : alors que des milliers d'athl\u00e8tes paralympiques luttent chaque jour pour surmonter les obstacles, quelqu'un a utilis\u00e9 le handicap comme un masque pour concourir l\u00e0 o\u00f9 il n'\u00e9tait pas l\u00e9gitime.<\/p>\n\n\n\n<p>La judoka azerba\u00efdjanaise, d\u00e9j\u00e0 consid\u00e9r\u00e9e comme une promesse du sport paralympique, avait b\u00e2ti sa renomm\u00e9e sur le tatami, en battant de vrais adversaires... mais avec un <strong>fausse condition<\/strong>. Une atteinte \u00e0 la confiance, \u00e0 l'esprit des Jeux et \u00e0 la perception de la valeur de l'inclusion dans le sport.<\/p>\n\n\n\n<figure class=\"wp-block-image size-full\"><img loading=\"lazy\" decoding=\"async\" width=\"892\" height=\"655\" src=\"https:\/\/aspettandomilanocortina2026.it\/wp-content\/uploads\/2025\/06\/paralimpica.png\" alt=\"m\u00e9daille d&#039;or athl\u00e8te paralympique\" class=\"wp-image-683\" title=\"\" srcset=\"https:\/\/aspettandomilanocortina2026.it\/wp-content\/uploads\/2025\/06\/paralimpica.png 892w, https:\/\/aspettandomilanocortina2026.it\/wp-content\/uploads\/2025\/06\/paralimpica-300x220.png 300w, https:\/\/aspettandomilanocortina2026.it\/wp-content\/uploads\/2025\/06\/paralimpica-768x564.png 768w, https:\/\/aspettandomilanocortina2026.it\/wp-content\/uploads\/2025\/06\/paralimpica-16x12.png 16w, https:\/\/aspettandomilanocortina2026.it\/wp-content\/uploads\/2025\/06\/paralimpica-600x441.png 600w\" sizes=\"auto, (max-width: 892px) 100vw, 892px\" \/><\/figure>\n\n\n\n<h2 class=\"wp-block-heading\">Qu'est-ce qui change apr\u00e8s l'affaire Hajiyeva ?<\/h2>\n\n\n\n<p>Le Comit\u00e9 international paralympique a d'ores et d\u00e9j\u00e0 annonc\u00e9 une <strong>r\u00e9vision des protocoles de classification<\/strong> m\u00e9dical. Les f\u00e9d\u00e9rations nationales, notamment europ\u00e9ennes et asiatiques, ont \u00e9t\u00e9 invit\u00e9es \u00e0 mettre \u00e0 jour leurs m\u00e9thodes de validation des profils d'athl\u00e8tes, en particulier dans les cat\u00e9gories li\u00e9es aux handicaps non visibles (tels que la vision, la coordination ou la perception sensorielle).<\/p>\n\n\n\n<p>Ce cas devient alors un <strong>pr\u00e9c\u00e9dent symbolique<\/strong>mais aussi un rappel \u00e0 l'ordre pour le mouvement paralympique : <strong>renforcer la transparence pour prot\u00e9ger les vrais athl\u00e8tes<\/strong>.<\/p>\n\n\n\n<p>L'affaire Hajiyeva n'est pas seulement une nouvelle sportive : c'est une affaire qui a fait couler beaucoup d'encre. <strong>bassin hydrographique \u00e9thique<\/strong>. Dans un contexte o\u00f9 l'authenticit\u00e9 est le v\u00e9ritable or, les tricheurs sapent les fondements du sport lui-m\u00eame. Le judo paralympique, symbole d'\u00e9quilibre, de respect et de discipline, en sort meurtri mais aussi avec une nouvelle conscience : <strong>la protection de l'int\u00e9grit\u00e9 est plus que jamais une priorit\u00e9<\/strong>.<\/p>\n\n\n\n<p><\/p>\n<div class=\"amc-dopo-il-contenuto\" id=\"amc-2350390134\"><script type=\"text\/plain\" data-tcf=\"waiting-for-consent\" data-id=\"1033\" data-bid=\"1\">PGRpdiBpZD0iYW1jLTEzMjgzMzQ3ODciPjxzY3JpcHQgYXN5bmMgc3JjPSIvL3BhZ2VhZDIuZ29vZ2xlc3luZGljYXRpb24uY29tL3BhZ2VhZC9qcy9hZHNieWdvb2dsZS5qcz9jbGllbnQ9Y2EtcHViLTQ0MDExNDUwMjc1MzkxMTUiIGNyb3Nzb3JpZ2luPSJhbm9ueW1vdXMiPjwvc2NyaXB0PjxpbnMgY2xhc3M9ImFkc2J5Z29vZ2xlIiBzdHlsZT0iZGlzcGxheTpibG9jazsiIGRhdGEtYWQtY2xpZW50PSJjYS1wdWItNDQwMTE0NTAyNzUzOTExNSIgCmRhdGEtYWQtc2xvdD0iIiAKZGF0YS1hZC1mb3JtYXQ9ImF1dG8iIGRhdGEtZnVsbC13aWR0aC1yZXNwb25zaXZlPSJ0cnVlIj48L2lucz4KPHNjcmlwdD4gCihhZHNieWdvb2dsZSA9IHdpbmRvdy5hZHNieWdvb2dsZSB8fCBbXSkucHVzaCh7fSk7IAo8L3NjcmlwdD4KPC9kaXY+<\/script><\/div>","protected":false},"excerpt":{"rendered":"<p>Nel mondo paralimpico, dove ogni medaglia \u00e8 spesso il frutto di una battaglia doppia \u2013 contro l\u2019avversario e contro i propri limiti \u2013 il caso di Shahana Hajiyeva ha lasciato un\u2019ombra pesante. Judoka azera, classe 2000, vincitrice dell\u2019oro alle Paralimpiadi di Tokyo 2020 nella categoria J2 (riservata ad atleti ipovedenti), \u00e8 stata squalificata a vita [&hellip;]<\/p>","protected":false},"author":3,"featured_media":689,"comment_status":"open","ping_status":"open","sticky":false,"template":"","format":"standard","meta":{"_acf_changed":false,"footnotes":""},"categories":[9,1,16],"tags":[],"class_list":["post-682","post","type-post","status-publish","format-standard","has-post-thumbnail","hentry","category-paralimpiadi","category-notizie-e-aggiornamenti","category-notizie-e-approfondimenti"],"acf":[],"_links":{"self":[{"href":"https:\/\/aspettandomilanocortina2026.it\/fr\/wp-json\/wp\/v2\/posts\/682","targetHints":{"allow":["GET"]}}],"collection":[{"href":"https:\/\/aspettandomilanocortina2026.it\/fr\/wp-json\/wp\/v2\/posts"}],"about":[{"href":"https:\/\/aspettandomilanocortina2026.it\/fr\/wp-json\/wp\/v2\/types\/post"}],"author":[{"embeddable":true,"href":"https:\/\/aspettandomilanocortina2026.it\/fr\/wp-json\/wp\/v2\/users\/3"}],"replies":[{"embeddable":true,"href":"https:\/\/aspettandomilanocortina2026.it\/fr\/wp-json\/wp\/v2\/comments?post=682"}],"version-history":[{"count":5,"href":"https:\/\/aspettandomilanocortina2026.it\/fr\/wp-json\/wp\/v2\/posts\/682\/revisions"}],"predecessor-version":[{"id":691,"href":"https:\/\/aspettandomilanocortina2026.it\/fr\/wp-json\/wp\/v2\/posts\/682\/revisions\/691"}],"wp:featuredmedia":[{"embeddable":true,"href":"https:\/\/aspettandomilanocortina2026.it\/fr\/wp-json\/wp\/v2\/media\/689"}],"wp:attachment":[{"href":"https:\/\/aspettandomilanocortina2026.it\/fr\/wp-json\/wp\/v2\/media?parent=682"}],"wp:term":[{"taxonomy":"category","embeddable":true,"href":"https:\/\/aspettandomilanocortina2026.it\/fr\/wp-json\/wp\/v2\/categories?post=682"},{"taxonomy":"post_tag","embeddable":true,"href":"https:\/\/aspettandomilanocortina2026.it\/fr\/wp-json\/wp\/v2\/tags?post=682"}],"curies":[{"name":"wp","href":"https:\/\/api.w.org\/{rel}","templated":true}]}}