{"id":535,"date":"2025-06-01T20:59:15","date_gmt":"2025-06-01T19:59:15","guid":{"rendered":"https:\/\/aspettandomilanocortina2026.it\/?p=535"},"modified":"2025-06-07T17:06:05","modified_gmt":"2025-06-07T16:06:05","slug":"simon-yates-remporte-le-giro-ditalia-2025-une-victoire-epique-faite-de-tenacite-et-de-strategie","status":"publish","type":"post","link":"https:\/\/aspettandomilanocortina2026.it\/fr\/simon-yates-remporte-le-giro-ditalia-2025-une-victoire-epique-faite-de-tenacite-et-de-strategie\/","title":{"rendered":"Simon Yates remporte le Giro d'Italia 2025 : une victoire \u00e9pique faite de t\u00e9nacit\u00e9 et de strat\u00e9gie"},"content":{"rendered":"<script type=\"text\/plain\" data-tcf=\"waiting-for-consent\" data-id=\"1033\" data-bid=\"1\" data-placement=\"1034\">PGRpdiBpZD0iYW1jLTM5MzY0NDQwMjkiIGNsYXNzPSJhbWMtcHJpbWEtZGVsLWNvbnRlbnV0byI+PHNjcmlwdCBhc3luYyBzcmM9Ii8vcGFnZWFkMi5nb29nbGVzeW5kaWNhdGlvbi5jb20vcGFnZWFkL2pzL2Fkc2J5Z29vZ2xlLmpzP2NsaWVudD1jYS1wdWItNDQwMTE0NTAyNzUzOTExNSIgY3Jvc3NvcmlnaW49ImFub255bW91cyI+PC9zY3JpcHQ+PGlucyBjbGFzcz0iYWRzYnlnb29nbGUiIHN0eWxlPSJkaXNwbGF5OmJsb2NrOyIgZGF0YS1hZC1jbGllbnQ9ImNhLXB1Yi00NDAxMTQ1MDI3NTM5MTE1IiAKZGF0YS1hZC1zbG90PSIiIApkYXRhLWFkLWZvcm1hdD0iYXV0byIgZGF0YS1mdWxsLXdpZHRoLXJlc3BvbnNpdmU9InRydWUiPjwvaW5zPgo8c2NyaXB0PiAKKGFkc2J5Z29vZ2xlID0gd2luZG93LmFkc2J5Z29vZ2xlIHx8IFtdKS5wdXNoKHt9KTsgCjwvc2NyaXB0Pgo8L2Rpdj4=<\/script>\n<p><strong>Rome, 1er juin 2025<\/strong> - Le Giro d'Italia 2025 s'est achev\u00e9 sur un triomphe historique de l'Italie. <strong>Simon Yates<\/strong>qui a port\u00e9 le maillot rose sur le podium de la <strong>Circus Maximus<\/strong> de Rome. Une victoire non seulement m\u00e9rit\u00e9e, mais aussi unique : Yates est devenu l'un des rares coureurs de l'histoire \u00e0 remporter le Giro sans avoir conquis une seule \u00e9tape. Son exploit est d\u00e9j\u00e0 entr\u00e9 dans la l\u00e9gende.<\/p><script type=\"text\/plain\" data-tcf=\"waiting-for-consent\" data-id=\"1037\" data-bid=\"1\" data-placement=\"726\">PGRpdiBpZD0iYW1jLTEwMzU0ODA4OTYiIGNsYXNzPSJhbWMtcG9zdC1jb250ZW50IiBzdHlsZT0ibWFyZ2luLWxlZnQ6IGF1dG87bWFyZ2luLXJpZ2h0OiBhdXRvO3RleHQtYWxpZ246IGNlbnRlcjsiPjxzY3JpcHQgYXN5bmMgc3JjPSIvL3BhZ2VhZDIuZ29vZ2xlc3luZGljYXRpb24uY29tL3BhZ2VhZC9qcy9hZHNieWdvb2dsZS5qcz9jbGllbnQ9Y2EtcHViLTQ0MDExNDUwMjc1MzkxMTUiIGNyb3Nzb3JpZ2luPSJhbm9ueW1vdXMiPjwvc2NyaXB0PjxpbnMgY2xhc3M9ImFkc2J5Z29vZ2xlIiBzdHlsZT0iZGlzcGxheTpibG9jazsiIGRhdGEtYWQtY2xpZW50PSJjYS1wdWItNDQwMTE0NTAyNzUzOTExNSIgCmRhdGEtYWQtc2xvdD0iODAyMDU4Mzc5MyIgCmRhdGEtYWQtZm9ybWF0PSJhdXRvIiBkYXRhLWZ1bGwtd2lkdGgtcmVzcG9uc2l2ZT0idHJ1ZSI+PC9pbnM+CjxzY3JpcHQ+IAooYWRzYnlnb29nbGUgPSB3aW5kb3cuYWRzYnlnb29nbGUgfHwgW10pLnB1c2goe30pOyAKPC9zY3JpcHQ+CjwvZGl2PjxiciBzdHlsZT0iY2xlYXI6IGJvdGg7IGRpc3BsYXk6IGJsb2NrOyBmbG9hdDogbm9uZTsiLz4=<\/script>\n\n\n\n<h2 class=\"wp-block-heading\">La strat\u00e9gie d'un champion<\/h2>\n\n\n\n<p>A 32 ans, <strong>Simon Yates<\/strong> s'est r\u00e9v\u00e9l\u00e9 \u00eatre l'un des coureurs les plus complets de sa g\u00e9n\u00e9ration. Apr\u00e8s des ann\u00e9es de hauts et de bas dans les grands tours, le Britannique de l'\u00e9poque est devenu l'un des coureurs les plus complets de sa g\u00e9n\u00e9ration. <strong>Visma-Lease a Bike<\/strong> a enfin trouv\u00e9 la combinaison parfaite entre la forme physique, le soutien de l'\u00e9quipe et l'intelligence tactique.<\/p><script type=\"text\/plain\" data-tcf=\"waiting-for-consent\" data-id=\"1033\" data-bid=\"1\" data-placement=\"985\">PGRpdiBpZD0iYW1jLTEwMjA5ODY0NSIgY2xhc3M9ImFtYy1taC1taWQiPjxzY3JpcHQgYXN5bmMgc3JjPSIvL3BhZ2VhZDIuZ29vZ2xlc3luZGljYXRpb24uY29tL3BhZ2VhZC9qcy9hZHNieWdvb2dsZS5qcz9jbGllbnQ9Y2EtcHViLTQ0MDExNDUwMjc1MzkxMTUiIGNyb3Nzb3JpZ2luPSJhbm9ueW1vdXMiPjwvc2NyaXB0PjxpbnMgY2xhc3M9ImFkc2J5Z29vZ2xlIiBzdHlsZT0iZGlzcGxheTpibG9jazsiIGRhdGEtYWQtY2xpZW50PSJjYS1wdWItNDQwMTE0NTAyNzUzOTExNSIgCmRhdGEtYWQtc2xvdD0iIiAKZGF0YS1hZC1mb3JtYXQ9ImF1dG8iIGRhdGEtZnVsbC13aWR0aC1yZXNwb25zaXZlPSJ0cnVlIj48L2lucz4KPHNjcmlwdD4gCihhZHNieWdvb2dsZSA9IHdpbmRvdy5hZHNieWdvb2dsZSB8fCBbXSkucHVzaCh7fSk7IAo8L3NjcmlwdD4KPC9kaXY+<\/script>\n\n\n\n<p>Le tournant s'est produit lors de la <strong>19\u00e8me \u00e9tape<\/strong>avec l'ascension mythique de la <strong>Colle delle Finestre<\/strong>o\u00f9 Yates s'est d\u00e9tach\u00e9 de ses rivaux directs au classement g\u00e9n\u00e9ral par une action d\u00e9cisive mais mesur\u00e9e. \u00c0 partir de l\u00e0, il a g\u00e9r\u00e9 son avantage avec sang-froid, neutralisant les attaques dans l'avant-derni\u00e8re \u00e9tape alpine et contr\u00f4lant chaque m\u00e8tre de la route.<\/p>\n\n\n\n<h2 class=\"wp-block-heading\">La derni\u00e8re \u00e9tape : triomphe et spectacle \u00e0 Rome<\/h2>\n\n\n\n<p>Le dernier d\u00e9fil\u00e9 de <strong>La Cit\u00e9 du Vatican \u00e0 Ostie<\/strong>avec une arriv\u00e9e sc\u00e9nique au Circus Maximus, a c\u00e9l\u00e9br\u00e9 non seulement le vainqueur, mais aussi toute la beaut\u00e9 du cyclisme italien. La gloire de la journ\u00e9e est revenue \u00e0 <strong>Olav Kooij<\/strong>Le co\u00e9quipier de Yates, qui a remport\u00e9 le sprint final et consolid\u00e9 la domination de l'\u00e9quipe. <strong>Visma-Lease a Bike<\/strong>.<\/p>\n\n\n\n<p>Le public romain a accueilli les coureurs dans une ambiance de f\u00eate apr\u00e8s trois semaines au cours desquelles le Giro a alli\u00e9 sport, culture et paysages \u00e0 couper le souffle.<\/p>\n\n\n\n<h2 class=\"wp-block-heading\">Un tour du monde : entre fronti\u00e8res, cultures et spiritualit\u00e9<\/h2>\n\n\n\n<p>L'\u00e9dition 2025 a propos\u00e9 un parcours innovant et transnational : <strong>d\u00e9part de Trieste<\/strong>, des passages dans <strong>Slov\u00e9nie et Albanie<\/strong>et un retour en Italie entre les Dolomites, les Apennins et la mer Tyrrh\u00e9nienne. Un Giro \"ouvert sur le monde\", mais profond\u00e9ment italien dans l'\u00e2me.<\/p>\n\n\n\n<p>L'un des moments les plus excitants a \u00e9t\u00e9 la rencontre des cyclistes avec les <strong>Pape L\u00e9on XIV<\/strong>qui a b\u00e9ni le groupe juste avant le d\u00e9part de la derni\u00e8re \u00e9tape. Un geste symbolique qui a donn\u00e9 un ton presque sacr\u00e9 \u00e0 la conclusion de la course.<\/p>\n\n\n\n<figure class=\"wp-block-embed is-type-video is-provider-youtube wp-block-embed-youtube wp-embed-aspect-16-9 wp-has-aspect-ratio\"><div class=\"wp-block-embed__wrapper\">\n<iframe loading=\"lazy\" title=\"Le chef-d&#039;\u0153uvre de YATES ! Le Giro est \u00e0 lui : van Aert monumental | Giro d&#039;Italia 2025 \u00c9tape 20 | FAITS MARQUANTS\" width=\"500\" height=\"281\" src=\"https:\/\/www.youtube.com\/embed\/MdzuSU9HDMQ?feature=oembed\" frameborder=\"0\" allow=\"accelerometer; autoplay; clipboard-write; encrypted-media; gyroscope; picture-in-picture; web-share\" referrerpolicy=\"strict-origin-when-cross-origin\" allowfullscreen><\/iframe>\n<\/div><\/figure>\n\n\n\n<h2 class=\"wp-block-heading\">Classement g\u00e9n\u00e9ral final du Giro d'Italia 2025<\/h2>\n\n\n\n<figure class=\"wp-block-table\"><table class=\"has-fixed-layout\"><thead><tr><td><strong>Localisation<\/strong><\/td><td><strong>Coureur<\/strong><\/td><td><strong>L'\u00e9quipe<\/strong><\/td><td><strong>L'heure<\/strong><\/td><\/tr><\/thead><tbody><tr><td>\ud83e\udd47 1\u00b0<\/td><td>Simon Yates<\/td><td>Visma-Lease a Bike<\/td><td>84h 22\u2032 17\u2033<\/td><\/tr><tr><td>\ud83e\udd48 2\u00b0<\/td><td>Isaac Del Toro<\/td><td>UAE Team Emirates<\/td><td>+3'56\"<\/td><\/tr><tr><td>\ud83e\udd49 3\u00b0<\/td><td>Richard Carapaz<\/td><td>EF Education-EasyPost<\/td><td>+4'12\"<\/td><\/tr><\/tbody><\/table><\/figure>\n\n\n\n<h2 class=\"wp-block-heading\">D\u00e9clarations d'apr\u00e8s-course<\/h2>\n\n\n\n<p>\"Je n'ai jamais couru un Giro aussi calme, mais aussi intense. Chaque jour \u00e9tait une \u00e9preuve mentale plus que physique. Je dois tout \u00e0 l'\u00e9quipe.<br><strong>Simon Yates<\/strong>vainqueur du Giro d'Italia 2025<\/p>\n\n\n\n<p>\"\u00catre ici \u00e0 Rome, sur le podium, est le r\u00eave de tout coureur. J'essaierai encore\".<br><strong>Isaac Del Toro<\/strong>deuxi\u00e8me<\/p>\n\n\n\n<p>La victoire de <strong>Simon Yates au Giro d'Italia 2025<\/strong> est une le\u00e7on de coh\u00e9rence, de maturit\u00e9 et de vision. Dans un monde cycliste de plus en plus domin\u00e9 par les chiffres et les watts, le Britannique a remis sur le devant de la sc\u00e8ne l'id\u00e9e d'une course de vitesse, d'une course de vitesse et d'une course de vitesse. <strong>strat\u00e9gie<\/strong>, le <strong>r\u00e9sistance mentale<\/strong> et le <strong>la capacit\u00e9 de savoir attendre<\/strong>. Un succ\u00e8s qui entre de plein droit dans l'histoire du cyclisme moderne.<\/p>\n\n\n\n<p><\/p>\n<div class=\"amc-dopo-il-contenuto\" id=\"amc-3987335175\"><script type=\"text\/plain\" data-tcf=\"waiting-for-consent\" data-id=\"1033\" data-bid=\"1\">PGRpdiBpZD0iYW1jLTI5Nzc4MjAxODEiPjxzY3JpcHQgYXN5bmMgc3JjPSIvL3BhZ2VhZDIuZ29vZ2xlc3luZGljYXRpb24uY29tL3BhZ2VhZC9qcy9hZHNieWdvb2dsZS5qcz9jbGllbnQ9Y2EtcHViLTQ0MDExNDUwMjc1MzkxMTUiIGNyb3Nzb3JpZ2luPSJhbm9ueW1vdXMiPjwvc2NyaXB0PjxpbnMgY2xhc3M9ImFkc2J5Z29vZ2xlIiBzdHlsZT0iZGlzcGxheTpibG9jazsiIGRhdGEtYWQtY2xpZW50PSJjYS1wdWItNDQwMTE0NTAyNzUzOTExNSIgCmRhdGEtYWQtc2xvdD0iIiAKZGF0YS1hZC1mb3JtYXQ9ImF1dG8iIGRhdGEtZnVsbC13aWR0aC1yZXNwb25zaXZlPSJ0cnVlIj48L2lucz4KPHNjcmlwdD4gCihhZHNieWdvb2dsZSA9IHdpbmRvdy5hZHNieWdvb2dsZSB8fCBbXSkucHVzaCh7fSk7IAo8L3NjcmlwdD4KPC9kaXY+<\/script><\/div>","protected":false},"excerpt":{"rendered":"<p>Rome, 1er juin 2025 - Le Giro d'Italia 2025 s'est achev\u00e9 sur un triomphe historique de Simon Yates, qui a rev\u00eatu le maillot rose sur le podium du Circus Maximus \u00e0 Rome. Une victoire non seulement m\u00e9rit\u00e9e, mais aussi unique : Yates est devenu l'un des rares coureurs de l'histoire \u00e0 remporter le Giro sans avoir conquis le [...]<\/p>","protected":false},"author":3,"featured_media":536,"comment_status":"open","ping_status":"open","sticky":false,"template":"","format":"standard","meta":{"_acf_changed":false,"footnotes":""},"categories":[1],"tags":[],"class_list":["post-535","post","type-post","status-publish","format-standard","has-post-thumbnail","hentry","category-notizie-e-aggiornamenti"],"acf":[],"_links":{"self":[{"href":"https:\/\/aspettandomilanocortina2026.it\/fr\/wp-json\/wp\/v2\/posts\/535","targetHints":{"allow":["GET"]}}],"collection":[{"href":"https:\/\/aspettandomilanocortina2026.it\/fr\/wp-json\/wp\/v2\/posts"}],"about":[{"href":"https:\/\/aspettandomilanocortina2026.it\/fr\/wp-json\/wp\/v2\/types\/post"}],"author":[{"embeddable":true,"href":"https:\/\/aspettandomilanocortina2026.it\/fr\/wp-json\/wp\/v2\/users\/3"}],"replies":[{"embeddable":true,"href":"https:\/\/aspettandomilanocortina2026.it\/fr\/wp-json\/wp\/v2\/comments?post=535"}],"version-history":[{"count":3,"href":"https:\/\/aspettandomilanocortina2026.it\/fr\/wp-json\/wp\/v2\/posts\/535\/revisions"}],"predecessor-version":[{"id":695,"href":"https:\/\/aspettandomilanocortina2026.it\/fr\/wp-json\/wp\/v2\/posts\/535\/revisions\/695"}],"wp:featuredmedia":[{"embeddable":true,"href":"https:\/\/aspettandomilanocortina2026.it\/fr\/wp-json\/wp\/v2\/media\/536"}],"wp:attachment":[{"href":"https:\/\/aspettandomilanocortina2026.it\/fr\/wp-json\/wp\/v2\/media?parent=535"}],"wp:term":[{"taxonomy":"category","embeddable":true,"href":"https:\/\/aspettandomilanocortina2026.it\/fr\/wp-json\/wp\/v2\/categories?post=535"},{"taxonomy":"post_tag","embeddable":true,"href":"https:\/\/aspettandomilanocortina2026.it\/fr\/wp-json\/wp\/v2\/tags?post=535"}],"curies":[{"name":"wp","href":"https:\/\/api.w.org\/{rel}","templated":true}]}}