{"id":526,"date":"2025-05-31T22:25:42","date_gmt":"2025-05-31T21:25:42","guid":{"rendered":"https:\/\/aspettandomilanocortina2026.it\/?p=526"},"modified":"2025-06-01T08:02:52","modified_gmt":"2025-06-01T07:02:52","slug":"monaco-2025-la-nuit-ou-le-psg-a-touche-le-ciel-de-leurope","status":"publish","type":"post","link":"https:\/\/aspettandomilanocortina2026.it\/fr\/monaco-2025-la-nuit-ou-le-psg-a-touche-le-ciel-de-leurope\/","title":{"rendered":"Monaco 2025 : la nuit o\u00f9 le PSG a touch\u00e9 le ciel de l'Europe"},"content":{"rendered":"<script type=\"text\/plain\" data-tcf=\"waiting-for-consent\" data-id=\"1033\" data-bid=\"1\" data-placement=\"1034\">PGRpdiBpZD0iYW1jLTI2NjYzOTA5MDciIGNsYXNzPSJhbWMtcHJpbWEtZGVsLWNvbnRlbnV0byI+PHNjcmlwdCBhc3luYyBzcmM9Ii8vcGFnZWFkMi5nb29nbGVzeW5kaWNhdGlvbi5jb20vcGFnZWFkL2pzL2Fkc2J5Z29vZ2xlLmpzP2NsaWVudD1jYS1wdWItNDQwMTE0NTAyNzUzOTExNSIgY3Jvc3NvcmlnaW49ImFub255bW91cyI+PC9zY3JpcHQ+PGlucyBjbGFzcz0iYWRzYnlnb29nbGUiIHN0eWxlPSJkaXNwbGF5OmJsb2NrOyIgZGF0YS1hZC1jbGllbnQ9ImNhLXB1Yi00NDAxMTQ1MDI3NTM5MTE1IiAKZGF0YS1hZC1zbG90PSIiIApkYXRhLWFkLWZvcm1hdD0iYXV0byIgZGF0YS1mdWxsLXdpZHRoLXJlc3BvbnNpdmU9InRydWUiPjwvaW5zPgo8c2NyaXB0PiAKKGFkc2J5Z29vZ2xlID0gd2luZG93LmFkc2J5Z29vZ2xlIHx8IFtdKS5wdXNoKHt9KTsgCjwvc2NyaXB0Pgo8L2Rpdj4=<\/script>\n<p>Le ciel de Munich n'a jamais \u00e9t\u00e9 aussi charg\u00e9 d'attentes qu'en cette soir\u00e9e du 31 mai 2025. Dans l'Allianz Arena, une enceinte qui a d\u00e9j\u00e0 \u00e9crit des pages l\u00e9gendaires du football mondial, l'air est \u00e9lectrique : d'un c\u00f4t\u00e9, le Paris Saint-Germain, en qu\u00eate de la premi\u00e8re Ligue des champions de son histoire ; de l'autre, l'Inter, victorieux en 2010 mais bloqu\u00e9 depuis des ann\u00e9es dans sa volont\u00e9 de remporter \u00e0 nouveau le grand triomphe europ\u00e9en. Lorsque les portes se sont ouvertes, le vent, les cris de joie et les soupirs de tension ont envahi les tribunes, une mosa\u00efque de couleurs et de drapeaux pr\u00eats \u00e0 assister \u00e0 un affrontement destin\u00e9 \u00e0 \u00e9crire un nouveau chapitre dans le livre du football.<\/p><script type=\"text\/plain\" data-tcf=\"waiting-for-consent\" data-id=\"1037\" data-bid=\"1\" data-placement=\"726\">PGRpdiBpZD0iYW1jLTM4NjY1NjcxNTYiIGNsYXNzPSJhbWMtcG9zdC1jb250ZW50IiBzdHlsZT0ibWFyZ2luLWxlZnQ6IGF1dG87bWFyZ2luLXJpZ2h0OiBhdXRvO3RleHQtYWxpZ246IGNlbnRlcjsiPjxzY3JpcHQgYXN5bmMgc3JjPSIvL3BhZ2VhZDIuZ29vZ2xlc3luZGljYXRpb24uY29tL3BhZ2VhZC9qcy9hZHNieWdvb2dsZS5qcz9jbGllbnQ9Y2EtcHViLTQ0MDExNDUwMjc1MzkxMTUiIGNyb3Nzb3JpZ2luPSJhbm9ueW1vdXMiPjwvc2NyaXB0PjxpbnMgY2xhc3M9ImFkc2J5Z29vZ2xlIiBzdHlsZT0iZGlzcGxheTpibG9jazsiIGRhdGEtYWQtY2xpZW50PSJjYS1wdWItNDQwMTE0NTAyNzUzOTExNSIgCmRhdGEtYWQtc2xvdD0iODAyMDU4Mzc5MyIgCmRhdGEtYWQtZm9ybWF0PSJhdXRvIiBkYXRhLWZ1bGwtd2lkdGgtcmVzcG9uc2l2ZT0idHJ1ZSI+PC9pbnM+CjxzY3JpcHQ+IAooYWRzYnlnb29nbGUgPSB3aW5kb3cuYWRzYnlnb29nbGUgfHwgW10pLnB1c2goe30pOyAKPC9zY3JpcHQ+CjwvZGl2PjxiciBzdHlsZT0iY2xlYXI6IGJvdGg7IGRpc3BsYXk6IGJsb2NrOyBmbG9hdDogbm9uZTsiLz4=<\/script>\n\n\n\n<h2 class=\"wp-block-heading\"><strong>La longue route vers Munich<\/strong><\/h2>\n\n\n\n<h3 class=\"wp-block-heading\"><strong>PSG : un r\u00eave cultiv\u00e9 depuis des ann\u00e9es<\/strong><\/h3>\n\n\n\n<p>Le Paris Saint-Germain n'a jamais \u00e9t\u00e9 \u00e9tranger aux vitrines europ\u00e9ennes. Avec des m\u00e9c\u00e8nes pr\u00eats \u00e0 investir des sommes pharaoniques, le club fran\u00e7ais - d\u00e9j\u00e0 vainqueur de championnats et de coupes nationales - poursuit son v\u00e9ritable objectif depuis plus d'une d\u00e9cennie : soulever la Coupe aux Grandes Oreilles. Avec des entra\u00eeneurs de classe mondiale et un m\u00e9lange de stars confirm\u00e9es et de jeunes promesses, le PSG a construit une \u00e9quipe de classe mondiale. Mais la Ligue des champions, cette Ligue des champions, avait toujours \u00e9chapp\u00e9 \u00e0 tout contr\u00f4le en raison d'erreurs d\u00e9fensives stupides dans les phases d\u00e9cisives ou de journ\u00e9es o\u00f9 la star du jour ne brillait pas assez. L'ann\u00e9e 2025 semblait \u00eatre la bonne saison : une \u00e9quipe soud\u00e9e, un entra\u00eeneur ferme sur ses id\u00e9es et une ville, Paris, pr\u00eate \u00e0 exploser de joie si le r\u00eave se concr\u00e9tisait.<\/p><script type=\"text\/plain\" data-tcf=\"waiting-for-consent\" data-id=\"1033\" data-bid=\"1\" data-placement=\"985\">PGRpdiBpZD0iYW1jLTEwNzY2OTYwMjciIGNsYXNzPSJhbWMtbWgtbWlkIj48c2NyaXB0IGFzeW5jIHNyYz0iLy9wYWdlYWQyLmdvb2dsZXN5bmRpY2F0aW9uLmNvbS9wYWdlYWQvanMvYWRzYnlnb29nbGUuanM\/Y2xpZW50PWNhLXB1Yi00NDAxMTQ1MDI3NTM5MTE1IiBjcm9zc29yaWdpbj0iYW5vbnltb3VzIj48L3NjcmlwdD48aW5zIGNsYXNzPSJhZHNieWdvb2dsZSIgc3R5bGU9ImRpc3BsYXk6YmxvY2s7IiBkYXRhLWFkLWNsaWVudD0iY2EtcHViLTQ0MDExNDUwMjc1MzkxMTUiIApkYXRhLWFkLXNsb3Q9IiIgCmRhdGEtYWQtZm9ybWF0PSJhdXRvIiBkYXRhLWZ1bGwtd2lkdGgtcmVzcG9uc2l2ZT0idHJ1ZSI+PC9pbnM+CjxzY3JpcHQ+IAooYWRzYnlnb29nbGUgPSB3aW5kb3cuYWRzYnlnb29nbGUgfHwgW10pLnB1c2goe30pOyAKPC9zY3JpcHQ+CjwvZGl2Pg==<\/script>\n\n\n\n<h3 class=\"wp-block-heading\"><strong>Inter : la tradition des Nerazzurri en qu\u00eate de revanche<\/strong><\/h3>\n\n\n\n<p>L'Inter, quant \u00e0 lui, pouvait se targuer d'un pass\u00e9 glorieux : le tripl\u00e9 historique de 2010, sous la houlette de Jos\u00e9 Mourinho, \u00e9tait encore grav\u00e9 dans le c\u0153ur des supporters. Mais les succ\u00e8s se sont heurt\u00e9s \u00e0 des saisons de reconstruction. Apr\u00e8s des ann\u00e9es d'investissements incoh\u00e9rents et de changements de banc, la direction des Nerazzurri a d\u00e9cid\u00e9 de mettre l'accent sur la jeunesse et un style de jeu plus proactif, tout en conservant les joueurs internationaux exp\u00e9riment\u00e9s dans l'effectif. L'Inter devait prouver qu'elle pouvait \u00e0 nouveau rivaliser avec les g\u00e9ants europ\u00e9ens et, pourquoi pas, viser le titre. Le chemin tortueux jusqu'\u00e0 la finale a vu les Nerazzurri \u00e9liminer des adversaires de premier plan, affirmant une identit\u00e9 courageuse et unie dans l'id\u00e9e que, parfois, le courage paie plus que l'exp\u00e9rience.<\/p>\n\n\n\n<h2 class=\"wp-block-heading\"><strong>L'ambiance d'avant-match : une vague multicolore<\/strong><\/h2>\n\n\n\n<p>D\u00e8s la tomb\u00e9e de la nuit, le parvis de l'Allianz Arena \u00e9tait un tourbillon de couleurs : des milliers de supporters parisiens incarnaient l'\u00e9l\u00e9gance festive transalpine, banderoles bleues et rouges, \u00e9charpes au vent et le son des tambours battant comme un battement de c\u0153ur collectif. En face, l'espace d\u00e9di\u00e9 aux supporters Nerazzurri : drapeaux Nerazzurri et noir et jaune agit\u00e9s avec passion, maillots historiques de l'Inter et ch\u0153urs revendiquant fiert\u00e9 et revanche. Deux mondes en contraste visuel et sonore, mais avec un point commun : l'amour du football. Partout, des selfies, des tapes dans le dos et des paquets de pop-corn provenant des saunas mobiles rappelaient l'essence d'un \u00e9v\u00e9nement sportif capable d'arr\u00eater des milliers de personnes, unies par une acclamation visc\u00e9rale et un c\u0153ur battant \u00e0 l'unisson pendant quatre-vingt-dix minutes... plus les prolongations et peut-\u00eatre les tirs au but.<\/p>\n\n\n\n<h2 class=\"wp-block-heading\"><strong>Coup de sifflet initial et premi\u00e8res minutes d'\u00e9tude<\/strong><\/h2>\n\n\n\n<p>Lorsque l'arbitre donne le feu vert, les deux \u00e9quipes semblent vouloir lire le roman tactique de l'adversaire. Le PSG alignait un 4-3-3 fluide : une d\u00e9fense solide, un milieu de terrain technique et un trident offensif pr\u00eat \u00e0 d\u00e9vorer le moindre espace. L'Inter, align\u00e9 sur un 3-5-2 astucieux, cherchait plut\u00f4t \u00e0 exploiter les couloirs ext\u00e9rieurs et les relances rapides du duo d'attaquants. Mais d\u00e8s la 10e minute, il \u00e9tait clair que la partie allait \u00eatre difficile pour les Nerazzurri.<\/p>\n\n\n\n<p><strong>12' - Hakimi, l'ancien qui fait mal<\/strong><\/p>\n\n\n\n<p>Le premier coup d'\u00e9clat est venu de l'ancien Achraf Hakimi, utilis\u00e9 comme lat\u00e9ral droit par le PSG. Apr\u00e8s avoir re\u00e7u une balle en profondeur sur le flanc, il centre, \u00e9limine deux adversaires d'une feinte rapide et bat le gardien des Nerazzurri Yann Sommer d'une frappe chirurgicale du pied droit. La joie est contenue dans les cris \u00e9touff\u00e9s des supporters fran\u00e7ais : c'est 1-0, mais cela semble \u00eatre un 0-0, tellement les Parisiens se d\u00e9placent avec confiance sur le terrain.<\/p>\n\n\n\n<p><strong>20' - Le double de D\u00e9sir\u00e9 Dou\u00e9 : la po\u00e9sie en mouvement<\/strong><\/p>\n\n\n\n<p>L'Inter n'a pas le temps de se ressaisir. Le jeune milieu de terrain, l'une des r\u00e9v\u00e9lations de la saison, part de loin, dribble deux intercepteurs nerazzurri en pleine course et d\u00e9coche une frappe si pr\u00e9cise et si basse que le ballon semble dessiner une trajectoire d\u00e9j\u00e0 \u00e9crite et finit sous la barre transversale. Le score est de 2-0 en moins d'une mi-temps : l'inqui\u00e9tude se lit sur les visages des Nerazzurri.<\/p>\n\n\n\n<p><strong>30' - L'Inter en difficult\u00e9, mais pr\u00eat \u00e0 r\u00e9agir<\/strong><\/p>\n\n\n\n<p>Apr\u00e8s quelques minutes de forcing, l'Inter tente d'organiser une r\u00e9action. Calhanoglu dictait les rythmes, Barella cherchait les \u00e9changes avec Lautaro Mart\u00ednez, mais la d\u00e9fense parisienne \u00e9voluait en parfaite synchronisation, fermant tous les espaces. L'Allianz Arena assiste surtout \u00e0 un monologue offensif du PSG, qui g\u00e2che quelques occasions de creuser l'\u00e9cart. Les applaudissements du public teuton, toujours respectueux, soulignent l'\u00e9l\u00e9gance de certaines actions.<\/p>\n\n\n\n<p><strong>45'+2 - Coup de sifflet de la mi-temps<\/strong><\/p>\n\n\n\n<p>Lorsque l'arbitre siffle la fin de la premi\u00e8re mi-temps, le score est toujours de 2-0. Mais ce n'est pas un r\u00e9sultat qui r\u00e9sume vraiment la distance qui s\u00e9pare les deux \u00e9quipes. L'Inter semble contract\u00e9, baiss\u00e9, comme s'il succombait aux charmes d'un adversaire bien en place. Le PSG, au contraire, semble ma\u00eetre du terrain, fluide et convaincu de pouvoir clore le dossier avant m\u00eame la mi-temps.<\/p>\n\n\n\n<h2 class=\"wp-block-heading\"><strong>Pause tactique et r\u00e9flexions : la seconde moiti\u00e9 de la r\u00e9volution<\/strong><\/h2>\n\n\n\n<p>Dans les couloirs de la mi-temps, l'entra\u00eeneur de l'Inter exhorte ses joueurs : \"Nous devons oser davantage, attaquer les lignes du PSG et ne pas les faire r\u00e9fl\u00e9chir\". Mais \u00e0 Paris, l'entra\u00eeneur r\u00e9pond calmement : \"Nous voulons g\u00e9rer le r\u00e9sultat, mais nous restons avides de buts\". L'id\u00e9e d'un PSG qui ne se contente pas d'une double avance est d\u00e9j\u00e0 claire. Il ne s'agit pas seulement de d\u00e9fendre le r\u00e9sultat, il s'agit de consolider une domination sur le plan mental.<\/p>\n\n\n\n<h2 class=\"wp-block-heading\"><strong>Deuxi\u00e8me mi-temps : capitulation de l'Inter et apoth\u00e9ose parisienne<\/strong><\/h2>\n\n\n\n<p><strong>63' - Dou\u00e9 double la mise<\/strong><\/p>\n\n\n\n<p>La seconde mi-temps d\u00e9bute avec une Inter plus proactive, du moins dans ses intentions. Mais une action rapide a suffi pour battre la seule parcelle de passe des Nerazzurri vers le milieu de terrain. Le jeune ne pardonne pas : un tir fulgurant au premier poteau, Sommer s'envole, mais cela ne suffit pas. \u00c8 3-0. Les supporters parisiens explosent dans un rugissement qui fait trembler toute l'Allianz Arena.<\/p>\n\n\n\n<p><strong>70' - Kvaratskhelia fait exploser le c\u0153ur des Fran\u00e7ais<\/strong><\/p>\n\n\n\n<p>L'Inter est au bord de la capitulation. Une rotation mortelle du ballon par le PSG laisse Kvaratskhelia, le G\u00e9orgien \u00e0 la course imparable, compl\u00e8tement libre sur le petit c\u00f4t\u00e9 de la surface : un dribble vif, le ballon sous les jambes d'un d\u00e9fenseur et une touche de balle au deuxi\u00e8me poteau. Le 4-0 intervient \u00e0 la 70e minute et ressemble plus \u00e0 un coup de gr\u00e2ce qu'\u00e0 une victoire d\u00e9j\u00e0 acquise.<\/p>\n\n\n\n<p><strong>86' - Le sceau de Senny Mayulu, l'h\u00e9ritier pr\u00e9somptif<\/strong><\/p>\n\n\n\n<p>Alors que tout semble d\u00e9j\u00e0 accompli, un nouveau nom appara\u00eet au tableau d'affichage : Senny Mayulu, entr\u00e9 quelques minutes plus t\u00f4t pour apporter de la fra\u00eecheur offensive. \u00c8 5-0. Un but qui rend le triomphe encore plus incroyable et fait exploser les supporters fran\u00e7ais dans une liesse de drapeaux, d'\u00e9charpes agit\u00e9es et de chants.<\/p>\n\n\n\n<h2 class=\"wp-block-heading\"><strong>Analyse tactique : la raison de la domination totale<\/strong><\/h2>\n\n\n\n<h3 class=\"wp-block-heading\"><strong>Pressage \u00e9lev\u00e9 et maniement de la balle<\/strong><\/h3>\n\n\n\n<p>La strat\u00e9gie gagnante du PSG \u00e9tait bas\u00e9e sur un pressing constant au milieu de terrain, visant \u00e0 \u00e9touffer la construction des Nerazzurri. Chaque fois que l'Inter tentait de sortir du terrain, il \u00e9tait attaqu\u00e9, oblig\u00e9 de lancer de longs ballons, offrant des balles faciles \u00e0 l'arri\u00e8re-garde fran\u00e7aise.<\/p>\n\n\n\n<h3 class=\"wp-block-heading\"><strong>Red\u00e9marrage rapide et finalisation chirurgicale<\/strong><\/h3>\n\n\n\n<p>Le PSG n'a pas eu besoin de dominer la possession de balle avec des pourcentages bulgares : quelques phrases rapides ont suffi pour se faufiler dans la surface adverse. Apr\u00e8s le 2-0, l'Inter s'est retrouv\u00e9 \u00e0 la recherche d'une r\u00e9action, laissant de larges espaces aux contre-attaques parisiennes. Et \u00e0 chaque fois que Dou\u00e9 ou Kvaratskhelia recevaient le ballon, la d\u00e9fense des Nerazzurri peinait \u00e0 fermer les triangles, conc\u00e9dant des occasions fatales.<\/p>\n\n\n\n<h3 class=\"wp-block-heading\"><strong>Facteur mental et exp\u00e9rience dans les moments cl\u00e9s<\/strong><\/h3>\n\n\n\n<p>Arriver en finale de la Ligue des champions implique une immense pression psychologique. L'Inter, malgr\u00e9 son exp\u00e9rience, a montr\u00e9 des signes de nervosit\u00e9 d\u00e8s le premier but encaiss\u00e9, ratant des passes simples et donnant un sentiment d'impuissance. Le PSG, conscient qu'il devait profiter de chaque erreur, a continu\u00e9 \u00e0 presser sans se d\u00e9concentrer, construisant une domination non seulement physique mais aussi mentale.<\/p>\n\n\n\n<h2 class=\"wp-block-heading\"><strong>L'impact \u00e9motionnel : larmes, sourires et embrassades<\/strong><\/h2>\n\n\n\n<p>Au triple coup de sifflet du 5-0, certains n'ont pu retenir une larme. Ce n'est pas seulement une victoire sportive, mais la concr\u00e9tisation d'un r\u00eave que Paris nourrit depuis des ann\u00e9es : celui de se reconna\u00eetre dans la mythique Coupe aux Grandes Oreilles. Dans les tribunes, familles avec enfants, ultras parisiens et amateurs de football venus du monde entier s'embrassent, conscients d'avoir assist\u00e9 \u00e0 un moment destin\u00e9 \u00e0 rester dans la m\u00e9moire collective. De l'autre c\u00f4t\u00e9, des sourires tristes et des regards abattus chez les Nerazzurri. Pour l'Inter, l'am\u00e8re d\u00e9ception d'un match o\u00f9 tout a sembl\u00e9 se retourner contre eux, mais aussi la conscience d'avoir redonn\u00e9 de l'enthousiasme au club, d'avoir montr\u00e9 qu'il pouvait rivaliser avec n'importe qui.<\/p>\n\n\n\n<h2 class=\"wp-block-heading\"><strong>Signification et perspectives d'avenir<\/strong><\/h2>\n\n\n\n<h3 class=\"wp-block-heading\"><strong>PSG, l'aube d'une nouvelle \u00e8re<\/strong><\/h3>\n\n\n\n<p>Ce triomphe donnera au Paris Saint-Germain une dimension encore plus mondiale. Les ambitions ne s'arr\u00eatent pas l\u00e0 : devenir l'\u00e9quipe la plus forte du monde, remporter la Coupe du monde des clubs et faire \u00e9clore de jeunes talents tels que Mayulu, Dou\u00e9 et d'autres qui r\u00eavent d\u00e9j\u00e0 de revivre la nuit de Monaco. Le titre de la Ligue des champions pourrait \u00e9galement avoir une incidence sur la politique du march\u00e9, le PSG \u00e9tant pr\u00eat \u00e0 revenir sur les meilleurs joueurs et \u00e0 consolider son statut de puissance europ\u00e9enne.<\/p>\n\n\n\n<h3 class=\"wp-block-heading\"><strong>Inter, un point de d\u00e9part<\/strong><\/h3>\n\n\n\n<p>Pour l'Inter, la d\u00e9faite ne doit pas \u00eatre consid\u00e9r\u00e9e comme une simple blessure. C'est un avertissement : il faut construire avec patience, renforcer l'\u00e9quipe dans les d\u00e9partements cl\u00e9s, donner confiance aux jeunes et maintenir l'identit\u00e9 proactive qui leur a permis d'atteindre \u00e0 nouveau une finale de la Ligue des champions. L'entra\u00eeneur et le club savent qu'il est temps de reconstruire sur les bases pos\u00e9es cette saison, en comblant les lacunes et en affinant l'exp\u00e9rience internationale.<\/p>\n\n\n\n<p><\/p>\n<div class=\"amc-dopo-il-contenuto\" id=\"amc-3957102123\"><script type=\"text\/plain\" data-tcf=\"waiting-for-consent\" data-id=\"1033\" data-bid=\"1\">PGRpdiBpZD0iYW1jLTM1NzA1ODk0ODYiPjxzY3JpcHQgYXN5bmMgc3JjPSIvL3BhZ2VhZDIuZ29vZ2xlc3luZGljYXRpb24uY29tL3BhZ2VhZC9qcy9hZHNieWdvb2dsZS5qcz9jbGllbnQ9Y2EtcHViLTQ0MDExNDUwMjc1MzkxMTUiIGNyb3Nzb3JpZ2luPSJhbm9ueW1vdXMiPjwvc2NyaXB0PjxpbnMgY2xhc3M9ImFkc2J5Z29vZ2xlIiBzdHlsZT0iZGlzcGxheTpibG9jazsiIGRhdGEtYWQtY2xpZW50PSJjYS1wdWItNDQwMTE0NTAyNzUzOTExNSIgCmRhdGEtYWQtc2xvdD0iIiAKZGF0YS1hZC1mb3JtYXQ9ImF1dG8iIGRhdGEtZnVsbC13aWR0aC1yZXNwb25zaXZlPSJ0cnVlIj48L2lucz4KPHNjcmlwdD4gCihhZHNieWdvb2dsZSA9IHdpbmRvdy5hZHNieWdvb2dsZSB8fCBbXSkucHVzaCh7fSk7IAo8L3NjcmlwdD4KPC9kaXY+<\/script><\/div>","protected":false},"excerpt":{"rendered":"<p>Il cielo di Monaco di Baviera non \u00e8 mai stato cos\u00ec carico di aspettative come la sera del 31 maggio 2025. All\u2019Allianz Arena, un impianto che ha gi\u00e0 scritto pagine leggendarie del calcio mondiale, si respirava un\u2019aria elettrica: da una parte, il Paris Saint-Germain, alla ricerca della prima Champions League della sua storia; dall\u2019altra, l\u2019Inter, [&hellip;]<\/p>","protected":false},"author":3,"featured_media":529,"comment_status":"open","ping_status":"open","sticky":false,"template":"","format":"standard","meta":{"_acf_changed":false,"footnotes":""},"categories":[1],"tags":[],"class_list":["post-526","post","type-post","status-publish","format-standard","has-post-thumbnail","hentry","category-notizie-e-aggiornamenti"],"acf":[],"_links":{"self":[{"href":"https:\/\/aspettandomilanocortina2026.it\/fr\/wp-json\/wp\/v2\/posts\/526","targetHints":{"allow":["GET"]}}],"collection":[{"href":"https:\/\/aspettandomilanocortina2026.it\/fr\/wp-json\/wp\/v2\/posts"}],"about":[{"href":"https:\/\/aspettandomilanocortina2026.it\/fr\/wp-json\/wp\/v2\/types\/post"}],"author":[{"embeddable":true,"href":"https:\/\/aspettandomilanocortina2026.it\/fr\/wp-json\/wp\/v2\/users\/3"}],"replies":[{"embeddable":true,"href":"https:\/\/aspettandomilanocortina2026.it\/fr\/wp-json\/wp\/v2\/comments?post=526"}],"version-history":[{"count":4,"href":"https:\/\/aspettandomilanocortina2026.it\/fr\/wp-json\/wp\/v2\/posts\/526\/revisions"}],"predecessor-version":[{"id":534,"href":"https:\/\/aspettandomilanocortina2026.it\/fr\/wp-json\/wp\/v2\/posts\/526\/revisions\/534"}],"wp:featuredmedia":[{"embeddable":true,"href":"https:\/\/aspettandomilanocortina2026.it\/fr\/wp-json\/wp\/v2\/media\/529"}],"wp:attachment":[{"href":"https:\/\/aspettandomilanocortina2026.it\/fr\/wp-json\/wp\/v2\/media?parent=526"}],"wp:term":[{"taxonomy":"category","embeddable":true,"href":"https:\/\/aspettandomilanocortina2026.it\/fr\/wp-json\/wp\/v2\/categories?post=526"},{"taxonomy":"post_tag","embeddable":true,"href":"https:\/\/aspettandomilanocortina2026.it\/fr\/wp-json\/wp\/v2\/tags?post=526"}],"curies":[{"name":"wp","href":"https:\/\/api.w.org\/{rel}","templated":true}]}}