{"id":505,"date":"2025-05-29T11:08:40","date_gmt":"2025-05-29T10:08:40","guid":{"rendered":"https:\/\/aspettandomilanocortina2026.it\/?p=505"},"modified":"2025-05-29T11:08:42","modified_gmt":"2025-05-29T10:08:42","slug":"chelsea-champion-de-la-ligue-de-conference-de-luefa-2025-triomphe-europeen-en-breslavie","status":"publish","type":"post","link":"https:\/\/aspettandomilanocortina2026.it\/fr\/chelsea-champion-de-la-ligue-de-conference-de-luefa-2025-triomphe-europeen-en-breslavie\/","title":{"rendered":"Chelsea champion de la Ligue des conf\u00e9rences de l'UEFA 2025 : triomphe europ\u00e9en \u00e0 Wroclaw"},"content":{"rendered":"<script type=\"text\/plain\" data-tcf=\"waiting-for-consent\" data-id=\"1033\" data-bid=\"1\" data-placement=\"1034\">PGRpdiBpZD0iYW1jLTM0ODA3OTcxMzQiIGNsYXNzPSJhbWMtcHJpbWEtZGVsLWNvbnRlbnV0byI+PHNjcmlwdCBhc3luYyBzcmM9Ii8vcGFnZWFkMi5nb29nbGVzeW5kaWNhdGlvbi5jb20vcGFnZWFkL2pzL2Fkc2J5Z29vZ2xlLmpzP2NsaWVudD1jYS1wdWItNDQwMTE0NTAyNzUzOTExNSIgY3Jvc3NvcmlnaW49ImFub255bW91cyI+PC9zY3JpcHQ+PGlucyBjbGFzcz0iYWRzYnlnb29nbGUiIHN0eWxlPSJkaXNwbGF5OmJsb2NrOyIgZGF0YS1hZC1jbGllbnQ9ImNhLXB1Yi00NDAxMTQ1MDI3NTM5MTE1IiAKZGF0YS1hZC1zbG90PSIiIApkYXRhLWFkLWZvcm1hdD0iYXV0byIgZGF0YS1mdWxsLXdpZHRoLXJlc3BvbnNpdmU9InRydWUiPjwvaW5zPgo8c2NyaXB0PiAKKGFkc2J5Z29vZ2xlID0gd2luZG93LmFkc2J5Z29vZ2xlIHx8IFtdKS5wdXNoKHt9KTsgCjwvc2NyaXB0Pgo8L2Rpdj4=<\/script>\n<p><strong>Wroclaw, 28 mai 2025<\/strong> - Lors d'une soir\u00e9e charg\u00e9e d'\u00e9motion et d'importance historique, Chelsea a \u00e9crit une nouvelle page du football europ\u00e9en. Lors de la finale de l'UEFA Conference League 2025, disput\u00e9e au Stadion Wroc\u0142aw de Wroc\u0142aw (Pologne), les Blues ont domin\u00e9 4-1 le Real Betis, remportant un troph\u00e9e qui compl\u00e8te leur collection continentale. Chelsea devient ainsi le premier club \u00e0 avoir remport\u00e9 la Ligue des champions, l'Europa League, la Coupe des vainqueurs de coupe et la Conference League.<\/p><script type=\"text\/plain\" data-tcf=\"waiting-for-consent\" data-id=\"1037\" data-bid=\"1\" data-placement=\"726\">PGRpdiBpZD0iYW1jLTMwOTk4ODM3OSIgY2xhc3M9ImFtYy1wb3N0LWNvbnRlbnQiIHN0eWxlPSJtYXJnaW4tbGVmdDogYXV0bzttYXJnaW4tcmlnaHQ6IGF1dG87dGV4dC1hbGlnbjogY2VudGVyOyI+PHNjcmlwdCBhc3luYyBzcmM9Ii8vcGFnZWFkMi5nb29nbGVzeW5kaWNhdGlvbi5jb20vcGFnZWFkL2pzL2Fkc2J5Z29vZ2xlLmpzP2NsaWVudD1jYS1wdWItNDQwMTE0NTAyNzUzOTExNSIgY3Jvc3NvcmlnaW49ImFub255bW91cyI+PC9zY3JpcHQ+PGlucyBjbGFzcz0iYWRzYnlnb29nbGUiIHN0eWxlPSJkaXNwbGF5OmJsb2NrOyIgZGF0YS1hZC1jbGllbnQ9ImNhLXB1Yi00NDAxMTQ1MDI3NTM5MTE1IiAKZGF0YS1hZC1zbG90PSI4MDIwNTgzNzkzIiAKZGF0YS1hZC1mb3JtYXQ9ImF1dG8iIGRhdGEtZnVsbC13aWR0aC1yZXNwb25zaXZlPSJ0cnVlIj48L2lucz4KPHNjcmlwdD4gCihhZHNieWdvb2dsZSA9IHdpbmRvdy5hZHNieWdvb2dsZSB8fCBbXSkucHVzaCh7fSk7IAo8L3NjcmlwdD4KPC9kaXY+PGJyIHN0eWxlPSJjbGVhcjogYm90aDsgZGlzcGxheTogYmxvY2s7IGZsb2F0OiBub25lOyIvPg==<\/script>\n\n\n\n<h2 class=\"wp-block-heading\"><strong>Une finale digne de la nouvelle Europe du football<\/strong><\/h2>\n\n\n\n<p>La Conference League est n\u00e9e dans le but de valoriser les \u00e9quipes en croissance, et la Conference League 2025 a pleinement atteint son objectif. D'un c\u00f4t\u00e9, le Real Betis, club \u00e0 l'identit\u00e9 forte et en progression constante sur la sc\u00e8ne europ\u00e9enne, et de l'autre, Chelsea, qui conna\u00eet des saisons fluctuantes mais dispose d'un effectif jeune et talentueux.<\/p><script type=\"text\/plain\" data-tcf=\"waiting-for-consent\" data-id=\"1033\" data-bid=\"1\" data-placement=\"985\">PGRpdiBpZD0iYW1jLTI1MTMyMTgwMTAiIGNsYXNzPSJhbWMtbWgtbWlkIj48c2NyaXB0IGFzeW5jIHNyYz0iLy9wYWdlYWQyLmdvb2dsZXN5bmRpY2F0aW9uLmNvbS9wYWdlYWQvanMvYWRzYnlnb29nbGUuanM\/Y2xpZW50PWNhLXB1Yi00NDAxMTQ1MDI3NTM5MTE1IiBjcm9zc29yaWdpbj0iYW5vbnltb3VzIj48L3NjcmlwdD48aW5zIGNsYXNzPSJhZHNieWdvb2dsZSIgc3R5bGU9ImRpc3BsYXk6YmxvY2s7IiBkYXRhLWFkLWNsaWVudD0iY2EtcHViLTQ0MDExNDUwMjc1MzkxMTUiIApkYXRhLWFkLXNsb3Q9IiIgCmRhdGEtYWQtZm9ybWF0PSJhdXRvIiBkYXRhLWZ1bGwtd2lkdGgtcmVzcG9uc2l2ZT0idHJ1ZSI+PC9pbnM+CjxzY3JpcHQ+IAooYWRzYnlnb29nbGUgPSB3aW5kb3cuYWRzYnlnb29nbGUgfHwgW10pLnB1c2goe30pOyAKPC9zY3JpcHQ+CjwvZGl2Pg==<\/script>\n\n\n\n<p>L'ambiance est \u00e9lectrique d\u00e8s le coup d'envoi. Les supporters du Betis, venus d'Espagne, scandent sans cesse pour soutenir leur \u00e9quipe. Et \u00e0 la 12e minute, le rugissement : Isco d\u00e9clenche Ezzalzouli, qui refroidit Petrovic d'une frappe pr\u00e9cise du pied droit. Le Betis l'emporte 1-0 et le r\u00eave vert-et-alg\u00e9rien prend forme.<\/p>\n\n\n\n<h2 class=\"wp-block-heading\"><strong>Chelsea renverse la vapeur en deuxi\u00e8me mi-temps<\/strong><\/h2>\n\n\n\n<p>La premi\u00e8re mi-temps s'est achev\u00e9e sur une avance du Betis, mais la seconde mi-temps a racont\u00e9 une autre histoire. L'entra\u00eeneur de Chelsea a proc\u00e9d\u00e9 \u00e0 deux changements importants : Reece James et Jadon Sancho sont entr\u00e9s en jeu. L'impact est imm\u00e9diat. \u00c0 la 55e minute, Cole Palmer trouvait Enzo Fern\u00e1ndez dans la surface, qui signait le 1-1 d'un geste chirurgical.<\/p>\n\n\n\n<p>C'est \u00e0 ce moment-l\u00e0 que les Bleus ont pris les choses en main. Nicolas Jackson a port\u00e9 le score \u00e0 2-1 \u00e0 la 63e minute, suivi par la prouesse de Sancho \u00e0 la 72e minute. Le but du 4-1 final a \u00e9t\u00e9 marqu\u00e9 par Mois\u00e9s Caicedo, au terme d'une action chorale parfaite. Chelsea a termin\u00e9 le match avec autorit\u00e9 et fiert\u00e9.<\/p>\n\n\n\n<h2 class=\"wp-block-heading\"><strong>Cole Palmer MVP : le visage du nouveau Chelsea<\/strong><\/h2>\n\n\n\n<p>Le prix de l'homme du match est d\u00e9cern\u00e9 \u00e0 <strong>Cole Palmer<\/strong>Il est un protagoniste absolu avec deux passes d\u00e9cisives, un pressing constant et une vision du jeu. L'ancien joueur de Manchester City r\u00e9alise une saison de leader technique et charismatique, incarnant l'esprit renaissant des Blues : jeunes, affam\u00e9s et ambitieux.<\/p>\n\n\n\n<h2 class=\"wp-block-heading\"><strong>Une r\u00e9ussite historique pour Chelsea<\/strong><\/h2>\n\n\n\n<p>Avec cette victoire, Chelsea entre dans l'histoire en devenant <strong>le premier club \u00e0 remporter toutes les comp\u00e9titions de clubs de l'UEFA<\/strong>. Apr\u00e8s les deux Ligues des champions (2012, 2021), les deux Ligues Europa (2013, 2019) et les deux Coupes des vainqueurs de coupe (1971, 1998), le club de Stamford Bridge ajoute \u00e0 son palmar\u00e8s la Conference League.<\/p>\n\n\n\n<p>Un triomphe qui a une saveur particuli\u00e8re, qui intervient dans une saison de transition mais qui ouvre la porte \u00e0 un avenir plein de perspectives, gr\u00e2ce aussi \u00e0 la contribution d'une g\u00e9n\u00e9ration de purs talents.<\/p>\n\n\n\n<h2 class=\"wp-block-heading\"><strong>Le Betis sort la t\u00eate haute<\/strong><\/h2>\n\n\n\n<p>Pour le Real Betis, la d\u00e9ception est grande, mais elle n'efface pas le parcours exceptionnel jusqu'\u00e0 la finale. Isco a montr\u00e9 qu'il \u00e9tait de retour au plus haut niveau, et des jeunes comme Luiz Henrique et Altimira promettent un avenir radieux. L'\u00e9quipe de Pellegrini peut regarder vers l'avenir avec optimisme, consciente d'avoir montr\u00e9 au continent ce qu'elle valait.<\/p>\n\n\n\n<h2 class=\"wp-block-heading\"><strong>Conference League : un tournoi qui valorise le m\u00e9rite<\/strong><\/h2>\n\n\n\n<p>Cette finale est la preuve que la Conference League n'est pas seulement \"la troisi\u00e8me coupe\", mais une \u00e9tape o\u00f9 le m\u00e9rite, la croissance et le jeu offensif sont r\u00e9compens\u00e9s. L'UEFA peut \u00eatre satisfaite : la comp\u00e9tition continue de gagner en attrait, en audience et en qualit\u00e9 technique.<\/p>\n<div class=\"amc-dopo-il-contenuto\" id=\"amc-4147082069\"><script type=\"text\/plain\" data-tcf=\"waiting-for-consent\" data-id=\"1033\" data-bid=\"1\">PGRpdiBpZD0iYW1jLTM4NDg1NDIyODMiPjxzY3JpcHQgYXN5bmMgc3JjPSIvL3BhZ2VhZDIuZ29vZ2xlc3luZGljYXRpb24uY29tL3BhZ2VhZC9qcy9hZHNieWdvb2dsZS5qcz9jbGllbnQ9Y2EtcHViLTQ0MDExNDUwMjc1MzkxMTUiIGNyb3Nzb3JpZ2luPSJhbm9ueW1vdXMiPjwvc2NyaXB0PjxpbnMgY2xhc3M9ImFkc2J5Z29vZ2xlIiBzdHlsZT0iZGlzcGxheTpibG9jazsiIGRhdGEtYWQtY2xpZW50PSJjYS1wdWItNDQwMTE0NTAyNzUzOTExNSIgCmRhdGEtYWQtc2xvdD0iIiAKZGF0YS1hZC1mb3JtYXQ9ImF1dG8iIGRhdGEtZnVsbC13aWR0aC1yZXNwb25zaXZlPSJ0cnVlIj48L2lucz4KPHNjcmlwdD4gCihhZHNieWdvb2dsZSA9IHdpbmRvdy5hZHNieWdvb2dsZSB8fCBbXSkucHVzaCh7fSk7IAo8L3NjcmlwdD4KPC9kaXY+<\/script><\/div>","protected":false},"excerpt":{"rendered":"<p>Breslavia, 28 maggio 2025 \u2013 In una notte carica di emozioni e significati storici, il Chelsea ha scritto una nuova pagina del calcio europeo. Nella finale della UEFA Conference League 2025, disputata allo Stadion Wroc\u0142aw di Breslavia (Polonia), i Blues hanno dominato per 4-1 contro il Real Betis, conquistando cos\u00ec un trofeo che completa la [&hellip;]<\/p>","protected":false},"author":3,"featured_media":506,"comment_status":"open","ping_status":"open","sticky":false,"template":"","format":"standard","meta":{"_acf_changed":false,"footnotes":""},"categories":[1],"tags":[],"class_list":["post-505","post","type-post","status-publish","format-standard","has-post-thumbnail","hentry","category-notizie-e-aggiornamenti"],"acf":[],"_links":{"self":[{"href":"https:\/\/aspettandomilanocortina2026.it\/fr\/wp-json\/wp\/v2\/posts\/505","targetHints":{"allow":["GET"]}}],"collection":[{"href":"https:\/\/aspettandomilanocortina2026.it\/fr\/wp-json\/wp\/v2\/posts"}],"about":[{"href":"https:\/\/aspettandomilanocortina2026.it\/fr\/wp-json\/wp\/v2\/types\/post"}],"author":[{"embeddable":true,"href":"https:\/\/aspettandomilanocortina2026.it\/fr\/wp-json\/wp\/v2\/users\/3"}],"replies":[{"embeddable":true,"href":"https:\/\/aspettandomilanocortina2026.it\/fr\/wp-json\/wp\/v2\/comments?post=505"}],"version-history":[{"count":1,"href":"https:\/\/aspettandomilanocortina2026.it\/fr\/wp-json\/wp\/v2\/posts\/505\/revisions"}],"predecessor-version":[{"id":507,"href":"https:\/\/aspettandomilanocortina2026.it\/fr\/wp-json\/wp\/v2\/posts\/505\/revisions\/507"}],"wp:featuredmedia":[{"embeddable":true,"href":"https:\/\/aspettandomilanocortina2026.it\/fr\/wp-json\/wp\/v2\/media\/506"}],"wp:attachment":[{"href":"https:\/\/aspettandomilanocortina2026.it\/fr\/wp-json\/wp\/v2\/media?parent=505"}],"wp:term":[{"taxonomy":"category","embeddable":true,"href":"https:\/\/aspettandomilanocortina2026.it\/fr\/wp-json\/wp\/v2\/categories?post=505"},{"taxonomy":"post_tag","embeddable":true,"href":"https:\/\/aspettandomilanocortina2026.it\/fr\/wp-json\/wp\/v2\/tags?post=505"}],"curies":[{"name":"wp","href":"https:\/\/api.w.org\/{rel}","templated":true}]}}