{"id":498,"date":"2025-05-29T09:36:26","date_gmt":"2025-05-29T08:36:26","guid":{"rendered":"https:\/\/aspettandomilanocortina2026.it\/?p=498"},"modified":"2025-05-29T10:39:49","modified_gmt":"2025-05-29T09:39:49","slug":"fenerbahce-triomphe-dans-le-dernier-carre-de-leuroleague-2025-une-nuit-historique-a-abu-dhabi","status":"publish","type":"post","link":"https:\/\/aspettandomilanocortina2026.it\/fr\/fenerbahce-triomphe-dans-le-dernier-carre-de-leuroleague-2025-une-nuit-historique-a-abu-dhabi\/","title":{"rendered":"Fenerbah\u00e7e triomphe dans le Final Four de l'Euroleague 2025 : une nuit historique \u00e0 Abu Dhabi"},"content":{"rendered":"<script type=\"text\/plain\" data-tcf=\"waiting-for-consent\" data-id=\"1033\" data-bid=\"1\" data-placement=\"1034\">PGRpdiBpZD0iYW1jLTI4MTkxNTc5OTUiIGNsYXNzPSJhbWMtcHJpbWEtZGVsLWNvbnRlbnV0byI+PHNjcmlwdCBhc3luYyBzcmM9Ii8vcGFnZWFkMi5nb29nbGVzeW5kaWNhdGlvbi5jb20vcGFnZWFkL2pzL2Fkc2J5Z29vZ2xlLmpzP2NsaWVudD1jYS1wdWItNDQwMTE0NTAyNzUzOTExNSIgY3Jvc3NvcmlnaW49ImFub255bW91cyI+PC9zY3JpcHQ+PGlucyBjbGFzcz0iYWRzYnlnb29nbGUiIHN0eWxlPSJkaXNwbGF5OmJsb2NrOyIgZGF0YS1hZC1jbGllbnQ9ImNhLXB1Yi00NDAxMTQ1MDI3NTM5MTE1IiAKZGF0YS1hZC1zbG90PSIiIApkYXRhLWFkLWZvcm1hdD0iYXV0byIgZGF0YS1mdWxsLXdpZHRoLXJlc3BvbnNpdmU9InRydWUiPjwvaW5zPgo8c2NyaXB0PiAKKGFkc2J5Z29vZ2xlID0gd2luZG93LmFkc2J5Z29vZ2xlIHx8IFtdKS5wdXNoKHt9KTsgCjwvc2NyaXB0Pgo8L2Rpdj4=<\/script>\n<p>Le 25 mai 2025, l'Etihad Arena d'Abu Dhabi a accueilli une finale d'Euroligue sans pr\u00e9c\u00e9dent : pour la premi\u00e8re fois, l'acte final de la plus grande comp\u00e9tition europ\u00e9enne s'est d\u00e9roul\u00e9 en dehors du continent. Dans ce cadre impressionnant, Fenerbah\u00e7e a remport\u00e9 son deuxi\u00e8me titre europ\u00e9en en battant l'AS Monaco sur le score de 81 \u00e0 70.<\/p><script type=\"text\/plain\" data-tcf=\"waiting-for-consent\" data-id=\"1037\" data-bid=\"1\" data-placement=\"726\">PGRpdiBpZD0iYW1jLTE2MTA1NDI5NzEiIGNsYXNzPSJhbWMtcG9zdC1jb250ZW50IiBzdHlsZT0ibWFyZ2luLWxlZnQ6IGF1dG87bWFyZ2luLXJpZ2h0OiBhdXRvO3RleHQtYWxpZ246IGNlbnRlcjsiPjxzY3JpcHQgYXN5bmMgc3JjPSIvL3BhZ2VhZDIuZ29vZ2xlc3luZGljYXRpb24uY29tL3BhZ2VhZC9qcy9hZHNieWdvb2dsZS5qcz9jbGllbnQ9Y2EtcHViLTQ0MDExNDUwMjc1MzkxMTUiIGNyb3Nzb3JpZ2luPSJhbm9ueW1vdXMiPjwvc2NyaXB0PjxpbnMgY2xhc3M9ImFkc2J5Z29vZ2xlIiBzdHlsZT0iZGlzcGxheTpibG9jazsiIGRhdGEtYWQtY2xpZW50PSJjYS1wdWItNDQwMTE0NTAyNzUzOTExNSIgCmRhdGEtYWQtc2xvdD0iODAyMDU4Mzc5MyIgCmRhdGEtYWQtZm9ybWF0PSJhdXRvIiBkYXRhLWZ1bGwtd2lkdGgtcmVzcG9uc2l2ZT0idHJ1ZSI+PC9pbnM+CjxzY3JpcHQ+IAooYWRzYnlnb29nbGUgPSB3aW5kb3cuYWRzYnlnb29nbGUgfHwgW10pLnB1c2goe30pOyAKPC9zY3JpcHQ+CjwvZGl2PjxiciBzdHlsZT0iY2xlYXI6IGJvdGg7IGRpc3BsYXk6IGJsb2NrOyBmbG9hdDogbm9uZTsiLz4=<\/script>\n\n\n\n<h2 class=\"wp-block-heading\"><strong>Une finale intense et disput\u00e9e<\/strong><\/h2>\n\n\n\n<p>Le match a commenc\u00e9 sur un rythme rapide, Monaco prenant l'avantage gr\u00e2ce \u00e0 Mike James et Alpha Diallo, terminant le premier quart-temps avec une avance de 20-18. Dans la deuxi\u00e8me p\u00e9riode, Fenerbah\u00e7e a r\u00e9pondu avec d\u00e9termination, men\u00e9 par Devon Hall, r\u00e9ussissant \u00e0 terminer la premi\u00e8re mi-temps avec une avance de 35-33.<\/p><script type=\"text\/plain\" data-tcf=\"waiting-for-consent\" data-id=\"1033\" data-bid=\"1\" data-placement=\"985\">PGRpdiBpZD0iYW1jLTE2MzQ4MjUyMTgiIGNsYXNzPSJhbWMtbWgtbWlkIj48c2NyaXB0IGFzeW5jIHNyYz0iLy9wYWdlYWQyLmdvb2dsZXN5bmRpY2F0aW9uLmNvbS9wYWdlYWQvanMvYWRzYnlnb29nbGUuanM\/Y2xpZW50PWNhLXB1Yi00NDAxMTQ1MDI3NTM5MTE1IiBjcm9zc29yaWdpbj0iYW5vbnltb3VzIj48L3NjcmlwdD48aW5zIGNsYXNzPSJhZHNieWdvb2dsZSIgc3R5bGU9ImRpc3BsYXk6YmxvY2s7IiBkYXRhLWFkLWNsaWVudD0iY2EtcHViLTQ0MDExNDUwMjc1MzkxMTUiIApkYXRhLWFkLXNsb3Q9IiIgCmRhdGEtYWQtZm9ybWF0PSJhdXRvIiBkYXRhLWZ1bGwtd2lkdGgtcmVzcG9uc2l2ZT0idHJ1ZSI+PC9pbnM+CjxzY3JpcHQ+IAooYWRzYnlnb29nbGUgPSB3aW5kb3cuYWRzYnlnb29nbGUgfHwgW10pLnB1c2goe30pOyAKPC9zY3JpcHQ+CjwvZGl2Pg==<\/script>\n\n\n\n<p>Le troisi\u00e8me quart-temps a vu une alternance continue du score, mais c'est dans la quatri\u00e8me p\u00e9riode que Fenerbah\u00e7e a pris l'avantage, gr\u00e2ce \u00e0 une s\u00e9rie de 11-0 aliment\u00e9e par les triples de Wade Baldwin et les jeux d'Errick McCollum. Monaco a tent\u00e9 de r\u00e9agir, mais la d\u00e9fense turque a tenu bon, assurant la victoire finale.<\/p>\n\n\n\n<h2 class=\"wp-block-heading\"><strong>Hayes-Davis Final Four MVP<\/strong><\/h2>\n\n\n\n<p>Nigel Hayes-Davis a \u00e9t\u00e9 d\u00e9sign\u00e9 MVP du Final Four, gr\u00e2ce \u00e0 une performance de 23 points, 9 rebonds et 2 r\u00e9cup\u00e9rations en finale. Malgr\u00e9 une soir\u00e9e en demi-teinte sur le terrain (4 sur 13), sa pr\u00e9cision sur la ligne des lancers francs (14 sur 14) et son leadership sur le terrain ont \u00e9t\u00e9 d\u00e9cisifs pour le succ\u00e8s de Fenerbah\u00e7e.<\/p>\n\n\n\n<h2 class=\"wp-block-heading\"><strong>Jasikevicius entre dans l'histoire<\/strong><\/h2>\n\n\n\n<p>L'entra\u00eeneur Sarunas Jasikevicius a franchi une \u00e9tape historique en devenant la quatri\u00e8me personne \u00e0 remporter l'Euroligue \u00e0 la fois en tant que joueur et en tant qu'entra\u00eeneur. Apr\u00e8s quatre titres en tant que joueur, il a remport\u00e9 son premier titre en tant qu'entra\u00eeneur, couronnant un parcours qui a d\u00e9but\u00e9 en d\u00e9cembre 2023 \u00e0 la t\u00eate de Fenerbah\u00e7e .<\/p>\n\n\n\n<h2 class=\"wp-block-heading\"><strong>Un \u00e9v\u00e9nement historique \u00e0 Abu Dhabi<\/strong><\/h2>\n\n\n\n<p>Le choix d'Abu Dhabi pour accueillir le Final Four 2025 a marqu\u00e9 un tournant historique pour l'Euroligue, repr\u00e9sentant une \u00e9tape importante dans la strat\u00e9gie d'expansion mondiale de la comp\u00e9tition. L'\u00e9v\u00e9nement a offert une nouvelle exp\u00e9rience aux supporters et a permis de montrer l'atmosph\u00e8re du tournoi \u00e0 un public diversifi\u00e9. En conclusion, le Final Four 2025 n'\u00e9tait pas seulement une c\u00e9l\u00e9bration du basket-ball europ\u00e9en, mais aussi un symbole de l'\u00e9volution et de l'expansion de ce sport \u00e0 l'\u00e9chelle mondiale.<\/p>\n<div class=\"amc-dopo-il-contenuto\" id=\"amc-3885167591\"><script type=\"text\/plain\" data-tcf=\"waiting-for-consent\" data-id=\"1033\" data-bid=\"1\">PGRpdiBpZD0iYW1jLTM1NjE3MDAyOTEiPjxzY3JpcHQgYXN5bmMgc3JjPSIvL3BhZ2VhZDIuZ29vZ2xlc3luZGljYXRpb24uY29tL3BhZ2VhZC9qcy9hZHNieWdvb2dsZS5qcz9jbGllbnQ9Y2EtcHViLTQ0MDExNDUwMjc1MzkxMTUiIGNyb3Nzb3JpZ2luPSJhbm9ueW1vdXMiPjwvc2NyaXB0PjxpbnMgY2xhc3M9ImFkc2J5Z29vZ2xlIiBzdHlsZT0iZGlzcGxheTpibG9jazsiIGRhdGEtYWQtY2xpZW50PSJjYS1wdWItNDQwMTE0NTAyNzUzOTExNSIgCmRhdGEtYWQtc2xvdD0iIiAKZGF0YS1hZC1mb3JtYXQ9ImF1dG8iIGRhdGEtZnVsbC13aWR0aC1yZXNwb25zaXZlPSJ0cnVlIj48L2lucz4KPHNjcmlwdD4gCihhZHNieWdvb2dsZSA9IHdpbmRvdy5hZHNieWdvb2dsZSB8fCBbXSkucHVzaCh7fSk7IAo8L3NjcmlwdD4KPC9kaXY+<\/script><\/div>","protected":false},"excerpt":{"rendered":"<p>Il 25 maggio 2025, la Etihad Arena di Abu Dhabi ha ospitato una finale di Eurolega senza precedenti: per la prima volta, l&#8217;atto conclusivo della massima competizione europea si \u00e8 svolto fuori dal continente. In questa cornice suggestiva, il Fenerbah\u00e7e ha conquistato il suo secondo titolo europeo, superando l&#8217;AS Monaco con il punteggio di 81-70 [&hellip;]<\/p>","protected":false},"author":3,"featured_media":499,"comment_status":"open","ping_status":"open","sticky":false,"template":"","format":"standard","meta":{"_acf_changed":false,"footnotes":""},"categories":[1],"tags":[],"class_list":["post-498","post","type-post","status-publish","format-standard","has-post-thumbnail","hentry","category-notizie-e-aggiornamenti"],"acf":[],"_links":{"self":[{"href":"https:\/\/aspettandomilanocortina2026.it\/fr\/wp-json\/wp\/v2\/posts\/498","targetHints":{"allow":["GET"]}}],"collection":[{"href":"https:\/\/aspettandomilanocortina2026.it\/fr\/wp-json\/wp\/v2\/posts"}],"about":[{"href":"https:\/\/aspettandomilanocortina2026.it\/fr\/wp-json\/wp\/v2\/types\/post"}],"author":[{"embeddable":true,"href":"https:\/\/aspettandomilanocortina2026.it\/fr\/wp-json\/wp\/v2\/users\/3"}],"replies":[{"embeddable":true,"href":"https:\/\/aspettandomilanocortina2026.it\/fr\/wp-json\/wp\/v2\/comments?post=498"}],"version-history":[{"count":2,"href":"https:\/\/aspettandomilanocortina2026.it\/fr\/wp-json\/wp\/v2\/posts\/498\/revisions"}],"predecessor-version":[{"id":504,"href":"https:\/\/aspettandomilanocortina2026.it\/fr\/wp-json\/wp\/v2\/posts\/498\/revisions\/504"}],"wp:featuredmedia":[{"embeddable":true,"href":"https:\/\/aspettandomilanocortina2026.it\/fr\/wp-json\/wp\/v2\/media\/499"}],"wp:attachment":[{"href":"https:\/\/aspettandomilanocortina2026.it\/fr\/wp-json\/wp\/v2\/media?parent=498"}],"wp:term":[{"taxonomy":"category","embeddable":true,"href":"https:\/\/aspettandomilanocortina2026.it\/fr\/wp-json\/wp\/v2\/categories?post=498"},{"taxonomy":"post_tag","embeddable":true,"href":"https:\/\/aspettandomilanocortina2026.it\/fr\/wp-json\/wp\/v2\/tags?post=498"}],"curies":[{"name":"wp","href":"https:\/\/api.w.org\/{rel}","templated":true}]}}