{"id":489,"date":"2025-05-23T12:58:54","date_gmt":"2025-05-23T11:58:54","guid":{"rendered":"https:\/\/aspettandomilanocortina2026.it\/?p=489"},"modified":"2025-05-23T12:59:04","modified_gmt":"2025-05-23T11:59:04","slug":"histoires-de-redemption-paralympique-quand-le-sport-change-la-vie","status":"publish","type":"post","link":"https:\/\/aspettandomilanocortina2026.it\/fr\/histoires-de-redemption-paralympique-quand-le-sport-change-la-vie\/","title":{"rendered":"Histoires de r\u00e9demption paralympique : quand le sport change la vie"},"content":{"rendered":"<script type=\"text\/plain\" data-tcf=\"waiting-for-consent\" data-id=\"1033\" data-bid=\"1\" data-placement=\"1034\">PGRpdiBpZD0iYW1jLTM0MTExOTI2ODUiIGNsYXNzPSJhbWMtcHJpbWEtZGVsLWNvbnRlbnV0byI+PHNjcmlwdCBhc3luYyBzcmM9Ii8vcGFnZWFkMi5nb29nbGVzeW5kaWNhdGlvbi5jb20vcGFnZWFkL2pzL2Fkc2J5Z29vZ2xlLmpzP2NsaWVudD1jYS1wdWItNDQwMTE0NTAyNzUzOTExNSIgY3Jvc3NvcmlnaW49ImFub255bW91cyI+PC9zY3JpcHQ+PGlucyBjbGFzcz0iYWRzYnlnb29nbGUiIHN0eWxlPSJkaXNwbGF5OmJsb2NrOyIgZGF0YS1hZC1jbGllbnQ9ImNhLXB1Yi00NDAxMTQ1MDI3NTM5MTE1IiAKZGF0YS1hZC1zbG90PSIiIApkYXRhLWFkLWZvcm1hdD0iYXV0byIgZGF0YS1mdWxsLXdpZHRoLXJlc3BvbnNpdmU9InRydWUiPjwvaW5zPgo8c2NyaXB0PiAKKGFkc2J5Z29vZ2xlID0gd2luZG93LmFkc2J5Z29vZ2xlIHx8IFtdKS5wdXNoKHt9KTsgCjwvc2NyaXB0Pgo8L2Rpdj4=<\/script>\n<p>Il existe un espace, \u00e0 la fronti\u00e8re entre la d\u00e9termination et les r\u00eaves, o\u00f9 les barri\u00e8res tombent et les limites deviennent des horizons : c'est l\u00e0 qu'\u00e9volue l'esprit paralympique. Derri\u00e8re chaque m\u00e9daille, derri\u00e8re chaque ligne d'arriv\u00e9e franchie les larmes aux yeux et les muscles tendus par l'effort, il y a une histoire. Une histoire de r\u00e9demption. De courage. De renaissance.<\/p><script type=\"text\/plain\" data-tcf=\"waiting-for-consent\" data-id=\"1037\" data-bid=\"1\" data-placement=\"726\">PGRpdiBpZD0iYW1jLTIyMDQ5Mjc4MTIiIGNsYXNzPSJhbWMtcG9zdC1jb250ZW50IiBzdHlsZT0ibWFyZ2luLWxlZnQ6IGF1dG87bWFyZ2luLXJpZ2h0OiBhdXRvO3RleHQtYWxpZ246IGNlbnRlcjsiPjxzY3JpcHQgYXN5bmMgc3JjPSIvL3BhZ2VhZDIuZ29vZ2xlc3luZGljYXRpb24uY29tL3BhZ2VhZC9qcy9hZHNieWdvb2dsZS5qcz9jbGllbnQ9Y2EtcHViLTQ0MDExNDUwMjc1MzkxMTUiIGNyb3Nzb3JpZ2luPSJhbm9ueW1vdXMiPjwvc2NyaXB0PjxpbnMgY2xhc3M9ImFkc2J5Z29vZ2xlIiBzdHlsZT0iZGlzcGxheTpibG9jazsiIGRhdGEtYWQtY2xpZW50PSJjYS1wdWItNDQwMTE0NTAyNzUzOTExNSIgCmRhdGEtYWQtc2xvdD0iODAyMDU4Mzc5MyIgCmRhdGEtYWQtZm9ybWF0PSJhdXRvIiBkYXRhLWZ1bGwtd2lkdGgtcmVzcG9uc2l2ZT0idHJ1ZSI+PC9pbnM+CjxzY3JpcHQ+IAooYWRzYnlnb29nbGUgPSB3aW5kb3cuYWRzYnlnb29nbGUgfHwgW10pLnB1c2goe30pOyAKPC9zY3JpcHQ+CjwvZGl2PjxiciBzdHlsZT0iY2xlYXI6IGJvdGg7IGRpc3BsYXk6IGJsb2NrOyBmbG9hdDogbm9uZTsiLz4=<\/script>\n\n\n\n<p><strong>Le pouvoir transformateur du sport paralympique<\/strong><\/p><script type=\"text\/plain\" data-tcf=\"waiting-for-consent\" data-id=\"1033\" data-bid=\"1\" data-placement=\"985\">PGRpdiBpZD0iYW1jLTI3OTY4MzQ1NDAiIGNsYXNzPSJhbWMtbWgtbWlkIj48c2NyaXB0IGFzeW5jIHNyYz0iLy9wYWdlYWQyLmdvb2dsZXN5bmRpY2F0aW9uLmNvbS9wYWdlYWQvanMvYWRzYnlnb29nbGUuanM\/Y2xpZW50PWNhLXB1Yi00NDAxMTQ1MDI3NTM5MTE1IiBjcm9zc29yaWdpbj0iYW5vbnltb3VzIj48L3NjcmlwdD48aW5zIGNsYXNzPSJhZHNieWdvb2dsZSIgc3R5bGU9ImRpc3BsYXk6YmxvY2s7IiBkYXRhLWFkLWNsaWVudD0iY2EtcHViLTQ0MDExNDUwMjc1MzkxMTUiIApkYXRhLWFkLXNsb3Q9IiIgCmRhdGEtYWQtZm9ybWF0PSJhdXRvIiBkYXRhLWZ1bGwtd2lkdGgtcmVzcG9uc2l2ZT0idHJ1ZSI+PC9pbnM+CjxzY3JpcHQ+IAooYWRzYnlnb29nbGUgPSB3aW5kb3cuYWRzYnlnb29nbGUgfHwgW10pLnB1c2goe30pOyAKPC9zY3JpcHQ+CjwvZGl2Pg==<\/script>\n\n\n\n<p>Le sport paralympique n'est pas une simple comp\u00e9tition. C'est un acte d'affirmation personnelle, une forme de r\u00e9sistance. Pour de nombreux athl\u00e8tes, c'est le moyen de se retrouver apr\u00e8s un traumatisme, une maladie ou une condition que la soci\u00e9t\u00e9 a encore tendance \u00e0 consid\u00e9rer comme une limitation.<\/p>\n\n\n\n<p>Dans des disciplines telles que <strong>Ski alpin paralympique<\/strong>les <strong>para hockey sur glace<\/strong> ou le <strong>Biathlon paralympique<\/strong>nous voyons des athl\u00e8tes qui ne se contentent pas de concourir, mais qui remettent en question tout un r\u00e9cit culturel. Ils montrent que le corps peut s'adapter, se r\u00e9inventer et que la force la plus puissante r\u00e9side dans l'esprit.<\/p>\n\n\n\n<p><strong>Des histoires qui inspirent le monde<\/strong><\/p>\n\n\n\n<p><strong>Sofia, la championne de snowboard<\/strong><\/p>\n\n\n\n<p>Sofia, 28 ans, a perdu sa jambe droite dans un accident de voiture. Apr\u00e8s des mois de physioth\u00e9rapie et de d\u00e9pression, elle est mont\u00e9e pour la premi\u00e8re fois sur un snowboard. Aujourd'hui, elle fait partie des favoris pour Milan Cortina 2026 dans la cat\u00e9gorie <strong>Snowboard paralympique<\/strong>. \"Au d\u00e9but, je pensais que je n'avais plus d'avenir\", raconte-t-il. \"Puis j'ai r\u00e9alis\u00e9 que je devais simplement changer de point de vue\".<\/p>\n\n\n\n<p><strong>Ahmed et le ski de fond<\/strong><\/p>\n\n\n\n<p>Ahmed est arriv\u00e9 en Italie en tant que r\u00e9fugi\u00e9. Apr\u00e8s avoir perdu l'usage de ses jambes \u00e0 cause d'une mine antipersonnel, il a \u00e9t\u00e9 pris en charge par une association sportive. Il a d\u00e9couvert le <strong>Ski de fond paralympique<\/strong> et aujourd'hui, il s'entra\u00eene sur les pentes du Val di Fiemme, pr\u00eat \u00e0 repr\u00e9senter fi\u00e8rement un nouveau pays.<\/p>\n\n\n\n<p><strong>Luca et la r\u00e9demption de l'\u00e9quipe<\/strong><\/p>\n\n\n\n<p>Luca, n\u00e9 avec une malformation des membres inf\u00e9rieurs, est l'un des piliers de l'association. <strong>Hockey sur glace para italien<\/strong>. \u00c0 l'\u00e2ge de 16 ans, il \u00e9tait un paria, sans sport ni amis. Aujourd'hui, \u00e0 l'\u00e2ge de 30 ans, il est un drapeau national. \"La piti\u00e9 ne m'int\u00e9resse pas. Je veux du respect. Et sur la glace, je l'obtiens.<\/p>\n\n\n\n<p><strong>Le r\u00f4le des Jeux Paralympiques Milan Cortina 2026<\/strong><\/p>\n\n\n\n<p>Les Jeux paralympiques de <strong>Milan Cortina 2026<\/strong> repr\u00e9sentent bien plus qu'un \u00e9v\u00e9nement sportif. Ils sont une c\u00e9l\u00e9bration du talent, de l'int\u00e9gration et de la force int\u00e9rieure. En Italie, le mouvement paralympique se d\u00e9veloppe, en partie gr\u00e2ce au soutien des \u00e9coles, des organismes sportifs et des m\u00e9dias, qui commencent \u00e0 raconter ces histoires sur le bon ton : non pas comme des \"miracles\", mais comme de v\u00e9ritables parcours faits de travail acharn\u00e9, de sueur, de chutes et de red\u00e9marrages.<\/p>\n\n\n\n<p>Les installations seront enti\u00e8rement accessibles, les villages olympiques seront con\u00e7us pour r\u00e9pondre \u00e0 tous les besoins et la couverture m\u00e9diatique sera \u00e0 la hauteur de l'enthousiasme suscit\u00e9 par la comp\u00e9tition.<\/p>\n\n\n\n<p><strong>Comment soutenir et participer<\/strong><\/p>\n\n\n\n<ul class=\"wp-block-list\">\n<li>Vous pouvez <strong>devenir b\u00e9n\u00e9vole<\/strong> pour les Jeux paralympiques de 2026 : l'une des exp\u00e9riences les plus humaines et les plus significatives, o\u00f9 l'on peut faire partie du changement.<\/li>\n\n\n\n<li>Vous pouvez <strong>suivre les courses<\/strong>acheter des billets et soutenir les athl\u00e8tes directement dans les tribunes.<\/li>\n\n\n\n<li>Vous pouvez <strong>diffuser leurs histoires<\/strong>\u00e9duquer les amis, les \u00e9tudiants et les coll\u00e8gues \u00e0 la culture de l'inclusion par le sport.<\/li>\n<\/ul>\n\n\n\n<p><strong>Au-del\u00e0 de la course : un message universel<\/strong><\/p>\n\n\n\n<p>Chaque athl\u00e8te paralympique est un t\u00e9moin de la r\u00e9silience. Ils nous rappellent que les \u00eatres humains peuvent s'\u00e9panouir \u00e0 nouveau, m\u00eame apr\u00e8s la plus grande douleur. Leurs histoires sont des phares dans une p\u00e9riode souvent sombre, et Milan Cortina 2026 sera la sc\u00e8ne parfaite pour les montrer au monde. <strong>Car le vrai triomphe n'est pas seulement de gagner l'or, mais de rena\u00eetre alors que cela semblait impossible.<\/strong><\/p>\n<div class=\"amc-dopo-il-contenuto\" id=\"amc-1846205199\"><script type=\"text\/plain\" data-tcf=\"waiting-for-consent\" data-id=\"1033\" data-bid=\"1\">PGRpdiBpZD0iYW1jLTMwNTcyNDg0NDgiPjxzY3JpcHQgYXN5bmMgc3JjPSIvL3BhZ2VhZDIuZ29vZ2xlc3luZGljYXRpb24uY29tL3BhZ2VhZC9qcy9hZHNieWdvb2dsZS5qcz9jbGllbnQ9Y2EtcHViLTQ0MDExNDUwMjc1MzkxMTUiIGNyb3Nzb3JpZ2luPSJhbm9ueW1vdXMiPjwvc2NyaXB0PjxpbnMgY2xhc3M9ImFkc2J5Z29vZ2xlIiBzdHlsZT0iZGlzcGxheTpibG9jazsiIGRhdGEtYWQtY2xpZW50PSJjYS1wdWItNDQwMTE0NTAyNzUzOTExNSIgCmRhdGEtYWQtc2xvdD0iIiAKZGF0YS1hZC1mb3JtYXQ9ImF1dG8iIGRhdGEtZnVsbC13aWR0aC1yZXNwb25zaXZlPSJ0cnVlIj48L2lucz4KPHNjcmlwdD4gCihhZHNieWdvb2dsZSA9IHdpbmRvdy5hZHNieWdvb2dsZSB8fCBbXSkucHVzaCh7fSk7IAo8L3NjcmlwdD4KPC9kaXY+<\/script><\/div>","protected":false},"excerpt":{"rendered":"<p>C\u2019\u00e8 uno spazio, al confine tra determinazione e sogno, dove le barriere si spezzano e i limiti diventano orizzonti: \u00e8 l\u00ec che si muove lo spirito paralimpico. Dietro ogni medaglia, dietro ogni traguardo tagliato con le lacrime agli occhi e i muscoli tesi dallo sforzo, c\u2019\u00e8 una storia. Una storia di riscatto. Di coraggio. Di [&hellip;]<\/p>","protected":false},"author":3,"featured_media":490,"comment_status":"open","ping_status":"open","sticky":false,"template":"","format":"standard","meta":{"_acf_changed":false,"footnotes":""},"categories":[9,2,1],"tags":[],"class_list":["post-489","post","type-post","status-publish","format-standard","has-post-thumbnail","hentry","category-paralimpiadi","category-atleti-e-squadre","category-notizie-e-aggiornamenti"],"acf":[],"_links":{"self":[{"href":"https:\/\/aspettandomilanocortina2026.it\/fr\/wp-json\/wp\/v2\/posts\/489","targetHints":{"allow":["GET"]}}],"collection":[{"href":"https:\/\/aspettandomilanocortina2026.it\/fr\/wp-json\/wp\/v2\/posts"}],"about":[{"href":"https:\/\/aspettandomilanocortina2026.it\/fr\/wp-json\/wp\/v2\/types\/post"}],"author":[{"embeddable":true,"href":"https:\/\/aspettandomilanocortina2026.it\/fr\/wp-json\/wp\/v2\/users\/3"}],"replies":[{"embeddable":true,"href":"https:\/\/aspettandomilanocortina2026.it\/fr\/wp-json\/wp\/v2\/comments?post=489"}],"version-history":[{"count":3,"href":"https:\/\/aspettandomilanocortina2026.it\/fr\/wp-json\/wp\/v2\/posts\/489\/revisions"}],"predecessor-version":[{"id":497,"href":"https:\/\/aspettandomilanocortina2026.it\/fr\/wp-json\/wp\/v2\/posts\/489\/revisions\/497"}],"wp:featuredmedia":[{"embeddable":true,"href":"https:\/\/aspettandomilanocortina2026.it\/fr\/wp-json\/wp\/v2\/media\/490"}],"wp:attachment":[{"href":"https:\/\/aspettandomilanocortina2026.it\/fr\/wp-json\/wp\/v2\/media?parent=489"}],"wp:term":[{"taxonomy":"category","embeddable":true,"href":"https:\/\/aspettandomilanocortina2026.it\/fr\/wp-json\/wp\/v2\/categories?post=489"},{"taxonomy":"post_tag","embeddable":true,"href":"https:\/\/aspettandomilanocortina2026.it\/fr\/wp-json\/wp\/v2\/tags?post=489"}],"curies":[{"name":"wp","href":"https:\/\/api.w.org\/{rel}","templated":true}]}}