{"id":483,"date":"2025-05-22T13:10:10","date_gmt":"2025-05-22T12:10:10","guid":{"rendered":"https:\/\/aspettandomilanocortina2026.it\/?p=483"},"modified":"2025-05-22T13:36:48","modified_gmt":"2025-05-22T12:36:48","slug":"milan-cortina-2026-mascotte-lhistoire-des-deux-coeurs-de-glace-qui-racontent-lavenir","status":"publish","type":"post","link":"https:\/\/aspettandomilanocortina2026.it\/fr\/milan-cortina-2026-mascotte-lhistoire-des-deux-coeurs-de-glace-qui-racontent-lavenir\/","title":{"rendered":"Mascotte Milan Cortina 2026 : l'histoire des deux c\u0153urs de glace qui racontent l'avenir"},"content":{"rendered":"<script type=\"text\/plain\" data-tcf=\"waiting-for-consent\" data-id=\"1033\" data-bid=\"1\" data-placement=\"1034\">PGRpdiBpZD0iYW1jLTI5OTgyMzA3NTUiIGNsYXNzPSJhbWMtcHJpbWEtZGVsLWNvbnRlbnV0byI+PHNjcmlwdCBhc3luYyBzcmM9Ii8vcGFnZWFkMi5nb29nbGVzeW5kaWNhdGlvbi5jb20vcGFnZWFkL2pzL2Fkc2J5Z29vZ2xlLmpzP2NsaWVudD1jYS1wdWItNDQwMTE0NTAyNzUzOTExNSIgY3Jvc3NvcmlnaW49ImFub255bW91cyI+PC9zY3JpcHQ+PGlucyBjbGFzcz0iYWRzYnlnb29nbGUiIHN0eWxlPSJkaXNwbGF5OmJsb2NrOyIgZGF0YS1hZC1jbGllbnQ9ImNhLXB1Yi00NDAxMTQ1MDI3NTM5MTE1IiAKZGF0YS1hZC1zbG90PSIiIApkYXRhLWFkLWZvcm1hdD0iYXV0byIgZGF0YS1mdWxsLXdpZHRoLXJlc3BvbnNpdmU9InRydWUiPjwvaW5zPgo8c2NyaXB0PiAKKGFkc2J5Z29vZ2xlID0gd2luZG93LmFkc2J5Z29vZ2xlIHx8IFtdKS5wdXNoKHt9KTsgCjwvc2NyaXB0Pgo8L2Rpdj4=<\/script>\n<p>Les Jeux olympiques et paralympiques, ce n'est pas seulement du sport, des m\u00e9dailles et des records : c'est aussi de l'\u00e9motion, des symboles et de l'identit\u00e9. Et parmi ceux-ci, le <strong>mascotte<\/strong> occupent une place particuli\u00e8re. Pour les <strong>Milan Cortina 2026<\/strong>Le b\u00e2ton du conte olympique a \u00e9t\u00e9 confi\u00e9 \u00e0 deux personnages aussi simples que puissants : <strong>Tina et Milo<\/strong>, <strong>deux c\u0153urs de glace<\/strong> qui repr\u00e9sentent l'\u00e2me des Jeux italiens.<\/p><script type=\"text\/plain\" data-tcf=\"waiting-for-consent\" data-id=\"1037\" data-bid=\"1\" data-placement=\"726\">PGRpdiBpZD0iYW1jLTU1NzAxNDI3OSIgY2xhc3M9ImFtYy1wb3N0LWNvbnRlbnQiIHN0eWxlPSJtYXJnaW4tbGVmdDogYXV0bzttYXJnaW4tcmlnaHQ6IGF1dG87dGV4dC1hbGlnbjogY2VudGVyOyI+PHNjcmlwdCBhc3luYyBzcmM9Ii8vcGFnZWFkMi5nb29nbGVzeW5kaWNhdGlvbi5jb20vcGFnZWFkL2pzL2Fkc2J5Z29vZ2xlLmpzP2NsaWVudD1jYS1wdWItNDQwMTE0NTAyNzUzOTExNSIgY3Jvc3NvcmlnaW49ImFub255bW91cyI+PC9zY3JpcHQ+PGlucyBjbGFzcz0iYWRzYnlnb29nbGUiIHN0eWxlPSJkaXNwbGF5OmJsb2NrOyIgZGF0YS1hZC1jbGllbnQ9ImNhLXB1Yi00NDAxMTQ1MDI3NTM5MTE1IiAKZGF0YS1hZC1zbG90PSI4MDIwNTgzNzkzIiAKZGF0YS1hZC1mb3JtYXQ9ImF1dG8iIGRhdGEtZnVsbC13aWR0aC1yZXNwb25zaXZlPSJ0cnVlIj48L2lucz4KPHNjcmlwdD4gCihhZHNieWdvb2dsZSA9IHdpbmRvdy5hZHNieWdvb2dsZSB8fCBbXSkucHVzaCh7fSk7IAo8L3NjcmlwdD4KPC9kaXY+PGJyIHN0eWxlPSJjbGVhcjogYm90aDsgZGlzcGxheTogYmxvY2s7IGZsb2F0OiBub25lOyIvPg==<\/script>\n\n\n\n<p><strong>Qui a dessin\u00e9 les mascottes de Milan Cortina 2026 ?<\/strong><\/p><script type=\"text\/plain\" data-tcf=\"waiting-for-consent\" data-id=\"1033\" data-bid=\"1\" data-placement=\"985\">PGRpdiBpZD0iYW1jLTM5NTA5NzkzODMiIGNsYXNzPSJhbWMtbWgtbWlkIj48c2NyaXB0IGFzeW5jIHNyYz0iLy9wYWdlYWQyLmdvb2dsZXN5bmRpY2F0aW9uLmNvbS9wYWdlYWQvanMvYWRzYnlnb29nbGUuanM\/Y2xpZW50PWNhLXB1Yi00NDAxMTQ1MDI3NTM5MTE1IiBjcm9zc29yaWdpbj0iYW5vbnltb3VzIj48L3NjcmlwdD48aW5zIGNsYXNzPSJhZHNieWdvb2dsZSIgc3R5bGU9ImRpc3BsYXk6YmxvY2s7IiBkYXRhLWFkLWNsaWVudD0iY2EtcHViLTQ0MDExNDUwMjc1MzkxMTUiIApkYXRhLWFkLXNsb3Q9IiIgCmRhdGEtYWQtZm9ybWF0PSJhdXRvIiBkYXRhLWZ1bGwtd2lkdGgtcmVzcG9uc2l2ZT0idHJ1ZSI+PC9pbnM+CjxzY3JpcHQ+IAooYWRzYnlnb29nbGUgPSB3aW5kb3cuYWRzYnlnb29nbGUgfHwgW10pLnB1c2goe30pOyAKPC9zY3JpcHQ+CjwvZGl2Pg==<\/script>\n\n\n\n<p>La grande particularit\u00e9 des mascottes de 2026 est que <strong>ne sont pas n\u00e9s dans un studio de cr\u00e9ation publicitaire<\/strong>mais sont le fruit d'une id\u00e9e collective, <strong>n\u00e9 entre deux pupitres d'\u00e9cole<\/strong>. Le projet a \u00e9t\u00e9 \u00e9labor\u00e9 dans le cadre d'un concours national organis\u00e9 par le minist\u00e8re de l'\u00e9ducation, de l'universit\u00e9 et de la recherche. <strong>plus de 1 600 \u00e9coles italiennes<\/strong>. Le gagnant est le<strong>Istituto Comprensivo Sabin di Segrate<\/strong>dans la province de Milan, avec une id\u00e9e aussi originale que symbolique : <strong>deux coeurs de glace s'animent pour raconter les valeurs du sport<\/strong>.<\/p>\n\n\n\n<p>Le concept a ensuite \u00e9t\u00e9 transform\u00e9 graphiquement par l'agence <strong>Landor &amp; Fitch<\/strong>qui est rest\u00e9e fid\u00e8le \u00e0 l'esprit du projet d'\u00e9cole, en conservant la simplicit\u00e9 des lignes, la vitalit\u00e9 des couleurs et le message universel.<\/p>\n\n\n\n<p><strong>Qui sont Tina et Milo ?<\/strong><\/p>\n\n\n\n<ul class=\"wp-block-list\">\n<li><strong>Tina<\/strong>mascotte de la <strong>Jeux olympiques<\/strong>Elle est \u00e9nergique, dynamique, r\u00eaveuse. Elle repr\u00e9sente la glace qui devient mouvement, vitesse, d\u00e9termination.<\/li>\n\n\n\n<li><strong>Milo<\/strong>mascotte de la <strong>Jeux paralympiques<\/strong>Elle est r\u00e9fl\u00e9chie, tenace, inclusive. C'est de la glace qui se transforme en r\u00e9silience, en concentration et en espoir.<\/li>\n<\/ul>\n\n\n\n<p>Les deux d\u00e9coulent de <strong>fragments de glace<\/strong> qui prennent vie gr\u00e2ce \u00e0 l'\u00e9nergie du sport et de la jeunesse. Leurs couleurs s'inspirent des paysages italiens : montagnes enneig\u00e9es, lacs alpins et ciel nordique d\u00e9gag\u00e9.<\/p>\n\n\n\n<p><strong>\u00c0 quoi servent les mascottes olympiques ?<\/strong><\/p>\n\n\n\n<p>Les mascottes ne sont pas de simples \"jolies marionnettes\", mais <strong>ambassadeurs des valeurs olympiques<\/strong>Ils repr\u00e9sentent la joie, l'amiti\u00e9, la paix et l'universalit\u00e9 du sport. Ils s'adressent aux enfants, mais aussi aux adultes, aux familles, aux spectateurs \u00e9loign\u00e9s et \u00e0 ceux qui consid\u00e8rent les Jeux olympiques comme un moment d'unit\u00e9 mondiale.<\/p>\n\n\n\n<p>Tina et Milo ont \u00e9galement \u00e9t\u00e9 con\u00e7us pour l'interaction num\u00e9rique, avec <strong>versions anim\u00e9es<\/strong>, <strong>contenu social<\/strong>, <strong>autocollants<\/strong>, <strong>filtres<\/strong>, <strong>gadgets<\/strong>et m\u00eame <strong>une voix narrative<\/strong> dans des vid\u00e9os promotionnelles. En outre, ils sont au c\u0153ur de la <strong>activit\u00e9s \u00e9ducatives<\/strong> promu par le comit\u00e9 d'organisation pour les \u00e9coles italiennes.<\/p>\n\n\n\n<p><strong>Faits int\u00e9ressants sur les mascottes de Milan Cortina 2026<\/strong><\/p>\n\n\n\n<ul class=\"wp-block-list\">\n<li><strong>Ce sont les premi\u00e8res mascottes olympiques con\u00e7ues par des \u00e9tudiants.<\/strong> et s\u00e9lectionn\u00e9s dans le cadre d'un processus participatif national.<\/li>\n\n\n\n<li>Le c\u0153ur de la glace est un <strong>symbole de dualit\u00e9<\/strong>force et fragilit\u00e9, mouvement et r\u00e9flexion.<\/li>\n\n\n\n<li>Les mascottes auront <strong>une application d\u00e9di\u00e9e<\/strong> o\u00f9 ils interagiront avec le public par le biais de quiz, de jeux et de contenus de r\u00e9alit\u00e9 augment\u00e9e.<\/li>\n\n\n\n<li>Chaque mascotte porte un <strong>\u00e9charpe color\u00e9e<\/strong> symbolisant le lien entre les deux \u00e2mes des Jeux : olympique et paralympique.<\/li>\n\n\n\n<li>Les mascottes sont \u00e9galement les protagonistes d'une <strong>campagne internationale sur l'\u00e9ducation<\/strong>qui raconte la valeur de l'inclusion \u00e0 travers des contes de f\u00e9es anim\u00e9s.<\/li>\n<\/ul>\n\n\n\n<p><strong>Un message pour l'avenir<\/strong> Tina et Milo ne sont pas seulement des mascottes : ils sont <strong>les messagers d'une Italie qui r\u00eave et accueille<\/strong>regarder l'avenir avec enthousiasme et conscience. Dans un monde o\u00f9 chaque geste a une plus grande signification, les mascottes des Jeux de 2026 portent en elles l'espoir que <strong>le sport peut unir, inspirer et jeter des ponts entre les g\u00e9n\u00e9rations et les cultures<\/strong>.<\/p>\n<div class=\"amc-dopo-il-contenuto\" id=\"amc-3049375580\"><script type=\"text\/plain\" data-tcf=\"waiting-for-consent\" data-id=\"1033\" data-bid=\"1\">PGRpdiBpZD0iYW1jLTE0MzIyMjk2NTciPjxzY3JpcHQgYXN5bmMgc3JjPSIvL3BhZ2VhZDIuZ29vZ2xlc3luZGljYXRpb24uY29tL3BhZ2VhZC9qcy9hZHNieWdvb2dsZS5qcz9jbGllbnQ9Y2EtcHViLTQ0MDExNDUwMjc1MzkxMTUiIGNyb3Nzb3JpZ2luPSJhbm9ueW1vdXMiPjwvc2NyaXB0PjxpbnMgY2xhc3M9ImFkc2J5Z29vZ2xlIiBzdHlsZT0iZGlzcGxheTpibG9jazsiIGRhdGEtYWQtY2xpZW50PSJjYS1wdWItNDQwMTE0NTAyNzUzOTExNSIgCmRhdGEtYWQtc2xvdD0iIiAKZGF0YS1hZC1mb3JtYXQ9ImF1dG8iIGRhdGEtZnVsbC13aWR0aC1yZXNwb25zaXZlPSJ0cnVlIj48L2lucz4KPHNjcmlwdD4gCihhZHNieWdvb2dsZSA9IHdpbmRvdy5hZHNieWdvb2dsZSB8fCBbXSkucHVzaCh7fSk7IAo8L3NjcmlwdD4KPC9kaXY+<\/script><\/div>","protected":false},"excerpt":{"rendered":"<p>Le Olimpiadi e Paralimpiadi non sono solo sport, medaglie e record: sono anche emozione, simboli e identit\u00e0. E tra questi, le mascotte occupano un posto speciale. Per Milano Cortina 2026, il testimone del racconto olimpico \u00e8 stato affidato a due personaggi tanto semplici quanto potenti: Tina e Milo, due cuori di ghiaccio che rappresentano l\u2019anima [&hellip;]<\/p>","protected":false},"author":3,"featured_media":484,"comment_status":"open","ping_status":"open","sticky":false,"template":"","format":"standard","meta":{"_acf_changed":false,"footnotes":""},"categories":[1,4,5,7,9],"tags":[],"class_list":["post-483","post","type-post","status-publish","format-standard","has-post-thumbnail","hentry","category-notizie-e-aggiornamenti","category-dietro-le-quinte","category-guida-per-i-tifosi","category-milano-e-cortina","category-paralimpiadi"],"acf":[],"_links":{"self":[{"href":"https:\/\/aspettandomilanocortina2026.it\/fr\/wp-json\/wp\/v2\/posts\/483","targetHints":{"allow":["GET"]}}],"collection":[{"href":"https:\/\/aspettandomilanocortina2026.it\/fr\/wp-json\/wp\/v2\/posts"}],"about":[{"href":"https:\/\/aspettandomilanocortina2026.it\/fr\/wp-json\/wp\/v2\/types\/post"}],"author":[{"embeddable":true,"href":"https:\/\/aspettandomilanocortina2026.it\/fr\/wp-json\/wp\/v2\/users\/3"}],"replies":[{"embeddable":true,"href":"https:\/\/aspettandomilanocortina2026.it\/fr\/wp-json\/wp\/v2\/comments?post=483"}],"version-history":[{"count":3,"href":"https:\/\/aspettandomilanocortina2026.it\/fr\/wp-json\/wp\/v2\/posts\/483\/revisions"}],"predecessor-version":[{"id":488,"href":"https:\/\/aspettandomilanocortina2026.it\/fr\/wp-json\/wp\/v2\/posts\/483\/revisions\/488"}],"wp:featuredmedia":[{"embeddable":true,"href":"https:\/\/aspettandomilanocortina2026.it\/fr\/wp-json\/wp\/v2\/media\/484"}],"wp:attachment":[{"href":"https:\/\/aspettandomilanocortina2026.it\/fr\/wp-json\/wp\/v2\/media?parent=483"}],"wp:term":[{"taxonomy":"category","embeddable":true,"href":"https:\/\/aspettandomilanocortina2026.it\/fr\/wp-json\/wp\/v2\/categories?post=483"},{"taxonomy":"post_tag","embeddable":true,"href":"https:\/\/aspettandomilanocortina2026.it\/fr\/wp-json\/wp\/v2\/tags?post=483"}],"curies":[{"name":"wp","href":"https:\/\/api.w.org\/{rel}","templated":true}]}}