{"id":452,"date":"2025-05-17T13:02:23","date_gmt":"2025-05-17T12:02:23","guid":{"rendered":"https:\/\/aspettandomilanocortina2026.it\/?p=452"},"modified":"2025-05-17T13:02:25","modified_gmt":"2025-05-17T12:02:25","slug":"milan-cortina-2026-le-grand-defi-de-la-securite-des-hommes-des-technologies-et-un-reve-a-proteger","status":"publish","type":"post","link":"https:\/\/aspettandomilanocortina2026.it\/fr\/milan-cortina-2026-le-grand-defi-de-la-securite-des-hommes-des-technologies-et-un-reve-a-proteger\/","title":{"rendered":"Milan Cortina 2026 : le grand d\u00e9fi de la s\u00e9curit\u00e9. Des hommes, des technologies et un r\u00eave de protection"},"content":{"rendered":"<script type=\"text\/plain\" data-tcf=\"waiting-for-consent\" data-id=\"1033\" data-bid=\"1\" data-placement=\"1034\">PGRpdiBpZD0iYW1jLTMwMzkyMzQ1MTMiIGNsYXNzPSJhbWMtcHJpbWEtZGVsLWNvbnRlbnV0byI+PHNjcmlwdCBhc3luYyBzcmM9Ii8vcGFnZWFkMi5nb29nbGVzeW5kaWNhdGlvbi5jb20vcGFnZWFkL2pzL2Fkc2J5Z29vZ2xlLmpzP2NsaWVudD1jYS1wdWItNDQwMTE0NTAyNzUzOTExNSIgY3Jvc3NvcmlnaW49ImFub255bW91cyI+PC9zY3JpcHQ+PGlucyBjbGFzcz0iYWRzYnlnb29nbGUiIHN0eWxlPSJkaXNwbGF5OmJsb2NrOyIgZGF0YS1hZC1jbGllbnQ9ImNhLXB1Yi00NDAxMTQ1MDI3NTM5MTE1IiAKZGF0YS1hZC1zbG90PSIiIApkYXRhLWFkLWZvcm1hdD0iYXV0byIgZGF0YS1mdWxsLXdpZHRoLXJlc3BvbnNpdmU9InRydWUiPjwvaW5zPgo8c2NyaXB0PiAKKGFkc2J5Z29vZ2xlID0gd2luZG93LmFkc2J5Z29vZ2xlIHx8IFtdKS5wdXNoKHt9KTsgCjwvc2NyaXB0Pgo8L2Rpdj4=<\/script>\n<p>Imaginez la sc\u00e8ne : un ciel clair au-dessus du bassin de Cortina, les drapeaux des nations flottant dans le vent de f\u00e9vrier, des milliers de spectateurs rassembl\u00e9s pour assister au triomphe du sport. C'est le c\u0153ur des Jeux olympiques d'hiver de 2026. Mais dans les coulisses de cette harmonie visuelle et du frisson des m\u00e9dailles, bat un c\u0153ur invisible mais essentiel : <strong>le dispositif de s\u00e9curit\u00e9<\/strong>.<\/p><script type=\"text\/plain\" data-tcf=\"waiting-for-consent\" data-id=\"1037\" data-bid=\"1\" data-placement=\"726\">PGRpdiBpZD0iYW1jLTM3NzE2NTk0NDciIGNsYXNzPSJhbWMtcG9zdC1jb250ZW50IiBzdHlsZT0ibWFyZ2luLWxlZnQ6IGF1dG87bWFyZ2luLXJpZ2h0OiBhdXRvO3RleHQtYWxpZ246IGNlbnRlcjsiPjxzY3JpcHQgYXN5bmMgc3JjPSIvL3BhZ2VhZDIuZ29vZ2xlc3luZGljYXRpb24uY29tL3BhZ2VhZC9qcy9hZHNieWdvb2dsZS5qcz9jbGllbnQ9Y2EtcHViLTQ0MDExNDUwMjc1MzkxMTUiIGNyb3Nzb3JpZ2luPSJhbm9ueW1vdXMiPjwvc2NyaXB0PjxpbnMgY2xhc3M9ImFkc2J5Z29vZ2xlIiBzdHlsZT0iZGlzcGxheTpibG9jazsiIGRhdGEtYWQtY2xpZW50PSJjYS1wdWItNDQwMTE0NTAyNzUzOTExNSIgCmRhdGEtYWQtc2xvdD0iODAyMDU4Mzc5MyIgCmRhdGEtYWQtZm9ybWF0PSJhdXRvIiBkYXRhLWZ1bGwtd2lkdGgtcmVzcG9uc2l2ZT0idHJ1ZSI+PC9pbnM+CjxzY3JpcHQ+IAooYWRzYnlnb29nbGUgPSB3aW5kb3cuYWRzYnlnb29nbGUgfHwgW10pLnB1c2goe30pOyAKPC9zY3JpcHQ+CjwvZGl2PjxiciBzdHlsZT0iY2xlYXI6IGJvdGg7IGRpc3BsYXk6IGJsb2NrOyBmbG9hdDogbm9uZTsiLz4=<\/script>\n\n\n\n<p>Car organiser les Jeux olympiques, ce n'est pas seulement allumer des torches et accueillir les athl\u00e8tes : c'est aussi <strong>prot\u00e9ger un syst\u00e8me entier<\/strong>. Et pour Milano Cortina, un \u00e9v\u00e9nement qui s'\u00e9tend sur deux r\u00e9gions et des dizaines de sites, les enjeux sont plus importants que jamais. Pour que chaque moment soit v\u00e9cu en toute s\u00e9curit\u00e9, il existe une arm\u00e9e de femmes, d'hommes et de technologies de pointe.<\/p><script type=\"text\/plain\" data-tcf=\"waiting-for-consent\" data-id=\"1033\" data-bid=\"1\" data-placement=\"985\">PGRpdiBpZD0iYW1jLTEyMTE4NzA5MzQiIGNsYXNzPSJhbWMtbWgtbWlkIj48c2NyaXB0IGFzeW5jIHNyYz0iLy9wYWdlYWQyLmdvb2dsZXN5bmRpY2F0aW9uLmNvbS9wYWdlYWQvanMvYWRzYnlnb29nbGUuanM\/Y2xpZW50PWNhLXB1Yi00NDAxMTQ1MDI3NTM5MTE1IiBjcm9zc29yaWdpbj0iYW5vbnltb3VzIj48L3NjcmlwdD48aW5zIGNsYXNzPSJhZHNieWdvb2dsZSIgc3R5bGU9ImRpc3BsYXk6YmxvY2s7IiBkYXRhLWFkLWNsaWVudD0iY2EtcHViLTQ0MDExNDUwMjc1MzkxMTUiIApkYXRhLWFkLXNsb3Q9IiIgCmRhdGEtYWQtZm9ybWF0PSJhdXRvIiBkYXRhLWZ1bGwtd2lkdGgtcmVzcG9uc2l2ZT0idHJ1ZSI+PC9pbnM+CjxzY3JpcHQ+IAooYWRzYnlnb29nbGUgPSB3aW5kb3cuYWRzYnlnb29nbGUgfHwgW10pLnB1c2goe30pOyAKPC9zY3JpcHQ+CjwvZGl2Pg==<\/script>\n\n\n\n<p><strong>Quand l'innovation rencontre la s\u00e9curit\u00e9 : la \"protection intelligente\" des Jeux<\/strong><\/p>\n\n\n\n<p>Milan Cortina 2026 marquera un tournant : il s'agira des premiers Jeux d'hiver \u00e0 faire un usage intensif de syst\u00e8mes bas\u00e9s sur les technologies de l'information et de la communication (TIC). <strong>intelligence artificielle<\/strong>, <strong>apprentissage automatique<\/strong> e <strong>surveillance pr\u00e9dictive<\/strong>.<\/p>\n\n\n\n<p>Imaginez un r\u00e9seau invisible enveloppant l'ensemble de l'\u00e9v\u00e9nement : des gares aux stades, des villages olympiques aux pentes alpines. Chaque mouvement, chaque anomalie, chaque flux de personnes est surveill\u00e9 en temps r\u00e9el par <strong>centres d'exploitation de haute technologie<\/strong>connect\u00e9s \u00e0 des centres de traitement des donn\u00e9es capables de pr\u00e9voir et de pr\u00e9venir les risques avant m\u00eame qu'ils ne se produisent.<\/p>\n\n\n\n<p>Cam\u00e9ras intelligentes, capteurs environnementaux, logiciels de d\u00e9tection faciale et d'analyse comportementale : c'est la <strong>une cybers\u00e9curit\u00e9 en prise avec le monde r\u00e9el<\/strong>construit avec le soutien d'experts italiens et europ\u00e9ens. Tout cela sous l'\u0153il vigilant du minist\u00e8re de l'int\u00e9rieur, qui dirige une architecture de s\u00e9curit\u00e9 \u00e0 plusieurs niveaux jamais mise en place en Italie.<\/p>\n\n\n\n<p><strong>Plus de 10 000 op\u00e9rateurs sur le terrain : le r\u00e9seau de protection humaine<\/strong><\/p>\n\n\n\n<p>La technologie, oui. Mais sans oublier le r\u00f4le irrempla\u00e7able des personnes. La s\u00e9curit\u00e9 au quotidien sera assur\u00e9e :<\/p>\n\n\n\n<ul class=\"wp-block-list\">\n<li><strong>Police d'\u00c9tat<\/strong>responsable des zones urbaines et des centres n\u00e9vralgiques<\/li>\n\n\n\n<li><strong>Carabiniers<\/strong>en particulier dans les r\u00e9gions montagneuses et rurales<\/li>\n\n\n\n<li><strong>Guardia di Finanza<\/strong>en mettant l'accent sur la s\u00e9curit\u00e9 \u00e9conomique et les a\u00e9roports<\/li>\n\n\n\n<li><strong>Forces arm\u00e9es<\/strong>\u00e0 l'appui des op\u00e9rations \u00e0 fort impact et de la dissuasion<\/li>\n\n\n\n<li><strong>Protection civile et pompiers<\/strong>pr\u00eats \u00e0 intervenir en cas de catastrophe<\/li>\n\n\n\n<li><strong>Police locale<\/strong>les gardiens du territoire et le premier point de contact pour les citoyens et les touristes<\/li>\n<\/ul>\n\n\n\n<p>Tout le monde sera impliqu\u00e9 dans <strong>formations sp\u00e9cifiques<\/strong>des simulations avanc\u00e9es et des formations conjointes. Nous parlons de <strong>plus de 10 000 op\u00e9rateurs<\/strong> actifs en m\u00eame temps lors des journ\u00e9es cl\u00e9s, une pr\u00e9sence diffuse mais discr\u00e8te, pour ne pas nuire \u00e0 la magie de l'\u00e9v\u00e9nement.<\/p>\n\n\n\n<p><strong>Une s\u00e9curit\u00e9 qui parle plusieurs langues : la coop\u00e9ration internationale<\/strong><\/p>\n\n\n\n<p>Le monde entier aura les yeux riv\u00e9s sur l'Italie. Mais l'Italie aura aussi des yeux dans le monde entier.<\/p>\n\n\n\n<p>En vertu d'accords multilat\u00e9raux, seront pr\u00e9sents sur le territoire <strong>des unit\u00e9s de liaison de France, d'Allemagne, des \u00c9tats-Unis, du Royaume-Uni et du Japon<\/strong>ainsi que les observateurs et les op\u00e9rateurs de <strong>Interpol, Europol et Frontex<\/strong>. Un v\u00e9ritable r\u00e9seau mondial de s\u00e9curit\u00e9, avec \u00e9change d'informations en temps r\u00e9el, partage de listes noires et surveillance coordonn\u00e9e des menaces transfrontali\u00e8res potentielles.<\/p>\n\n\n\n<p>Dans le cyberespace, les projecteurs seront encore plus braqu\u00e9s. L'Italie a d\u00e9j\u00e0 mis en place des protocoles avec l'OTAN et l'Agence europ\u00e9enne charg\u00e9e de la s\u00e9curit\u00e9 des r\u00e9seaux (ENISA) afin de prot\u00e9ger les infrastructures num\u00e9riques, les syst\u00e8mes de billetterie et les portails officiels contre les attaques de pirates informatiques ou les campagnes de d\u00e9sinformation.<\/p>\n\n\n\n<p><strong>Le co\u00fbt de la s\u00e9curit\u00e9 : un investissement de 420 millions d'euros<\/strong><\/p>\n\n\n\n<p>Garantir tout cela a un prix. Et il n'est pas n\u00e9gligeable. Le budget allou\u00e9 \u00e0 l'appareil de s\u00e9curit\u00e9 est de l'ordre de 1,5 milliard d'euros. <strong>420 millions d'euros<\/strong>qu'ils couvriront :<\/p>\n\n\n\n<ul class=\"wp-block-list\">\n<li>Installation d'une technologie de surveillance de pointe<\/li>\n\n\n\n<li>Formation du personnel et simulations \u00e0 grande \u00e9chelle<\/li>\n\n\n\n<li>Cybers\u00e9curit\u00e9 et protection des donn\u00e9es<\/li>\n\n\n\n<li>Achat de v\u00e9hicules, de drones, de scanners et de syst\u00e8mes mobiles<\/li>\n\n\n\n<li>Couverture d'assurance et plans d'urgence<\/li>\n<\/ul>\n\n\n\n<p>Une partie des fonds provient des contributions de l'Union europ\u00e9enne, qui reconna\u00eet Milan Cortina 2026 comme un \u00e9v\u00e9nement continental strat\u00e9gique.<\/p>\n\n\n\n<p><strong>Montagne, glace et logistique : les d\u00e9fis uniques des sites alpins<\/strong><\/p>\n\n\n\n<p>Cortina, Livigno, Bormio, Val di Fiemme : les sites de montagne posent des d\u00e9fis uniques. Ici, la s\u00e9curit\u00e9 se d\u00e9place sur la neige et la glace, \u00e0 travers les for\u00eats, les cols de montagne et les conditions m\u00e9t\u00e9orologiques extr\u00eames. Ce sont eux qui feront la diff\u00e9rence :<\/p>\n\n\n\n<ul class=\"wp-block-list\">\n<li><strong>Unit\u00e9s alpines des carabiniers<\/strong> et la Guardia di Finanza<\/li>\n\n\n\n<li><strong>\u00c9quipes de secours en montagne<\/strong><\/li>\n\n\n\n<li><strong>Drones thermiques<\/strong> pour la surveillance nocturne<\/li>\n\n\n\n<li><strong>\u00c9quipement m\u00e9dical mobile<\/strong> en altitude<\/li>\n\n\n\n<li><strong>Patrouilles de ski sur les pistes<\/strong>avec du personnel form\u00e9 pour une intervention imm\u00e9diate<\/li>\n<\/ul>\n\n\n\n<p>La logistique sera soutenue par <strong>v\u00e9hicules \u00e0 chenilles<\/strong>des motoneiges et des stations de contr\u00f4le mobiles. Chaque piste, chaque sentier, chaque t\u00e9l\u00e9cabine sera surveill\u00e9.<\/p>\n\n\n\n<p><strong>Vers un nouveau mod\u00e8le : s\u00e9curit\u00e9 et humanit\u00e9<\/strong><\/p>\n\n\n\n<p>Milan Cortina 2026 ne sera pas seulement un \u00e9v\u00e9nement sportif, mais aussi un \u00e9v\u00e9nement culturel. <strong>mod\u00e8le de gestion int\u00e9gr\u00e9e de la s\u00e9curit\u00e9<\/strong>o\u00f9 l'innovation se conjugue avec l'empathie. L'objectif n'est pas seulement de prot\u00e9ger, mais <strong>faire en sorte que les gens se sentent bienvenus, en s\u00e9curit\u00e9, libres d'\u00e9prouver toutes leurs \u00e9motions<\/strong> sans crainte.<\/p>\n\n\n\n<p>Et c'est l\u00e0 que l'Italie joue sa r\u00e9putation internationale. Un d\u00e9fi qui commence par des chiffres et des strat\u00e9gies, mais qui trouvera sa pleine r\u00e9alisation dans le regard serein de ceux qui pourront assister aux comp\u00e9titions, vivre les sites olympiques, voyager entre les villes et les montagnes en sachant que tout un syst\u00e8me, silencieux mais attentif, veille sur eux.<\/p>\n<div class=\"amc-dopo-il-contenuto\" id=\"amc-3907136968\"><script type=\"text\/plain\" data-tcf=\"waiting-for-consent\" data-id=\"1033\" data-bid=\"1\">PGRpdiBpZD0iYW1jLTIwOTk1Mzc5NiI+PHNjcmlwdCBhc3luYyBzcmM9Ii8vcGFnZWFkMi5nb29nbGVzeW5kaWNhdGlvbi5jb20vcGFnZWFkL2pzL2Fkc2J5Z29vZ2xlLmpzP2NsaWVudD1jYS1wdWItNDQwMTE0NTAyNzUzOTExNSIgY3Jvc3NvcmlnaW49ImFub255bW91cyI+PC9zY3JpcHQ+PGlucyBjbGFzcz0iYWRzYnlnb29nbGUiIHN0eWxlPSJkaXNwbGF5OmJsb2NrOyIgZGF0YS1hZC1jbGllbnQ9ImNhLXB1Yi00NDAxMTQ1MDI3NTM5MTE1IiAKZGF0YS1hZC1zbG90PSIiIApkYXRhLWFkLWZvcm1hdD0iYXV0byIgZGF0YS1mdWxsLXdpZHRoLXJlc3BvbnNpdmU9InRydWUiPjwvaW5zPgo8c2NyaXB0PiAKKGFkc2J5Z29vZ2xlID0gd2luZG93LmFkc2J5Z29vZ2xlIHx8IFtdKS5wdXNoKHt9KTsgCjwvc2NyaXB0Pgo8L2Rpdj4=<\/script><\/div>","protected":false},"excerpt":{"rendered":"<p>Immagina la scena: un cielo limpido sopra la conca di Cortina, le bandiere delle nazioni che sventolano nel vento di febbraio, migliaia di spettatori riuniti per assistere al trionfo dello sport. \u00c8 il cuore delle Olimpiadi Invernali 2026. Ma dietro le quinte di quell\u2019armonia visiva e del brivido delle medaglie, batte un cuore invisibile ma [&hellip;]<\/p>","protected":false},"author":3,"featured_media":453,"comment_status":"open","ping_status":"open","sticky":false,"template":"","format":"standard","meta":{"_acf_changed":false,"footnotes":""},"categories":[1,4,7],"tags":[],"class_list":["post-452","post","type-post","status-publish","format-standard","has-post-thumbnail","hentry","category-notizie-e-aggiornamenti","category-dietro-le-quinte","category-milano-e-cortina"],"acf":[],"_links":{"self":[{"href":"https:\/\/aspettandomilanocortina2026.it\/fr\/wp-json\/wp\/v2\/posts\/452","targetHints":{"allow":["GET"]}}],"collection":[{"href":"https:\/\/aspettandomilanocortina2026.it\/fr\/wp-json\/wp\/v2\/posts"}],"about":[{"href":"https:\/\/aspettandomilanocortina2026.it\/fr\/wp-json\/wp\/v2\/types\/post"}],"author":[{"embeddable":true,"href":"https:\/\/aspettandomilanocortina2026.it\/fr\/wp-json\/wp\/v2\/users\/3"}],"replies":[{"embeddable":true,"href":"https:\/\/aspettandomilanocortina2026.it\/fr\/wp-json\/wp\/v2\/comments?post=452"}],"version-history":[{"count":1,"href":"https:\/\/aspettandomilanocortina2026.it\/fr\/wp-json\/wp\/v2\/posts\/452\/revisions"}],"predecessor-version":[{"id":454,"href":"https:\/\/aspettandomilanocortina2026.it\/fr\/wp-json\/wp\/v2\/posts\/452\/revisions\/454"}],"wp:featuredmedia":[{"embeddable":true,"href":"https:\/\/aspettandomilanocortina2026.it\/fr\/wp-json\/wp\/v2\/media\/453"}],"wp:attachment":[{"href":"https:\/\/aspettandomilanocortina2026.it\/fr\/wp-json\/wp\/v2\/media?parent=452"}],"wp:term":[{"taxonomy":"category","embeddable":true,"href":"https:\/\/aspettandomilanocortina2026.it\/fr\/wp-json\/wp\/v2\/categories?post=452"},{"taxonomy":"post_tag","embeddable":true,"href":"https:\/\/aspettandomilanocortina2026.it\/fr\/wp-json\/wp\/v2\/tags?post=452"}],"curies":[{"name":"wp","href":"https:\/\/api.w.org\/{rel}","templated":true}]}}