{"id":448,"date":"2025-05-16T21:05:49","date_gmt":"2025-05-16T20:05:49","guid":{"rendered":"https:\/\/aspettandomilanocortina2026.it\/?p=448"},"modified":"2025-05-16T21:05:50","modified_gmt":"2025-05-16T20:05:50","slug":"comment-construire-un-village-olympique-milan-livigno-et-cortina-compares","status":"publish","type":"post","link":"https:\/\/aspettandomilanocortina2026.it\/fr\/comment-construire-un-village-olympique-milan-livigno-et-cortina-compares\/","title":{"rendered":"Comment construire un village olympique : Milan, Livigno et Cortina compar\u00e9s"},"content":{"rendered":"<script type=\"text\/plain\" data-tcf=\"waiting-for-consent\" data-id=\"1033\" data-bid=\"1\" data-placement=\"1034\">PGRpdiBpZD0iYW1jLTI2NTk4ODU3NTQiIGNsYXNzPSJhbWMtcHJpbWEtZGVsLWNvbnRlbnV0byI+PHNjcmlwdCBhc3luYyBzcmM9Ii8vcGFnZWFkMi5nb29nbGVzeW5kaWNhdGlvbi5jb20vcGFnZWFkL2pzL2Fkc2J5Z29vZ2xlLmpzP2NsaWVudD1jYS1wdWItNDQwMTE0NTAyNzUzOTExNSIgY3Jvc3NvcmlnaW49ImFub255bW91cyI+PC9zY3JpcHQ+PGlucyBjbGFzcz0iYWRzYnlnb29nbGUiIHN0eWxlPSJkaXNwbGF5OmJsb2NrOyIgZGF0YS1hZC1jbGllbnQ9ImNhLXB1Yi00NDAxMTQ1MDI3NTM5MTE1IiAKZGF0YS1hZC1zbG90PSIiIApkYXRhLWFkLWZvcm1hdD0iYXV0byIgZGF0YS1mdWxsLXdpZHRoLXJlc3BvbnNpdmU9InRydWUiPjwvaW5zPgo8c2NyaXB0PiAKKGFkc2J5Z29vZ2xlID0gd2luZG93LmFkc2J5Z29vZ2xlIHx8IFtdKS5wdXNoKHt9KTsgCjwvc2NyaXB0Pgo8L2Rpdj4=<\/script>\n<p>Tous les Jeux olympiques ont un c\u0153ur qui bat, cach\u00e9 dans les coulisses : la <strong>village olympique<\/strong>. Ce n'est pas seulement un endroit o\u00f9 dormir, mais une ville dans la ville, un microcosme de langues, de cultures, de formations et d'\u00e9motions partag\u00e9es. Pour Milan Cortina 2026, il y aura trois grands villages : <strong>Milan, Livigno et Cortina d'Ampezzo<\/strong>. Chacun avec des caract\u00e9ristiques, des besoins et des identit\u00e9s profond\u00e9ment diff\u00e9rents. Mais tous ont le m\u00eame objectif : accueillir les athl\u00e8tes et leur faire sentir le pouls olympique.<\/p><script type=\"text\/plain\" data-tcf=\"waiting-for-consent\" data-id=\"1037\" data-bid=\"1\" data-placement=\"726\">PGRpdiBpZD0iYW1jLTQxNjAxMjAxMzMiIGNsYXNzPSJhbWMtcG9zdC1jb250ZW50IiBzdHlsZT0ibWFyZ2luLWxlZnQ6IGF1dG87bWFyZ2luLXJpZ2h0OiBhdXRvO3RleHQtYWxpZ246IGNlbnRlcjsiPjxzY3JpcHQgYXN5bmMgc3JjPSIvL3BhZ2VhZDIuZ29vZ2xlc3luZGljYXRpb24uY29tL3BhZ2VhZC9qcy9hZHNieWdvb2dsZS5qcz9jbGllbnQ9Y2EtcHViLTQ0MDExNDUwMjc1MzkxMTUiIGNyb3Nzb3JpZ2luPSJhbm9ueW1vdXMiPjwvc2NyaXB0PjxpbnMgY2xhc3M9ImFkc2J5Z29vZ2xlIiBzdHlsZT0iZGlzcGxheTpibG9jazsiIGRhdGEtYWQtY2xpZW50PSJjYS1wdWItNDQwMTE0NTAyNzUzOTExNSIgCmRhdGEtYWQtc2xvdD0iODAyMDU4Mzc5MyIgCmRhdGEtYWQtZm9ybWF0PSJhdXRvIiBkYXRhLWZ1bGwtd2lkdGgtcmVzcG9uc2l2ZT0idHJ1ZSI+PC9pbnM+CjxzY3JpcHQ+IAooYWRzYnlnb29nbGUgPSB3aW5kb3cuYWRzYnlnb29nbGUgfHwgW10pLnB1c2goe30pOyAKPC9zY3JpcHQ+CjwvZGl2PjxiciBzdHlsZT0iY2xlYXI6IGJvdGg7IGRpc3BsYXk6IGJsb2NrOyBmbG9hdDogbm9uZTsiLz4=<\/script>\n\n\n\n<p><strong>Milan : Innovation et r\u00e9g\u00e9n\u00e9ration urbaine<\/strong><\/p><script type=\"text\/plain\" data-tcf=\"waiting-for-consent\" data-id=\"1033\" data-bid=\"1\" data-placement=\"985\">PGRpdiBpZD0iYW1jLTQxMjgxOTU4NDUiIGNsYXNzPSJhbWMtbWgtbWlkIj48c2NyaXB0IGFzeW5jIHNyYz0iLy9wYWdlYWQyLmdvb2dsZXN5bmRpY2F0aW9uLmNvbS9wYWdlYWQvanMvYWRzYnlnb29nbGUuanM\/Y2xpZW50PWNhLXB1Yi00NDAxMTQ1MDI3NTM5MTE1IiBjcm9zc29yaWdpbj0iYW5vbnltb3VzIj48L3NjcmlwdD48aW5zIGNsYXNzPSJhZHNieWdvb2dsZSIgc3R5bGU9ImRpc3BsYXk6YmxvY2s7IiBkYXRhLWFkLWNsaWVudD0iY2EtcHViLTQ0MDExNDUwMjc1MzkxMTUiIApkYXRhLWFkLXNsb3Q9IiIgCmRhdGEtYWQtZm9ybWF0PSJhdXRvIiBkYXRhLWZ1bGwtd2lkdGgtcmVzcG9uc2l2ZT0idHJ1ZSI+PC9pbnM+CjxzY3JpcHQ+IAooYWRzYnlnb29nbGUgPSB3aW5kb3cuYWRzYnlnb29nbGUgfHwgW10pLnB1c2goe30pOyAKPC9zY3JpcHQ+CjwvZGl2Pg==<\/script>\n\n\n\n<p>Au c\u0153ur de la <strong>Porta Romana<\/strong>l'un des centres urbains les plus dynamiques de la m\u00e9tropole, sera construit. <strong>Village olympique de Milan<\/strong>le plus grand des trois. Ici, nous ne construisons pas seulement pour les Jeux olympiques, mais pour l'avenir. Le projet est construit sur une ancienne zone ferroviaire, dans le cadre d'une strat\u00e9gie de r\u00e9g\u00e9n\u00e9ration urbaine qui transformera un vide industriel en un quartier durable.<\/p>\n\n\n\n<p>Les installations accueilleront environ <strong>1 400 athl\u00e8tes et d\u00e9l\u00e9gations<\/strong>avec des logements modulaires, des espaces communs, des espaces verts, un centre m\u00e9dical et des espaces de formation. Le concept architectural est con\u00e7u par des entreprises internationales et comprend l'utilisation de mat\u00e9riaux \u00e0 faible impact environnemental, d'\u00e9nergies renouvelables et de mobilit\u00e9 douce.<\/p>\n\n\n\n<p>Mais le v\u00e9ritable atout est la <strong>h\u00e9ritage<\/strong>Apr\u00e8s les Jeux, les b\u00e2timents deviendront <strong>r\u00e9sidences universitaires, logements sociaux, bureaux et services<\/strong> pour la communaut\u00e9. Un h\u00e9ritage tangible, dans le plus pur style milanais.<\/p>\n\n\n\n<p><strong>Livigno : Compacit\u00e9 \u00e0 haute altitude<\/strong><\/p>\n\n\n\n<p>Plus petit et plus intime, le <strong>Village olympique de Livigno<\/strong> accueillera environ <strong>1 000 personnes<\/strong>principalement des athl\u00e8tes dans les disciplines du snowboard et du freestyle. Ici, le probl\u00e8me n'est pas l'espace, mais le climat et la logistique. \u00c0 1 800 m\u00e8tres d'altitude, la construction est un d\u00e9fi technique : il faut des mat\u00e9riaux durables, des installations parfaites et une conception \u00e9conome en \u00e9nergie.<\/p>\n\n\n\n<p>Le projet s'int\u00e8gre dans le paysage alpin, avec <strong>structures en bois et en verre<\/strong>des solutions \u00e0 faible impact visuel et respectueuses de l'environnement. Les modules d'habitation sont proches des installations de comp\u00e9tition, afin de faciliter les d\u00e9placements et de r\u00e9duire le stress des athl\u00e8tes. Apr\u00e8s les Jeux, le village deviendra <strong>logements touristiques et r\u00e9sidentiels<\/strong>en mettant l'accent sur la saisonnalit\u00e9 et la durabilit\u00e9.<\/p>\n\n\n\n<p><strong>Cortina d'Ampezzo : \u00e9l\u00e9gance et tradition<\/strong><\/p>\n\n\n\n<p>\u00c0 Cortina, o\u00f9 l'histoire des Jeux olympiques de 1956 est palpable, le nouveau village olympique sera am\u00e9nag\u00e9 dans un cadre de verdure. <strong>structure temporaire<\/strong> con\u00e7u pour garantir l'efficacit\u00e9 logistique et un impact minimal. Il ne sera pas construit \u00e0 partir de z\u00e9ro, mais utilisera des solutions d\u00e9montables et r\u00e9utilisables, en accord avec les principes de la <strong>Pas de gaspillage<\/strong> Olympique.<\/p>\n\n\n\n<p>Les logements seront modernes, confortables et \u00e0 faible empreinte \u00e9cologique, construits \u00e0 proximit\u00e9 des sites de comp\u00e9tition de ski alpin. Apr\u00e8s l'\u00e9v\u00e9nement, tout sera d\u00e9mantel\u00e9 et relocalis\u00e9 dans d'autres contextes, pour des projets de logement et des projets sociaux, en particulier dans les montagnes.<\/p>\n\n\n\n<p>Cortina a choisi le <strong>la voie de la sobri\u00e9t\u00e9 intelligente<\/strong>combinant l'\u00e9l\u00e9gance historique avec une vision pratique et durable.<\/p>\n\n\n\n<p><strong>Une comparaison en trois attitudes<\/strong><\/p>\n\n\n\n<figure class=\"wp-block-table\"><table class=\"has-fixed-layout\"><thead><tr><td><strong>Localisation<\/strong><\/td><td><strong>Type de structure<\/strong><\/td><td><strong>Capacit\u00e9 estim\u00e9e<\/strong><\/td><td><strong>Apr\u00e8s les Jeux olympiques<\/strong><\/td><\/tr><\/thead><tbody><tr><td>Milano<\/td><td>Nouvelle construction urbaine<\/td><td>1 400 personnes<\/td><td>Logements pour \u00e9tudiants, espaces publics<\/td><\/tr><tr><td>Livigno<\/td><td>Structures alpines fixes<\/td><td>1 000 personnes<\/td><td>H\u00e9bergement touristique\/r\u00e9sidentiel<\/td><\/tr><tr><td>Cortina<\/td><td>Structures temporaires<\/td><td>Environ 500 personnes<\/td><td>D\u00e9mant\u00e8lement et r\u00e9utilisation sociale<\/td><\/tr><\/tbody><\/table><\/figure>\n\n\n\n<p><strong>Villages olympiques : au-del\u00e0 de l'hospitalit\u00e9<\/strong><\/p>\n\n\n\n<p>Ces villages ne sont pas de simples dortoirs : ils sont <strong>les centres n\u00e9vralgiques de l'Olympiade<\/strong>o\u00f9 les athl\u00e8tes se rencontrent, partagent leurs r\u00eaves et leurs valeurs. Chaque choix architectural refl\u00e8te une philosophie :<\/p>\n\n\n\n<ul class=\"wp-block-list\">\n<li>Milan vise la<strong>l'innovation urbaine<\/strong>;<\/li>\n\n\n\n<li>Livigno \u00e0 la <strong>la durabilit\u00e9 int\u00e9gr\u00e9e dans le paysage<\/strong>;<\/li>\n\n\n\n<li>Cortina \u00e0 la <strong>une flexibilit\u00e9 intelligente<\/strong>.<\/li>\n<\/ul>\n\n\n\n<p>Trois villages, trois visions de l'Italie, r\u00e9unis sous le m\u00eame drapeau tricolore.<\/p>\n<div class=\"amc-dopo-il-contenuto\" id=\"amc-2491302357\"><script type=\"text\/plain\" data-tcf=\"waiting-for-consent\" data-id=\"1033\" data-bid=\"1\">PGRpdiBpZD0iYW1jLTEyNjk3MjE3MiI+PHNjcmlwdCBhc3luYyBzcmM9Ii8vcGFnZWFkMi5nb29nbGVzeW5kaWNhdGlvbi5jb20vcGFnZWFkL2pzL2Fkc2J5Z29vZ2xlLmpzP2NsaWVudD1jYS1wdWItNDQwMTE0NTAyNzUzOTExNSIgY3Jvc3NvcmlnaW49ImFub255bW91cyI+PC9zY3JpcHQ+PGlucyBjbGFzcz0iYWRzYnlnb29nbGUiIHN0eWxlPSJkaXNwbGF5OmJsb2NrOyIgZGF0YS1hZC1jbGllbnQ9ImNhLXB1Yi00NDAxMTQ1MDI3NTM5MTE1IiAKZGF0YS1hZC1zbG90PSIiIApkYXRhLWFkLWZvcm1hdD0iYXV0byIgZGF0YS1mdWxsLXdpZHRoLXJlc3BvbnNpdmU9InRydWUiPjwvaW5zPgo8c2NyaXB0PiAKKGFkc2J5Z29vZ2xlID0gd2luZG93LmFkc2J5Z29vZ2xlIHx8IFtdKS5wdXNoKHt9KTsgCjwvc2NyaXB0Pgo8L2Rpdj4=<\/script><\/div>","protected":false},"excerpt":{"rendered":"<p>Ogni Olimpiade ha un cuore pulsante nascosto dietro le quinte: il villaggio olimpico. Non \u00e8 solo un luogo dove dormire, ma una citt\u00e0 nella citt\u00e0, un microcosmo di lingue, culture, allenamenti e emozioni condivise. Per Milano Cortina 2026, saranno tre i grandi villaggi: Milano, Livigno e Cortina d\u2019Ampezzo. Ognuno con caratteristiche, esigenze e identit\u00e0 profondamente [&hellip;]<\/p>","protected":false},"author":3,"featured_media":449,"comment_status":"open","ping_status":"open","sticky":false,"template":"","format":"standard","meta":{"_acf_changed":false,"footnotes":""},"categories":[4,1],"tags":[],"class_list":["post-448","post","type-post","status-publish","format-standard","has-post-thumbnail","hentry","category-dietro-le-quinte","category-notizie-e-aggiornamenti"],"acf":[],"_links":{"self":[{"href":"https:\/\/aspettandomilanocortina2026.it\/fr\/wp-json\/wp\/v2\/posts\/448","targetHints":{"allow":["GET"]}}],"collection":[{"href":"https:\/\/aspettandomilanocortina2026.it\/fr\/wp-json\/wp\/v2\/posts"}],"about":[{"href":"https:\/\/aspettandomilanocortina2026.it\/fr\/wp-json\/wp\/v2\/types\/post"}],"author":[{"embeddable":true,"href":"https:\/\/aspettandomilanocortina2026.it\/fr\/wp-json\/wp\/v2\/users\/3"}],"replies":[{"embeddable":true,"href":"https:\/\/aspettandomilanocortina2026.it\/fr\/wp-json\/wp\/v2\/comments?post=448"}],"version-history":[{"count":1,"href":"https:\/\/aspettandomilanocortina2026.it\/fr\/wp-json\/wp\/v2\/posts\/448\/revisions"}],"predecessor-version":[{"id":450,"href":"https:\/\/aspettandomilanocortina2026.it\/fr\/wp-json\/wp\/v2\/posts\/448\/revisions\/450"}],"wp:featuredmedia":[{"embeddable":true,"href":"https:\/\/aspettandomilanocortina2026.it\/fr\/wp-json\/wp\/v2\/media\/449"}],"wp:attachment":[{"href":"https:\/\/aspettandomilanocortina2026.it\/fr\/wp-json\/wp\/v2\/media?parent=448"}],"wp:term":[{"taxonomy":"category","embeddable":true,"href":"https:\/\/aspettandomilanocortina2026.it\/fr\/wp-json\/wp\/v2\/categories?post=448"},{"taxonomy":"post_tag","embeddable":true,"href":"https:\/\/aspettandomilanocortina2026.it\/fr\/wp-json\/wp\/v2\/tags?post=448"}],"curies":[{"name":"wp","href":"https:\/\/api.w.org\/{rel}","templated":true}]}}