{"id":445,"date":"2025-05-16T20:43:44","date_gmt":"2025-05-16T19:43:44","guid":{"rendered":"https:\/\/aspettandomilanocortina2026.it\/?p=445"},"modified":"2025-05-16T20:43:45","modified_gmt":"2025-05-16T19:43:45","slug":"les-volontaires-olympiques-les-personnes-extraordinaires-qui-rendront-les-jeux-de-milan-cortina-2026-magiques","status":"publish","type":"post","link":"https:\/\/aspettandomilanocortina2026.it\/fr\/les-volontaires-olympiques-les-personnes-extraordinaires-qui-rendront-les-jeux-de-milan-cortina-2026-magiques\/","title":{"rendered":"Les volontaires olympiques : les personnes extraordinaires qui rendront les Jeux de Milan Cortina 2026 magiques"},"content":{"rendered":"<script type=\"text\/plain\" data-tcf=\"waiting-for-consent\" data-id=\"1033\" data-bid=\"1\" data-placement=\"1034\">PGRpdiBpZD0iYW1jLTExNTI3MzgzMzgiIGNsYXNzPSJhbWMtcHJpbWEtZGVsLWNvbnRlbnV0byI+PHNjcmlwdCBhc3luYyBzcmM9Ii8vcGFnZWFkMi5nb29nbGVzeW5kaWNhdGlvbi5jb20vcGFnZWFkL2pzL2Fkc2J5Z29vZ2xlLmpzP2NsaWVudD1jYS1wdWItNDQwMTE0NTAyNzUzOTExNSIgY3Jvc3NvcmlnaW49ImFub255bW91cyI+PC9zY3JpcHQ+PGlucyBjbGFzcz0iYWRzYnlnb29nbGUiIHN0eWxlPSJkaXNwbGF5OmJsb2NrOyIgZGF0YS1hZC1jbGllbnQ9ImNhLXB1Yi00NDAxMTQ1MDI3NTM5MTE1IiAKZGF0YS1hZC1zbG90PSIiIApkYXRhLWFkLWZvcm1hdD0iYXV0byIgZGF0YS1mdWxsLXdpZHRoLXJlc3BvbnNpdmU9InRydWUiPjwvaW5zPgo8c2NyaXB0PiAKKGFkc2J5Z29vZ2xlID0gd2luZG93LmFkc2J5Z29vZ2xlIHx8IFtdKS5wdXNoKHt9KTsgCjwvc2NyaXB0Pgo8L2Rpdj4=<\/script>\n<p>Il y a une flamme qui br\u00fble derri\u00e8re chaque grand \u00e9v\u00e9nement sportif. Il ne s'agit pas seulement de la flamme olympique, qui passe de main en main jusqu'\u00e0 ce qu'elle illumine le stade. C'est la flamme du d\u00e9vouement, de l'humanit\u00e9 et de la passion : celle qui br\u00fble dans le c\u0153ur des athl\u00e8tes. <strong>volontaires olympiques<\/strong>. A <strong>Milan Cortina 2026<\/strong>Le temps est \u00e9coul\u00e9. <strong>20.000<\/strong>. Ce seront les voix, les sourires, les mains qui guideront les athl\u00e8tes, les fans et les d\u00e9l\u00e9gations \u00e0 travers les \u00e9motions, la logistique et les r\u00eaves partag\u00e9s.<\/p><script type=\"text\/plain\" data-tcf=\"waiting-for-consent\" data-id=\"1037\" data-bid=\"1\" data-placement=\"726\">PGRpdiBpZD0iYW1jLTM2MTY2MjY3NDkiIGNsYXNzPSJhbWMtcG9zdC1jb250ZW50IiBzdHlsZT0ibWFyZ2luLWxlZnQ6IGF1dG87bWFyZ2luLXJpZ2h0OiBhdXRvO3RleHQtYWxpZ246IGNlbnRlcjsiPjxzY3JpcHQgYXN5bmMgc3JjPSIvL3BhZ2VhZDIuZ29vZ2xlc3luZGljYXRpb24uY29tL3BhZ2VhZC9qcy9hZHNieWdvb2dsZS5qcz9jbGllbnQ9Y2EtcHViLTQ0MDExNDUwMjc1MzkxMTUiIGNyb3Nzb3JpZ2luPSJhbm9ueW1vdXMiPjwvc2NyaXB0PjxpbnMgY2xhc3M9ImFkc2J5Z29vZ2xlIiBzdHlsZT0iZGlzcGxheTpibG9jazsiIGRhdGEtYWQtY2xpZW50PSJjYS1wdWItNDQwMTE0NTAyNzUzOTExNSIgCmRhdGEtYWQtc2xvdD0iODAyMDU4Mzc5MyIgCmRhdGEtYWQtZm9ybWF0PSJhdXRvIiBkYXRhLWZ1bGwtd2lkdGgtcmVzcG9uc2l2ZT0idHJ1ZSI+PC9pbnM+CjxzY3JpcHQ+IAooYWRzYnlnb29nbGUgPSB3aW5kb3cuYWRzYnlnb29nbGUgfHwgW10pLnB1c2goe30pOyAKPC9zY3JpcHQ+CjwvZGl2PjxiciBzdHlsZT0iY2xlYXI6IGJvdGg7IGRpc3BsYXk6IGJsb2NrOyBmbG9hdDogbm9uZTsiLz4=<\/script>\n\n\n\n<p><strong>Qui sont les volontaires olympiques ?<\/strong><\/p><script type=\"text\/plain\" data-tcf=\"waiting-for-consent\" data-id=\"1033\" data-bid=\"1\" data-placement=\"985\">PGRpdiBpZD0iYW1jLTI1MTMzMzk1NTkiIGNsYXNzPSJhbWMtbWgtbWlkIj48c2NyaXB0IGFzeW5jIHNyYz0iLy9wYWdlYWQyLmdvb2dsZXN5bmRpY2F0aW9uLmNvbS9wYWdlYWQvanMvYWRzYnlnb29nbGUuanM\/Y2xpZW50PWNhLXB1Yi00NDAxMTQ1MDI3NTM5MTE1IiBjcm9zc29yaWdpbj0iYW5vbnltb3VzIj48L3NjcmlwdD48aW5zIGNsYXNzPSJhZHNieWdvb2dsZSIgc3R5bGU9ImRpc3BsYXk6YmxvY2s7IiBkYXRhLWFkLWNsaWVudD0iY2EtcHViLTQ0MDExNDUwMjc1MzkxMTUiIApkYXRhLWFkLXNsb3Q9IiIgCmRhdGEtYWQtZm9ybWF0PSJhdXRvIiBkYXRhLWZ1bGwtd2lkdGgtcmVzcG9uc2l2ZT0idHJ1ZSI+PC9pbnM+CjxzY3JpcHQ+IAooYWRzYnlnb29nbGUgPSB3aW5kb3cuYWRzYnlnb29nbGUgfHwgW10pLnB1c2goe30pOyAKPC9zY3JpcHQ+CjwvZGl2Pg==<\/script>\n\n\n\n<p>Il n'y a pas d'identit\u00e9 unique. Il y a des \u00e9tudiants, des retrait\u00e9s, des travailleurs en pause, des sportifs et de simples amateurs. Des hommes et des femmes, des Italiens et des \u00e9trangers. Certains parlent cinq langues, d'autres ont une connaissance particuli\u00e8re des Alpes. Mais ils ont tous une caract\u00e9ristique en commun : <strong>veulent faire partie de l'histoire<\/strong>se rendre utile et repr\u00e9senter l'Italie avec fiert\u00e9.<\/p>\n\n\n\n<p>Beaucoup d'entre eux se pr\u00e9parent d\u00e9j\u00e0. Ils suivent des cours de formation, apprennent des langues, \u00e9tudient les lieux. Certains vivent \u00e0 proximit\u00e9 des sites de comp\u00e9tition, d'autres se d\u00e9placent de loin pour \u00eatre l\u00e0, ne serait-ce que pour une semaine.<\/p>\n\n\n\n<p><strong>Que font les b\u00e9n\u00e9voles aux Jeux olympiques ?<\/strong><\/p>\n\n\n\n<p>Derri\u00e8re chaque course de ski, chaque c\u00e9r\u00e9monie, chaque entretien avec un athl\u00e8te, il y a un b\u00e9n\u00e9vole. Leur contribution est cruciale, mais souvent invisible. Voici quelques-uns des r\u00f4les cl\u00e9s :<\/p>\n\n\n\n<ul class=\"wp-block-list\">\n<li><strong>R\u00e9ception<\/strong> dans les gares, les a\u00e9roports et aux portes des usines ;<\/li>\n\n\n\n<li><strong>Soutien linguistique<\/strong> pour les d\u00e9l\u00e9gations et les athl\u00e8tes ;<\/li>\n\n\n\n<li><strong>Gestion des zones de ventilation<\/strong>des points d'information et des espaces presse ;<\/li>\n\n\n\n<li><strong>Assistance aux spectateurs handicap\u00e9s<\/strong>;<\/li>\n\n\n\n<li><strong>Logistique et manutention<\/strong> de l'\u00e9quipement, des documents et du mat\u00e9riel ;<\/li>\n\n\n\n<li><strong>Soutien lors des c\u00e9r\u00e9monies<\/strong> l'ouverture et la fermeture ;<\/li>\n\n\n\n<li><strong>Pr\u00e9sence constante dans les villages olympiques<\/strong>.<\/li>\n<\/ul>\n\n\n\n<p>Chaque geste, de la remise d'un laissez-passer \u00e0 l'indication d'un arr\u00eat de bus, contribuera \u00e0 rendre l'exp\u00e9rience inoubliable pour tout le monde.<\/p>\n\n\n\n<p><strong>Comment participer : le programme de volontariat Milan Cortina 2026<\/strong><\/p>\n\n\n\n<p>La s\u00e9lection est en cours et ouverte \u00e0 tous ceux qui ont termin\u00e9 <strong>au moins 18 ans<\/strong> d'ici le 1er janvier 2026. Il n'est pas n\u00e9cessaire d'avoir des comp\u00e9tences professionnelles sp\u00e9cifiques, mais c'est pr\u00e9f\u00e9rable :<\/p>\n\n\n\n<ul class=\"wp-block-list\">\n<li>Parler <strong>au moins une langue \u00e9trang\u00e8re<\/strong> (l'anglais avant tout) ;<\/li>\n\n\n\n<li>Avoir l'esprit d'\u00e9quipe ;<\/li>\n\n\n\n<li>\u00catre disponible pour au moins <strong>10 jours cons\u00e9cutifs<\/strong> pendant l'\u00e9v\u00e9nement ;<\/li>\n\n\n\n<li>Faire preuve d'enthousiasme, de gentillesse et de fiabilit\u00e9.<\/li>\n<\/ul>\n\n\n\n<p>Pour postuler, vous devez remplir le formulaire officiel disponible sur volontari.milanocortina2026.org, o\u00f9 vous pouvez choisir vos pr\u00e9f\u00e9rences en fonction de la ville, du r\u00f4le et de la langue parl\u00e9e.<\/p>\n\n\n\n<p>Les volontaires seront garantis :<\/p>\n\n\n\n<ul class=\"wp-block-list\">\n<li>Uniforme officiel ;<\/li>\n\n\n\n<li>Formation gratuite ;<\/li>\n\n\n\n<li>Assurance et ch\u00e8ques-repas ;<\/li>\n\n\n\n<li>Transports publics locaux gratuits ;<\/li>\n\n\n\n<li>Un certificat officiel de participation.<\/li>\n<\/ul>\n\n\n\n<p><strong>Leurs histoires : Les voix des Jeux<\/strong><\/p>\n\n\n\n<p>Alessia, 22 ans, s'est inscrite comme volontaire pour Cortina. \"J'ai grandi avec le ski. Pouvoir aider ici, chez moi, est un honneur. Ce sera comme faire partie d'une \u00e9quipe mondiale\".<\/p>\n\n\n\n<p>Marco, 63 ans, retrait\u00e9 depuis deux ans, sera affect\u00e9 au village olympique de Milan. \"Je me sens rena\u00eetre. J'ai \u00e9tudi\u00e9 l'anglais pour cela, je veux apporter ma contribution et peut-\u00eatre inspirer mes petits-enfants\".<\/p>\n\n\n\n<p>Et puis il y a Yara, une \u00e9tudiante \u00e9gyptienne Erasmus \u00e0 Trente. Les Jeux olympiques sont un r\u00eave. Et pour moi, l'Italie, c'est chez moi. C'est l'occasion pour moi de donner quelque chose en retour\".<\/p>\n\n\n\n<p><strong>Le c\u0153ur silencieux des jeux<\/strong><\/p>\n\n\n\n<p>Les volontaires ne gagneront pas de m\u00e9dailles, mais ils seront les v\u00e9ritables acteurs de la lutte contre la pauvret\u00e9. <strong>ambassadeurs de l'esprit olympique<\/strong>. Chaque sourire, chaque geste d'aide sera un petit miracle quotidien. Sans eux, les Jeux ne pourraient pas exister.<\/p>\n\n\n\n<p><strong>Participer en tant que volontaire, c'est plus qu'aider : c'est participer activement \u00e0 l'histoire, en partageant des valeurs de paix, d'amiti\u00e9 et d'inclusion.<\/strong><\/p>\n<div class=\"amc-dopo-il-contenuto\" id=\"amc-2186956045\"><script type=\"text\/plain\" data-tcf=\"waiting-for-consent\" data-id=\"1033\" data-bid=\"1\">PGRpdiBpZD0iYW1jLTUwMzY3Mjk2OSI+PHNjcmlwdCBhc3luYyBzcmM9Ii8vcGFnZWFkMi5nb29nbGVzeW5kaWNhdGlvbi5jb20vcGFnZWFkL2pzL2Fkc2J5Z29vZ2xlLmpzP2NsaWVudD1jYS1wdWItNDQwMTE0NTAyNzUzOTExNSIgY3Jvc3NvcmlnaW49ImFub255bW91cyI+PC9zY3JpcHQ+PGlucyBjbGFzcz0iYWRzYnlnb29nbGUiIHN0eWxlPSJkaXNwbGF5OmJsb2NrOyIgZGF0YS1hZC1jbGllbnQ9ImNhLXB1Yi00NDAxMTQ1MDI3NTM5MTE1IiAKZGF0YS1hZC1zbG90PSIiIApkYXRhLWFkLWZvcm1hdD0iYXV0byIgZGF0YS1mdWxsLXdpZHRoLXJlc3BvbnNpdmU9InRydWUiPjwvaW5zPgo8c2NyaXB0PiAKKGFkc2J5Z29vZ2xlID0gd2luZG93LmFkc2J5Z29vZ2xlIHx8IFtdKS5wdXNoKHt9KTsgCjwvc2NyaXB0Pgo8L2Rpdj4=<\/script><\/div>","protected":false},"excerpt":{"rendered":"<p>C&#8217;\u00e8 una fiamma che arde dietro ogni grande evento sportivo. Non \u00e8 solo quella olimpica, che corre di mano in mano fino a illuminare lo stadio. \u00c8 la fiamma della dedizione, dell\u2019umanit\u00e0 e della passione: quella che brucia nel cuore dei volontari olimpici. A Milano Cortina 2026, saranno oltre 20.000. Saranno le voci, i sorrisi, [&hellip;]<\/p>","protected":false},"author":3,"featured_media":446,"comment_status":"open","ping_status":"open","sticky":false,"template":"","format":"standard","meta":{"_acf_changed":false,"footnotes":""},"categories":[4,1],"tags":[],"class_list":["post-445","post","type-post","status-publish","format-standard","has-post-thumbnail","hentry","category-dietro-le-quinte","category-notizie-e-aggiornamenti"],"acf":[],"_links":{"self":[{"href":"https:\/\/aspettandomilanocortina2026.it\/fr\/wp-json\/wp\/v2\/posts\/445","targetHints":{"allow":["GET"]}}],"collection":[{"href":"https:\/\/aspettandomilanocortina2026.it\/fr\/wp-json\/wp\/v2\/posts"}],"about":[{"href":"https:\/\/aspettandomilanocortina2026.it\/fr\/wp-json\/wp\/v2\/types\/post"}],"author":[{"embeddable":true,"href":"https:\/\/aspettandomilanocortina2026.it\/fr\/wp-json\/wp\/v2\/users\/3"}],"replies":[{"embeddable":true,"href":"https:\/\/aspettandomilanocortina2026.it\/fr\/wp-json\/wp\/v2\/comments?post=445"}],"version-history":[{"count":1,"href":"https:\/\/aspettandomilanocortina2026.it\/fr\/wp-json\/wp\/v2\/posts\/445\/revisions"}],"predecessor-version":[{"id":447,"href":"https:\/\/aspettandomilanocortina2026.it\/fr\/wp-json\/wp\/v2\/posts\/445\/revisions\/447"}],"wp:featuredmedia":[{"embeddable":true,"href":"https:\/\/aspettandomilanocortina2026.it\/fr\/wp-json\/wp\/v2\/media\/446"}],"wp:attachment":[{"href":"https:\/\/aspettandomilanocortina2026.it\/fr\/wp-json\/wp\/v2\/media?parent=445"}],"wp:term":[{"taxonomy":"category","embeddable":true,"href":"https:\/\/aspettandomilanocortina2026.it\/fr\/wp-json\/wp\/v2\/categories?post=445"},{"taxonomy":"post_tag","embeddable":true,"href":"https:\/\/aspettandomilanocortina2026.it\/fr\/wp-json\/wp\/v2\/tags?post=445"}],"curies":[{"name":"wp","href":"https:\/\/api.w.org\/{rel}","templated":true}]}}