{"id":431,"date":"2025-05-15T20:28:42","date_gmt":"2025-05-15T19:28:42","guid":{"rendered":"https:\/\/aspettandomilanocortina2026.it\/?p=431"},"modified":"2025-05-15T20:34:22","modified_gmt":"2025-05-15T19:34:22","slug":"milan-cortina-2026-ethique-et-verite-dans-le-sport-au-dela-des-medailles","status":"publish","type":"post","link":"https:\/\/aspettandomilanocortina2026.it\/fr\/milan-cortina-2026-ethique-et-verite-dans-le-sport-au-dela-des-medailles\/","title":{"rendered":"Milan Cortina 2026 : \u00c9thique et v\u00e9rit\u00e9 dans le sport, au-del\u00e0 des m\u00e9dailles"},"content":{"rendered":"<script type=\"text\/plain\" data-tcf=\"waiting-for-consent\" data-id=\"1033\" data-bid=\"1\" data-placement=\"1034\">PGRpdiBpZD0iYW1jLTIzMzQ1NzM2NCIgY2xhc3M9ImFtYy1wcmltYS1kZWwtY29udGVudXRvIj48c2NyaXB0IGFzeW5jIHNyYz0iLy9wYWdlYWQyLmdvb2dsZXN5bmRpY2F0aW9uLmNvbS9wYWdlYWQvanMvYWRzYnlnb29nbGUuanM\/Y2xpZW50PWNhLXB1Yi00NDAxMTQ1MDI3NTM5MTE1IiBjcm9zc29yaWdpbj0iYW5vbnltb3VzIj48L3NjcmlwdD48aW5zIGNsYXNzPSJhZHNieWdvb2dsZSIgc3R5bGU9ImRpc3BsYXk6YmxvY2s7IiBkYXRhLWFkLWNsaWVudD0iY2EtcHViLTQ0MDExNDUwMjc1MzkxMTUiIApkYXRhLWFkLXNsb3Q9IiIgCmRhdGEtYWQtZm9ybWF0PSJhdXRvIiBkYXRhLWZ1bGwtd2lkdGgtcmVzcG9uc2l2ZT0idHJ1ZSI+PC9pbnM+CjxzY3JpcHQ+IAooYWRzYnlnb29nbGUgPSB3aW5kb3cuYWRzYnlnb29nbGUgfHwgW10pLnB1c2goe30pOyAKPC9zY3JpcHQ+CjwvZGl2Pg==<\/script>\n<p>Alors que le monde s'appr\u00eate \u00e0 accueillir le <strong>Jeux olympiques et paralympiques d'hiver 2026 \u00e0 Milan Cortina<\/strong>le regard s'\u00e9loigne de plus en plus du chronom\u00e8tre et du podium. Le sport moderne est appel\u00e9 \u00e0 relever un d\u00e9fi qui ne se gagne pas par la vitesse ou la technique : c'est le d\u00e9fi de l'image.<strong>\u00e9thique, transparence et \u00e9quit\u00e9<\/strong>.<\/p><script type=\"text\/plain\" data-tcf=\"waiting-for-consent\" data-id=\"1037\" data-bid=\"1\" data-placement=\"726\">PGRpdiBpZD0iYW1jLTM5NzY5MjcxODIiIGNsYXNzPSJhbWMtcG9zdC1jb250ZW50IiBzdHlsZT0ibWFyZ2luLWxlZnQ6IGF1dG87bWFyZ2luLXJpZ2h0OiBhdXRvO3RleHQtYWxpZ246IGNlbnRlcjsiPjxzY3JpcHQgYXN5bmMgc3JjPSIvL3BhZ2VhZDIuZ29vZ2xlc3luZGljYXRpb24uY29tL3BhZ2VhZC9qcy9hZHNieWdvb2dsZS5qcz9jbGllbnQ9Y2EtcHViLTQ0MDExNDUwMjc1MzkxMTUiIGNyb3Nzb3JpZ2luPSJhbm9ueW1vdXMiPjwvc2NyaXB0PjxpbnMgY2xhc3M9ImFkc2J5Z29vZ2xlIiBzdHlsZT0iZGlzcGxheTpibG9jazsiIGRhdGEtYWQtY2xpZW50PSJjYS1wdWItNDQwMTE0NTAyNzUzOTExNSIgCmRhdGEtYWQtc2xvdD0iODAyMDU4Mzc5MyIgCmRhdGEtYWQtZm9ybWF0PSJhdXRvIiBkYXRhLWZ1bGwtd2lkdGgtcmVzcG9uc2l2ZT0idHJ1ZSI+PC9pbnM+CjxzY3JpcHQ+IAooYWRzYnlnb29nbGUgPSB3aW5kb3cuYWRzYnlnb29nbGUgfHwgW10pLnB1c2goe30pOyAKPC9zY3JpcHQ+CjwvZGl2PjxiciBzdHlsZT0iY2xlYXI6IGJvdGg7IGRpc3BsYXk6IGJsb2NrOyBmbG9hdDogbm9uZTsiLz4=<\/script>\n\n\n\n<p><strong>Le sport, miroir de la soci\u00e9t\u00e9<\/strong><\/p><script type=\"text\/plain\" data-tcf=\"waiting-for-consent\" data-id=\"1033\" data-bid=\"1\" data-placement=\"985\">PGRpdiBpZD0iYW1jLTMyMTgwNDQ4MDQiIGNsYXNzPSJhbWMtbWgtbWlkIj48c2NyaXB0IGFzeW5jIHNyYz0iLy9wYWdlYWQyLmdvb2dsZXN5bmRpY2F0aW9uLmNvbS9wYWdlYWQvanMvYWRzYnlnb29nbGUuanM\/Y2xpZW50PWNhLXB1Yi00NDAxMTQ1MDI3NTM5MTE1IiBjcm9zc29yaWdpbj0iYW5vbnltb3VzIj48L3NjcmlwdD48aW5zIGNsYXNzPSJhZHNieWdvb2dsZSIgc3R5bGU9ImRpc3BsYXk6YmxvY2s7IiBkYXRhLWFkLWNsaWVudD0iY2EtcHViLTQ0MDExNDUwMjc1MzkxMTUiIApkYXRhLWFkLXNsb3Q9IiIgCmRhdGEtYWQtZm9ybWF0PSJhdXRvIiBkYXRhLWZ1bGwtd2lkdGgtcmVzcG9uc2l2ZT0idHJ1ZSI+PC9pbnM+CjxzY3JpcHQ+IAooYWRzYnlnb29nbGUgPSB3aW5kb3cuYWRzYnlnb29nbGUgfHwgW10pLnB1c2goe30pOyAKPC9zY3JpcHQ+CjwvZGl2Pg==<\/script>\n\n\n\n<p>\u00c0 une \u00e9poque o\u00f9 les nouvelles vont plus vite que les pistes gratuites de Bormio et o\u00f9 chaque d\u00e9cision arbitrale est diss\u00e9qu\u00e9e en temps r\u00e9el sur les m\u00e9dias sociaux, le concept de <strong>Le sport propre<\/strong> devient un fondement indispensable. Les Jeux olympiques ne sont pas seulement une comp\u00e9tition internationale : ils sont un symbole culturel et moral, un lieu o\u00f9 l'on peut se rencontrer et se rencontrer. <strong>les valeurs telles que le respect, la loyaut\u00e9 et la responsabilit\u00e9 deviennent concr\u00e8tes<\/strong>.<\/p>\n\n\n\n<p><strong>Dopage, abus et fraude : quand la victoire se paie trop cher<\/strong><\/p>\n\n\n\n<p>Le pass\u00e9 r\u00e9cent du sport international est marqu\u00e9 par de nombreux cas de <strong>dopage syst\u00e9mique<\/strong>, <strong>maltraitance des enfants<\/strong>, <strong>la falsification des r\u00e9sultats<\/strong> e <strong>la discrimination structurelle<\/strong>. De la Russie au monde de la gymnastique artistique, des combinaisons truqu\u00e9es en combin\u00e9 nordique aux manipulations en saut \u00e0 ski, chaque scandale a laiss\u00e9 une trace et une interrogation : <strong>Combien sommes-nous pr\u00eats \u00e0 sacrifier au nom de la victoire ?<\/strong><\/p>\n\n\n\n<p>Pour Milan Cortina 2026, le <strong>Comit\u00e9 international olympique (CIO)<\/strong> et le <strong>Comit\u00e9 international paralympique (CIP)<\/strong> ont choisi une ligne claire : <strong>tol\u00e9rance z\u00e9ro \u00e0 l'\u00e9gard de toute forme d'irr\u00e9gularit\u00e9 ou d'abus<\/strong>et une transparence maximale dans chaque processus de contr\u00f4le.<\/p>\n\n\n\n<p><strong>Contr\u00f4les avanc\u00e9s : entre biotechnologie et intelligence artificielle<\/strong><\/p>\n\n\n\n<p>Les Jeux de 2026 seront parmi les plus surveill\u00e9s de l'histoire. Voici quelques innovations qui assureront la r\u00e9gularit\u00e9 des comp\u00e9titions :<\/p>\n\n\n\n<ul class=\"wp-block-list\">\n<li><strong>Analyse biom\u00e9trique<\/strong> en temps r\u00e9el pour d\u00e9tecter les anomalies physiologiques.<\/li>\n\n\n\n<li><strong>Scanners 3D<\/strong> pour v\u00e9rifier l'\u00e9quipement (par exemple, la longueur des skis, les mat\u00e9riaux des combinaisons).<\/li>\n\n\n\n<li><strong>Suivi des donn\u00e9es<\/strong> gr\u00e2ce \u00e0 l'IA pour d\u00e9tecter les performances anormales par rapport \u00e0 la moyenne historique de l'athl\u00e8te.<\/li>\n\n\n\n<li>Collaboration entre <strong>AMA, CIO, CIP et f\u00e9d\u00e9rations internationales<\/strong> pour recouper les informations.<\/li>\n<\/ul>\n\n\n\n<p>Cette synergie permet non seulement d'accro\u00eetre la s\u00e9curit\u00e9, mais aussi <strong>dissuade toute personne de chercher des raccourcis<\/strong>.<\/p>\n\n\n\n<p><strong>L'\u00e9ducation pour un sport propre : des \u00e9coles aux villages olympiques<\/strong><\/p>\n\n\n\n<p>Milano Cortina ne sera pas seulement une vitrine pour la comp\u00e9tition, mais aussi une plateforme \u00e9ducative. Un programme de formation \u00e9thique est pr\u00e9vu pour :<\/p>\n\n\n\n<ul class=\"wp-block-list\">\n<li><strong>Athl\u00e8tes et techniciens<\/strong>R\u00e9unions sur le th\u00e8me du consentement, de la sant\u00e9 mentale et des devoirs \u00e9thiques dans le sport.<\/li>\n\n\n\n<li><strong>Jeunes spectateurs et \u00e9tudiants<\/strong>des visites d'\u00e9coles et du mat\u00e9riel p\u00e9dagogique pour \u00e9duquer \u00e0 la valeur de l'\u00e9quit\u00e9.<\/li>\n\n\n\n<li><strong>Personnel et b\u00e9n\u00e9voles<\/strong>une formation contre le harc\u00e8lement, la discrimination et le langage offensant.<\/li>\n<\/ul>\n\n\n\n<p>Le mot cl\u00e9 est <strong>sensibilisation<\/strong>. Car seul un athl\u00e8te conscient devient aussi un exemple.<\/p>\n\n\n\n<p><strong>Le pouvoir des d\u00e9nonciations et des t\u00e9moignages<\/strong><\/p>\n\n\n\n<p>Ces derni\u00e8res ann\u00e9es, de nombreuses athl\u00e8tes f\u00e9minines ont bris\u00e9 le silence sur les abus commis dans des milieux sportifs apparemment intouchables. Des t\u00e9moignages \u00e9manant de f\u00e9d\u00e9rations de ski, de f\u00e9d\u00e9rations nationales et de cercles olympiques ont d\u00e9clench\u00e9 <strong>enqu\u00eates internes et r\u00e9formes structurelles<\/strong>. Gr\u00e2ce \u00e9galement au soutien de journalistes, d'activistes et de mouvements internationaux, aujourd'hui <strong>la d\u00e9nonciation n'est plus consid\u00e9r\u00e9e comme un acte de faiblesse, mais de courage<\/strong>.<\/p>\n\n\n\n<p>Le comit\u00e9 d'organisation de Milano Cortina a d\u00e9j\u00e0 annonc\u00e9 la mise en place d'un groupe de travail. <strong>\"Ligne d'assistance pour l'int\u00e9grit\u00e9 du sport<\/strong>un service d'assistance t\u00e9l\u00e9phonique permettant de signaler anonymement toute mauvaise conduite ou tout comportement dangereux.<\/p>\n\n\n\n<p><strong>Un sport plus juste est un sport plus fort<\/strong><\/p>\n\n\n\n<p>Les Jeux olympiques sont n\u00e9s pour unir, pas pour diviser. Promouvoir la justice et l'int\u00e9grit\u00e9, c'est redonner au sport son sens le plus profond. Et c'est pr\u00e9cis\u00e9ment de Milan et de Cortina que partira un message puissant : <strong>il n'y a pas de m\u00e9daille d'or qui vaille plus que la dignit\u00e9 humaine<\/strong>.<\/p>\n<div class=\"amc-dopo-il-contenuto\" id=\"amc-2897971218\"><script type=\"text\/plain\" data-tcf=\"waiting-for-consent\" data-id=\"1033\" data-bid=\"1\">PGRpdiBpZD0iYW1jLTk3OTIyMzE0NSI+PHNjcmlwdCBhc3luYyBzcmM9Ii8vcGFnZWFkMi5nb29nbGVzeW5kaWNhdGlvbi5jb20vcGFnZWFkL2pzL2Fkc2J5Z29vZ2xlLmpzP2NsaWVudD1jYS1wdWItNDQwMTE0NTAyNzUzOTExNSIgY3Jvc3NvcmlnaW49ImFub255bW91cyI+PC9zY3JpcHQ+PGlucyBjbGFzcz0iYWRzYnlnb29nbGUiIHN0eWxlPSJkaXNwbGF5OmJsb2NrOyIgZGF0YS1hZC1jbGllbnQ9ImNhLXB1Yi00NDAxMTQ1MDI3NTM5MTE1IiAKZGF0YS1hZC1zbG90PSIiIApkYXRhLWFkLWZvcm1hdD0iYXV0byIgZGF0YS1mdWxsLXdpZHRoLXJlc3BvbnNpdmU9InRydWUiPjwvaW5zPgo8c2NyaXB0PiAKKGFkc2J5Z29vZ2xlID0gd2luZG93LmFkc2J5Z29vZ2xlIHx8IFtdKS5wdXNoKHt9KTsgCjwvc2NyaXB0Pgo8L2Rpdj4=<\/script><\/div>","protected":false},"excerpt":{"rendered":"<p>Mentre il mondo si prepara ad accogliere le Olimpiadi e Paralimpiadi Invernali di Milano Cortina 2026, lo sguardo si sposta sempre pi\u00f9 oltre il cronometro e il podio. Lo sport moderno \u00e8 chiamato a una sfida che non si vince con la velocit\u00e0 o la tecnica: \u00e8 la sfida dell\u2019etica, della trasparenza e della correttezza. [&hellip;]<\/p>","protected":false},"author":3,"featured_media":434,"comment_status":"open","ping_status":"open","sticky":false,"template":"","format":"standard","meta":{"_acf_changed":false,"footnotes":""},"categories":[1,2,7,9],"tags":[],"class_list":["post-431","post","type-post","status-publish","format-standard","has-post-thumbnail","hentry","category-notizie-e-aggiornamenti","category-atleti-e-squadre","category-milano-e-cortina","category-paralimpiadi"],"acf":[],"_links":{"self":[{"href":"https:\/\/aspettandomilanocortina2026.it\/fr\/wp-json\/wp\/v2\/posts\/431","targetHints":{"allow":["GET"]}}],"collection":[{"href":"https:\/\/aspettandomilanocortina2026.it\/fr\/wp-json\/wp\/v2\/posts"}],"about":[{"href":"https:\/\/aspettandomilanocortina2026.it\/fr\/wp-json\/wp\/v2\/types\/post"}],"author":[{"embeddable":true,"href":"https:\/\/aspettandomilanocortina2026.it\/fr\/wp-json\/wp\/v2\/users\/3"}],"replies":[{"embeddable":true,"href":"https:\/\/aspettandomilanocortina2026.it\/fr\/wp-json\/wp\/v2\/comments?post=431"}],"version-history":[{"count":1,"href":"https:\/\/aspettandomilanocortina2026.it\/fr\/wp-json\/wp\/v2\/posts\/431\/revisions"}],"predecessor-version":[{"id":433,"href":"https:\/\/aspettandomilanocortina2026.it\/fr\/wp-json\/wp\/v2\/posts\/431\/revisions\/433"}],"wp:featuredmedia":[{"embeddable":true,"href":"https:\/\/aspettandomilanocortina2026.it\/fr\/wp-json\/wp\/v2\/media\/434"}],"wp:attachment":[{"href":"https:\/\/aspettandomilanocortina2026.it\/fr\/wp-json\/wp\/v2\/media?parent=431"}],"wp:term":[{"taxonomy":"category","embeddable":true,"href":"https:\/\/aspettandomilanocortina2026.it\/fr\/wp-json\/wp\/v2\/categories?post=431"},{"taxonomy":"post_tag","embeddable":true,"href":"https:\/\/aspettandomilanocortina2026.it\/fr\/wp-json\/wp\/v2\/tags?post=431"}],"curies":[{"name":"wp","href":"https:\/\/api.w.org\/{rel}","templated":true}]}}