{"id":427,"date":"2025-05-15T14:34:40","date_gmt":"2025-05-15T13:34:40","guid":{"rendered":"https:\/\/aspettandomilanocortina2026.it\/?p=427"},"modified":"2025-05-15T14:34:41","modified_gmt":"2025-05-15T13:34:41","slug":"cortina-accessibile-vivere-le-dolomiti-senza-barriere-in-vista-delle-paralimpiadi-2026","status":"publish","type":"post","link":"https:\/\/aspettandomilanocortina2026.it\/fr\/cortina-accessibile-vivere-le-dolomiti-senza-barriere-in-vista-delle-paralimpiadi-2026\/","title":{"rendered":"Accessible Cortina : d\u00e9couvrez les Dolomites sans obstacles en vue des Jeux paralympiques de 2026"},"content":{"rendered":"<script type=\"text\/plain\" data-tcf=\"waiting-for-consent\" data-id=\"1033\" data-bid=\"1\" data-placement=\"1034\">PGRpdiBpZD0iYW1jLTE2NDE0NzcyMzEiIGNsYXNzPSJhbWMtcHJpbWEtZGVsLWNvbnRlbnV0byI+PHNjcmlwdCBhc3luYyBzcmM9Ii8vcGFnZWFkMi5nb29nbGVzeW5kaWNhdGlvbi5jb20vcGFnZWFkL2pzL2Fkc2J5Z29vZ2xlLmpzP2NsaWVudD1jYS1wdWItNDQwMTE0NTAyNzUzOTExNSIgY3Jvc3NvcmlnaW49ImFub255bW91cyI+PC9zY3JpcHQ+PGlucyBjbGFzcz0iYWRzYnlnb29nbGUiIHN0eWxlPSJkaXNwbGF5OmJsb2NrOyIgZGF0YS1hZC1jbGllbnQ9ImNhLXB1Yi00NDAxMTQ1MDI3NTM5MTE1IiAKZGF0YS1hZC1zbG90PSIiIApkYXRhLWFkLWZvcm1hdD0iYXV0byIgZGF0YS1mdWxsLXdpZHRoLXJlc3BvbnNpdmU9InRydWUiPjwvaW5zPgo8c2NyaXB0PiAKKGFkc2J5Z29vZ2xlID0gd2luZG93LmFkc2J5Z29vZ2xlIHx8IFtdKS5wdXNoKHt9KTsgCjwvc2NyaXB0Pgo8L2Rpdj4=<\/script>\n<p>Cortina d\u2019Ampezzo, la \u201cRegina delle Dolomiti\u201d, non \u00e8 solo un paradiso per gli amanti dello sport e della montagna, ma sta diventando sempre pi\u00f9 un modello di <strong>inclusivit\u00e0 e accessibilit\u00e0<\/strong>. In vista delle <strong>Paralimpiadi Invernali Milano-Cortina 2026<\/strong>, la celebre localit\u00e0 alpina sta potenziando la propria rete di servizi per garantire un\u2019accoglienza senza barriere, pensata per tutti. Ma come ci si muove davvero a Cortina se si \u00e8 in carrozzina?<\/p><script type=\"text\/plain\" data-tcf=\"waiting-for-consent\" data-id=\"1037\" data-bid=\"1\" data-placement=\"726\">PGRpdiBpZD0iYW1jLTIwNDY4ODAzNjMiIGNsYXNzPSJhbWMtcG9zdC1jb250ZW50IiBzdHlsZT0ibWFyZ2luLWxlZnQ6IGF1dG87bWFyZ2luLXJpZ2h0OiBhdXRvO3RleHQtYWxpZ246IGNlbnRlcjsiPjxzY3JpcHQgYXN5bmMgc3JjPSIvL3BhZ2VhZDIuZ29vZ2xlc3luZGljYXRpb24uY29tL3BhZ2VhZC9qcy9hZHNieWdvb2dsZS5qcz9jbGllbnQ9Y2EtcHViLTQ0MDExNDUwMjc1MzkxMTUiIGNyb3Nzb3JpZ2luPSJhbm9ueW1vdXMiPjwvc2NyaXB0PjxpbnMgY2xhc3M9ImFkc2J5Z29vZ2xlIiBzdHlsZT0iZGlzcGxheTpibG9jazsiIGRhdGEtYWQtY2xpZW50PSJjYS1wdWItNDQwMTE0NTAyNzUzOTExNSIgCmRhdGEtYWQtc2xvdD0iODAyMDU4Mzc5MyIgCmRhdGEtYWQtZm9ybWF0PSJhdXRvIiBkYXRhLWZ1bGwtd2lkdGgtcmVzcG9uc2l2ZT0idHJ1ZSI+PC9pbnM+CjxzY3JpcHQ+IAooYWRzYnlnb29nbGUgPSB3aW5kb3cuYWRzYnlnb29nbGUgfHwgW10pLnB1c2goe30pOyAKPC9zY3JpcHQ+CjwvZGl2PjxiciBzdHlsZT0iY2xlYXI6IGJvdGg7IGRpc3BsYXk6IGJsb2NrOyBmbG9hdDogbm9uZTsiLz4=<\/script>\n\n\n\n<p><strong>Cortina verso l\u2019inclusivit\u00e0: un cambiamento concreto<\/strong><\/p><script type=\"text\/plain\" data-tcf=\"waiting-for-consent\" data-id=\"1033\" data-bid=\"1\" data-placement=\"985\">PGRpdiBpZD0iYW1jLTE5MDQ2ODAzNzciIGNsYXNzPSJhbWMtbWgtbWlkIj48c2NyaXB0IGFzeW5jIHNyYz0iLy9wYWdlYWQyLmdvb2dsZXN5bmRpY2F0aW9uLmNvbS9wYWdlYWQvanMvYWRzYnlnb29nbGUuanM\/Y2xpZW50PWNhLXB1Yi00NDAxMTQ1MDI3NTM5MTE1IiBjcm9zc29yaWdpbj0iYW5vbnltb3VzIj48L3NjcmlwdD48aW5zIGNsYXNzPSJhZHNieWdvb2dsZSIgc3R5bGU9ImRpc3BsYXk6YmxvY2s7IiBkYXRhLWFkLWNsaWVudD0iY2EtcHViLTQ0MDExNDUwMjc1MzkxMTUiIApkYXRhLWFkLXNsb3Q9IiIgCmRhdGEtYWQtZm9ybWF0PSJhdXRvIiBkYXRhLWZ1bGwtd2lkdGgtcmVzcG9uc2l2ZT0idHJ1ZSI+PC9pbnM+CjxzY3JpcHQ+IAooYWRzYnlnb29nbGUgPSB3aW5kb3cuYWRzYnlnb29nbGUgfHwgW10pLnB1c2goe30pOyAKPC9zY3JpcHQ+CjwvZGl2Pg==<\/script>\n\n\n\n<p>La candidatura olimpica ha dato nuovo impulso ai progetti di <strong>riqualificazione urbana e accessibilit\u00e0<\/strong>. Le <strong>infrastrutture turistiche<\/strong>, gli impianti sportivi e le aree pubbliche sono al centro di un programma volto a <strong>eliminare le barriere architettoniche<\/strong>, facilitare la mobilit\u00e0 e offrire a tutti \u2013 residenti e turisti \u2013 la possibilit\u00e0 di vivere appieno la bellezza delle Dolomiti.<\/p>\n\n\n\n<p>Grazie alla collaborazione con enti come il <strong>Comitato Italiano Paralimpico<\/strong> e associazioni locali, Cortina sta diventando un modello di turismo alpino inclusivo.<\/p>\n\n\n\n<p><strong>Come Arrivare e Spostarsi a Cortina in Carrozzina<\/strong><\/p>\n\n\n\n<p><strong>Da dove si parte?<\/strong><\/p>\n\n\n\n<ul class=\"wp-block-list\">\n<li><strong>En train<\/strong>: la stazione ferroviaria pi\u00f9 vicina \u00e8 <strong>Calalzo-Pieve di Cadore<\/strong>, collegata a Cortina tramite bus attrezzati.<\/li>\n\n\n\n<li><strong>En voiture<\/strong>: Cortina \u00e8 raggiungibile tramite la SS51, con parcheggi accessibili segnalati e aree sosta vicine ai principali hotel e impianti sportivi.<\/li>\n\n\n\n<li><strong>Servizi Navetta<\/strong>: saranno attivi durante i Giochi Paralimpici <strong>bus accessibili con pedane e spazi per carrozzine<\/strong>, con orari coordinati con gli eventi.<\/li>\n<\/ul>\n\n\n\n<p><strong>Trasporti pubblici e navette dedicate<\/strong><\/p>\n\n\n\n<p>Il comune di Cortina sta progressivamente aggiornando il proprio parco mezzi per <strong>includere autobus e minivan a pianale ribassato<\/strong> e con accesso facilitato.<\/p>\n\n\n\n<p>Durante le Paralimpiadi, \u00e8 previsto il potenziamento delle:<\/p>\n\n\n\n<ul class=\"wp-block-list\">\n<li><strong>Navette Olimpiche accessibili<\/strong>,<\/li>\n\n\n\n<li><strong>Trasferimenti da e per le strutture alberghiere<\/strong>,<\/li>\n\n\n\n<li><strong>Collegamenti con gli impianti sportivi e i punti di interesse<\/strong>.<\/li>\n<\/ul>\n\n\n\n<p>Sar\u00e0 attivo un <strong>servizio informativo h24<\/strong> con aggiornamenti in tempo reale su orari, eventuali modifiche e accessibilit\u00e0 dei percorsi.<\/p>\n\n\n\n<p><strong>Dove Dormire: Hotel Accessibili a Cortina<\/strong><\/p>\n\n\n\n<p>Cortina offre un\u2019ampia gamma di hotel e B&amp;B, molti dei quali hanno <strong>camere attrezzate per ospiti con disabilit\u00e0 motorie<\/strong>, bagni accessibili e ascensori moderni.<\/p>\n\n\n\n<p>Strutture come:<\/p>\n\n\n\n<ul class=\"wp-block-list\">\n<li>Hotel Alaska,<\/li>\n\n\n\n<li>Hotel Europa,<\/li>\n\n\n\n<li>Domina Cortina<br>offrono ambienti eleganti e completamente <strong>accessibili in carrozzina<\/strong>.<\/li>\n<\/ul>\n\n\n\n<p>Per sicurezza, si consiglia sempre di contattare la struttura e chiedere foto o dettagli specifici prima della prenotazione.<\/p>\n\n\n\n<p><strong>Vivere Cortina oltre le competizioni<\/strong><\/p>\n\n\n\n<p>Anche <strong>senza sciare<\/strong>, Cortina offre esperienze straordinarie:<\/p>\n\n\n\n<ul class=\"wp-block-list\">\n<li><strong>Passeggiate nel centro storico<\/strong> (con molti marciapiedi abbassati e zone pedonali),<\/li>\n\n\n\n<li><strong>Shopping in Corso Italia<\/strong>, con negozi attrezzati per carrozzine,<\/li>\n\n\n\n<li><strong>Museo d\u2019Arte Moderna Mario Rimoldi<\/strong>, parzialmente accessibile e in fase di aggiornamento,<\/li>\n\n\n\n<li><strong>Panorami mozzafiato<\/strong> raggiungibili tramite impianti con cabine accessibili (alcuni con pedane mobili in arrivo entro il 2026).<\/li>\n<\/ul>\n\n\n\n<p>Le <strong>Palaghiaccio<\/strong> et le <strong>Centro sportivo Alexander Girardi Hall<\/strong> ospiteranno eventi paralimpici e saranno completamente privi di barriere.<\/p>\n\n\n\n<p><strong>App e Info Point utili<\/strong><\/p>\n\n\n\n<ul class=\"wp-block-list\">\n<li><strong>Cortina 2026 App<\/strong>: fornir\u00e0 informazioni su viabilit\u00e0, accessibilit\u00e0 eventi, parcheggi, meteo.<\/li>\n\n\n\n<li><strong>App EasyWay e Wheelmap<\/strong>: per mappare attivit\u00e0 accessibili.<\/li>\n\n\n\n<li><strong>InfoPoint Accessibilit\u00e0 Cortina 2026<\/strong>: presente in centro citt\u00e0 e attivo nei giorni delle Paralimpiadi.<\/li>\n<\/ul>\n\n\n\n<p><strong>Cortina Inclusiva: Un\u2019Olimpiade per Tutti<\/strong><\/p>\n\n\n\n<p>Le Paralimpiadi sono un\u2019opportunit\u00e0 per trasformare Cortina in un modello di turismo alpino universale. Camminare \u2013 o scivolare \u2013 lungo un sentiero innevato, gustare la cucina ampezzana in un ristorante accessibile o partecipare all\u2019emozione di una gara: tutto questo \u00e8 possibile, per tutti.<\/p>\n\n\n\n<p>Cortina non si limita a ospitare i Giochi: li vive come un <strong>patto con il futuro<\/strong>, dove lo sport, la montagna e l\u2019umanit\u00e0 si incontrano nel segno della libert\u00e0 e dell\u2019inclusione.<\/p>\n<div class=\"amc-dopo-il-contenuto\" id=\"amc-3463082764\"><script type=\"text\/plain\" data-tcf=\"waiting-for-consent\" data-id=\"1033\" data-bid=\"1\">PGRpdiBpZD0iYW1jLTQxOTcyNjcyMDUiPjxzY3JpcHQgYXN5bmMgc3JjPSIvL3BhZ2VhZDIuZ29vZ2xlc3luZGljYXRpb24uY29tL3BhZ2VhZC9qcy9hZHNieWdvb2dsZS5qcz9jbGllbnQ9Y2EtcHViLTQ0MDExNDUwMjc1MzkxMTUiIGNyb3Nzb3JpZ2luPSJhbm9ueW1vdXMiPjwvc2NyaXB0PjxpbnMgY2xhc3M9ImFkc2J5Z29vZ2xlIiBzdHlsZT0iZGlzcGxheTpibG9jazsiIGRhdGEtYWQtY2xpZW50PSJjYS1wdWItNDQwMTE0NTAyNzUzOTExNSIgCmRhdGEtYWQtc2xvdD0iIiAKZGF0YS1hZC1mb3JtYXQ9ImF1dG8iIGRhdGEtZnVsbC13aWR0aC1yZXNwb25zaXZlPSJ0cnVlIj48L2lucz4KPHNjcmlwdD4gCihhZHNieWdvb2dsZSA9IHdpbmRvdy5hZHNieWdvb2dsZSB8fCBbXSkucHVzaCh7fSk7IAo8L3NjcmlwdD4KPC9kaXY+<\/script><\/div>","protected":false},"excerpt":{"rendered":"<p>Cortina d\u2019Ampezzo, la \u201cRegina delle Dolomiti\u201d, non \u00e8 solo un paradiso per gli amanti dello sport e della montagna, ma sta diventando sempre pi\u00f9 un modello di inclusivit\u00e0 e accessibilit\u00e0. In vista delle Paralimpiadi Invernali Milano-Cortina 2026, la celebre localit\u00e0 alpina sta potenziando la propria rete di servizi per garantire un\u2019accoglienza senza barriere, pensata per [&hellip;]<\/p>","protected":false},"author":3,"featured_media":428,"comment_status":"open","ping_status":"open","sticky":false,"template":"","format":"standard","meta":{"_acf_changed":false,"footnotes":""},"categories":[9,5,7,1],"tags":[],"class_list":["post-427","post","type-post","status-publish","format-standard","has-post-thumbnail","hentry","category-paralimpiadi","category-guida-per-i-tifosi","category-milano-e-cortina","category-notizie-e-aggiornamenti"],"acf":[],"_links":{"self":[{"href":"https:\/\/aspettandomilanocortina2026.it\/fr\/wp-json\/wp\/v2\/posts\/427","targetHints":{"allow":["GET"]}}],"collection":[{"href":"https:\/\/aspettandomilanocortina2026.it\/fr\/wp-json\/wp\/v2\/posts"}],"about":[{"href":"https:\/\/aspettandomilanocortina2026.it\/fr\/wp-json\/wp\/v2\/types\/post"}],"author":[{"embeddable":true,"href":"https:\/\/aspettandomilanocortina2026.it\/fr\/wp-json\/wp\/v2\/users\/3"}],"replies":[{"embeddable":true,"href":"https:\/\/aspettandomilanocortina2026.it\/fr\/wp-json\/wp\/v2\/comments?post=427"}],"version-history":[{"count":1,"href":"https:\/\/aspettandomilanocortina2026.it\/fr\/wp-json\/wp\/v2\/posts\/427\/revisions"}],"predecessor-version":[{"id":429,"href":"https:\/\/aspettandomilanocortina2026.it\/fr\/wp-json\/wp\/v2\/posts\/427\/revisions\/429"}],"wp:featuredmedia":[{"embeddable":true,"href":"https:\/\/aspettandomilanocortina2026.it\/fr\/wp-json\/wp\/v2\/media\/428"}],"wp:attachment":[{"href":"https:\/\/aspettandomilanocortina2026.it\/fr\/wp-json\/wp\/v2\/media?parent=427"}],"wp:term":[{"taxonomy":"category","embeddable":true,"href":"https:\/\/aspettandomilanocortina2026.it\/fr\/wp-json\/wp\/v2\/categories?post=427"},{"taxonomy":"post_tag","embeddable":true,"href":"https:\/\/aspettandomilanocortina2026.it\/fr\/wp-json\/wp\/v2\/tags?post=427"}],"curies":[{"name":"wp","href":"https:\/\/api.w.org\/{rel}","templated":true}]}}