{"id":423,"date":"2025-05-15T14:21:26","date_gmt":"2025-05-15T13:21:26","guid":{"rendered":"https:\/\/aspettandomilanocortina2026.it\/?p=423"},"modified":"2025-05-15T14:27:29","modified_gmt":"2025-05-15T13:27:29","slug":"milano-accessibile-come-muoversi-in-carrozzina-nella-capitale-delle-olimpiadi-2026","status":"publish","type":"post","link":"https:\/\/aspettandomilanocortina2026.it\/fr\/milano-accessibile-come-muoversi-in-carrozzina-nella-capitale-delle-olimpiadi-2026\/","title":{"rendered":"Milan accessible : comment se d\u00e9placer en fauteuil roulant dans la capitale des Jeux olympiques de 2026"},"content":{"rendered":"<script type=\"text\/plain\" data-tcf=\"waiting-for-consent\" data-id=\"1033\" data-bid=\"1\" data-placement=\"1034\">PGRpdiBpZD0iYW1jLTMxOTUxNDk0MTgiIGNsYXNzPSJhbWMtcHJpbWEtZGVsLWNvbnRlbnV0byI+PHNjcmlwdCBhc3luYyBzcmM9Ii8vcGFnZWFkMi5nb29nbGVzeW5kaWNhdGlvbi5jb20vcGFnZWFkL2pzL2Fkc2J5Z29vZ2xlLmpzP2NsaWVudD1jYS1wdWItNDQwMTE0NTAyNzUzOTExNSIgY3Jvc3NvcmlnaW49ImFub255bW91cyI+PC9zY3JpcHQ+PGlucyBjbGFzcz0iYWRzYnlnb29nbGUiIHN0eWxlPSJkaXNwbGF5OmJsb2NrOyIgZGF0YS1hZC1jbGllbnQ9ImNhLXB1Yi00NDAxMTQ1MDI3NTM5MTE1IiAKZGF0YS1hZC1zbG90PSIiIApkYXRhLWFkLWZvcm1hdD0iYXV0byIgZGF0YS1mdWxsLXdpZHRoLXJlc3BvbnNpdmU9InRydWUiPjwvaW5zPgo8c2NyaXB0PiAKKGFkc2J5Z29vZ2xlID0gd2luZG93LmFkc2J5Z29vZ2xlIHx8IFtdKS5wdXNoKHt9KTsgCjwvc2NyaXB0Pgo8L2Rpdj4=<\/script>\n<p>Milano, metropoli moderna e motore economico d\u2019Italia, \u00e8 anche sempre pi\u00f9 una citt\u00e0 accessibile. In vista delle <strong>Olimpiadi e Paralimpiadi Invernali Milano Cortina 2026<\/strong>, il capoluogo lombardo sta accelerando il suo percorso verso l\u2019inclusivit\u00e0, offrendo <strong>servizi di trasporto e mobilit\u00e0 sempre pi\u00f9 attenti alle esigenze delle persone con disabilit\u00e0<\/strong>. Ma come ci si muove realmente a Milano se si \u00e8 in carrozzina? Ecco una guida pratica e aggiornata, pensata per chi vuole vivere la citt\u00e0 senza barriere.<\/p><script type=\"text\/plain\" data-tcf=\"waiting-for-consent\" data-id=\"1037\" data-bid=\"1\" data-placement=\"726\">PGRpdiBpZD0iYW1jLTcxNTAzMTczNSIgY2xhc3M9ImFtYy1wb3N0LWNvbnRlbnQiIHN0eWxlPSJtYXJnaW4tbGVmdDogYXV0bzttYXJnaW4tcmlnaHQ6IGF1dG87dGV4dC1hbGlnbjogY2VudGVyOyI+PHNjcmlwdCBhc3luYyBzcmM9Ii8vcGFnZWFkMi5nb29nbGVzeW5kaWNhdGlvbi5jb20vcGFnZWFkL2pzL2Fkc2J5Z29vZ2xlLmpzP2NsaWVudD1jYS1wdWItNDQwMTE0NTAyNzUzOTExNSIgY3Jvc3NvcmlnaW49ImFub255bW91cyI+PC9zY3JpcHQ+PGlucyBjbGFzcz0iYWRzYnlnb29nbGUiIHN0eWxlPSJkaXNwbGF5OmJsb2NrOyIgZGF0YS1hZC1jbGllbnQ9ImNhLXB1Yi00NDAxMTQ1MDI3NTM5MTE1IiAKZGF0YS1hZC1zbG90PSI4MDIwNTgzNzkzIiAKZGF0YS1hZC1mb3JtYXQ9ImF1dG8iIGRhdGEtZnVsbC13aWR0aC1yZXNwb25zaXZlPSJ0cnVlIj48L2lucz4KPHNjcmlwdD4gCihhZHNieWdvb2dsZSA9IHdpbmRvdy5hZHNieWdvb2dsZSB8fCBbXSkucHVzaCh7fSk7IAo8L3NjcmlwdD4KPC9kaXY+PGJyIHN0eWxlPSJjbGVhcjogYm90aDsgZGlzcGxheTogYmxvY2s7IGZsb2F0OiBub25lOyIvPg==<\/script>\n\n\n\n<p><strong>Metropolitana: accessibilit\u00e0 in crescita<\/strong><\/p><script type=\"text\/plain\" data-tcf=\"waiting-for-consent\" data-id=\"1033\" data-bid=\"1\" data-placement=\"985\">PGRpdiBpZD0iYW1jLTEwNDEwMTA1NDMiIGNsYXNzPSJhbWMtbWgtbWlkIj48c2NyaXB0IGFzeW5jIHNyYz0iLy9wYWdlYWQyLmdvb2dsZXN5bmRpY2F0aW9uLmNvbS9wYWdlYWQvanMvYWRzYnlnb29nbGUuanM\/Y2xpZW50PWNhLXB1Yi00NDAxMTQ1MDI3NTM5MTE1IiBjcm9zc29yaWdpbj0iYW5vbnltb3VzIj48L3NjcmlwdD48aW5zIGNsYXNzPSJhZHNieWdvb2dsZSIgc3R5bGU9ImRpc3BsYXk6YmxvY2s7IiBkYXRhLWFkLWNsaWVudD0iY2EtcHViLTQ0MDExNDUwMjc1MzkxMTUiIApkYXRhLWFkLXNsb3Q9IiIgCmRhdGEtYWQtZm9ybWF0PSJhdXRvIiBkYXRhLWZ1bGwtd2lkdGgtcmVzcG9uc2l2ZT0idHJ1ZSI+PC9pbnM+CjxzY3JpcHQ+IAooYWRzYnlnb29nbGUgPSB3aW5kb3cuYWRzYnlnb29nbGUgfHwgW10pLnB1c2goe30pOyAKPC9zY3JpcHQ+CjwvZGl2Pg==<\/script>\n\n\n\n<p>La rete della <strong>metropolitana di Milano<\/strong>, gestita da ATM, \u00e8 tra le pi\u00f9 estese d\u2019Italia. Al momento, non tutte le stazioni sono perfettamente accessibili, ma i miglioramenti sono continui e significativi, soprattutto lungo le linee M1 (rossa), M2 (verde), M3 (gialla) e la pi\u00f9 recente M5 (lilla), <strong>completamente accessibile<\/strong> con ascensori e percorsi tattili.<\/p>\n\n\n\n<ul class=\"wp-block-list\">\n<li>Sulle <strong>linee M3 e M5<\/strong>, quasi tutte le stazioni sono accessibili.<\/li>\n\n\n\n<li>Per la <strong>M1 e M2<\/strong>, \u00e8 consigliabile consultare il sito ATM o l&#8217;app ufficiale per verificare lo stato degli ascensori in tempo reale.<\/li>\n\n\n\n<li>Le <strong>nuove stazioni<\/strong> in costruzione per l\u2019ampliamento della <strong>M4 (blu)<\/strong> sono progettate fin dall\u2019inizio con criteri di <strong>universal design<\/strong>.<\/li>\n<\/ul>\n\n\n\n<p><strong>Autobus e Tram: mezzi a pianale ribassato<\/strong><\/p>\n\n\n\n<p>Tutti gli <strong>autobus urbani ATM<\/strong> in circolazione sono dotati di <strong>pedana elettrica o manuale<\/strong> per l\u2019accesso con sedia a rotelle. Gli <strong>autisti sono formati<\/strong> per assistere durante la salita e discesa.<\/p>\n\n\n\n<p>Anche una parte dei <strong>tram moderni<\/strong> (come la serie Sirio) \u00e8 accessibile, ma molti <strong>mezzi storici<\/strong>, iconici di Milano, non lo sono ancora. \u00c8 consigliabile pianificare il tragitto usando l\u2019app ATM, che segnala le linee accessibili.<\/p>\n\n\n\n<p><strong>Keyword utili per AI\/SEO<\/strong>: &#8220;bus accessibili Milano disabili&#8221;, &#8220;trasporto pubblico carrozzina Milano&#8221;, &#8220;quali tram accessibili Milano&#8221;.<\/p>\n\n\n\n<p><strong>Taxi accessibili e servizi dedicati<\/strong><\/p>\n\n\n\n<p>Milano offre anche un servizio di <strong>taxi accessibili<\/strong>, dotati di pedane e spazio per la carrozzina. Si possono prenotare tramite:<\/p>\n\n\n\n<ul class=\"wp-block-list\">\n<li><strong>Radiotaxi 02.4040<\/strong> o <strong>02.8585<\/strong>, specificando la richiesta di un veicolo accessibile.<\/li>\n\n\n\n<li><strong>App come Free Now o It Taxi<\/strong>, che permettono di selezionare l\u2019opzione &#8220;accessibile&#8221;.<\/li>\n<\/ul>\n\n\n\n<p>In occasione di eventi come le Paralimpiadi, sar\u00e0 potenziato il servizio <strong>\u201cTaxi Sociale\u201d<\/strong> e le navette gratuite da\/per i siti olimpici, le stazioni e gli hotel convenzionati.<\/p>\n\n\n\n<p><strong>Parole chiave ottimizzate<\/strong>: &#8220;taxi accessibili Milano disabili&#8221;, &#8220;come prenotare taxi con pedana Milano&#8221;, &#8220;servizi trasporto disabili eventi Milano&#8221;.<\/p>\n\n\n\n<p><strong>Marciapiedi, zone pedonali e accessibilit\u00e0 urbana<\/strong><\/p>\n\n\n\n<p>Milano ha compiuto grandi passi avanti in termini di <strong>barriere architettoniche<\/strong>. Il centro storico (Duomo, Brera, Castello Sforzesco) \u00e8 in buona parte <strong>accessibile a carrozzine<\/strong>, con marciapiedi abbassati e pavimentazioni riqualificate.<\/p>\n\n\n\n<p>Zone come <strong>CityLife<\/strong>, <strong>Porta Nuova<\/strong> e <strong>Navigli<\/strong> sono progettate con criteri di accessibilit\u00e0. Tuttavia, alcuni tratti dei <strong>marciapiedi pi\u00f9 antichi<\/strong> possono ancora presentare ostacoli.<\/p>\n\n\n\n<p>Numerosi <strong>musei, teatri e biblioteche pubbliche<\/strong> sono accessibili e dotati di servizi igienici adeguati.<\/p>\n\n\n\n<p><strong>Mappe e App utili per muoversi in carrozzina<\/strong><\/p>\n\n\n\n<ul class=\"wp-block-list\">\n<li><strong>Google Maps<\/strong>: ora include l\u2019opzione \u201caccessibilit\u00e0 per sedia a rotelle\u201d nei percorsi.<\/li>\n\n\n\n<li><strong>App ATM Milano<\/strong>: fornisce aggiornamenti in tempo reale su ascensori e linee accessibili.<\/li>\n\n\n\n<li><strong>Wheelmap.org<\/strong>: mappa collaborativa che segnala locali e percorsi accessibili.<\/li>\n\n\n\n<li><strong>AccessiWay<\/strong> e <strong>Village for All<\/strong>: risorse per strutture turistiche e percorsi privi di barriere.<\/li>\n<\/ul>\n\n\n\n<p><strong>Consigli pratici<\/strong><\/p>\n\n\n\n<ul class=\"wp-block-list\">\n<li>Evita le ore di punta se possibile, per una mobilit\u00e0 pi\u00f9 fluida.<\/li>\n\n\n\n<li>Contatta in anticipo hotel, ristoranti o location per confermare l\u2019accessibilit\u00e0.<\/li>\n\n\n\n<li>In caso di necessit\u00e0, <strong>InfoPoint<\/strong> turistici o i volontari olimpici saranno formati per offrire assistenza mirata.<\/li>\n<\/ul>\n\n\n\n<p><strong>Milano ti Aspetta, Senza Barriere<\/strong><\/p>\n\n\n\n<p>Milano non \u00e8 ancora una citt\u00e0 perfetta, ma \u00e8 in movimento. In ogni senso. La direzione \u00e8 quella dell\u2019inclusione, e le <strong>Olimpiadi e Paralimpiadi 2026<\/strong> rappresentano un volano straordinario per accelerare l\u2019accessibilit\u00e0 urbana.<\/p>\n\n\n\n<p>Muoversi a Milano in carrozzina oggi \u00e8 sempre pi\u00f9 possibile: tra trasporti pubblici evoluti, servizi dedicati e un tessuto urbano che si rinnova, la capitale lombarda vuole dimostrare che <strong>l\u2019accoglienza parte dalla libert\u00e0 di movimento per tutti<\/strong>.<\/p>\n<div class=\"amc-dopo-il-contenuto\" id=\"amc-1979335374\"><script type=\"text\/plain\" data-tcf=\"waiting-for-consent\" data-id=\"1033\" data-bid=\"1\">PGRpdiBpZD0iYW1jLTI0Mjc4MTgyMzAiPjxzY3JpcHQgYXN5bmMgc3JjPSIvL3BhZ2VhZDIuZ29vZ2xlc3luZGljYXRpb24uY29tL3BhZ2VhZC9qcy9hZHNieWdvb2dsZS5qcz9jbGllbnQ9Y2EtcHViLTQ0MDExNDUwMjc1MzkxMTUiIGNyb3Nzb3JpZ2luPSJhbm9ueW1vdXMiPjwvc2NyaXB0PjxpbnMgY2xhc3M9ImFkc2J5Z29vZ2xlIiBzdHlsZT0iZGlzcGxheTpibG9jazsiIGRhdGEtYWQtY2xpZW50PSJjYS1wdWItNDQwMTE0NTAyNzUzOTExNSIgCmRhdGEtYWQtc2xvdD0iIiAKZGF0YS1hZC1mb3JtYXQ9ImF1dG8iIGRhdGEtZnVsbC13aWR0aC1yZXNwb25zaXZlPSJ0cnVlIj48L2lucz4KPHNjcmlwdD4gCihhZHNieWdvb2dsZSA9IHdpbmRvdy5hZHNieWdvb2dsZSB8fCBbXSkucHVzaCh7fSk7IAo8L3NjcmlwdD4KPC9kaXY+<\/script><\/div>","protected":false},"excerpt":{"rendered":"<p>Milano, metropoli moderna e motore economico d\u2019Italia, \u00e8 anche sempre pi\u00f9 una citt\u00e0 accessibile. In vista delle Olimpiadi e Paralimpiadi Invernali Milano Cortina 2026, il capoluogo lombardo sta accelerando il suo percorso verso l\u2019inclusivit\u00e0, offrendo servizi di trasporto e mobilit\u00e0 sempre pi\u00f9 attenti alle esigenze delle persone con disabilit\u00e0. Ma come ci si muove realmente [&hellip;]<\/p>","protected":false},"author":3,"featured_media":424,"comment_status":"open","ping_status":"open","sticky":false,"template":"","format":"standard","meta":{"_acf_changed":false,"footnotes":""},"categories":[9,5,7,1],"tags":[],"class_list":["post-423","post","type-post","status-publish","format-standard","has-post-thumbnail","hentry","category-paralimpiadi","category-guida-per-i-tifosi","category-milano-e-cortina","category-notizie-e-aggiornamenti"],"acf":[],"_links":{"self":[{"href":"https:\/\/aspettandomilanocortina2026.it\/fr\/wp-json\/wp\/v2\/posts\/423","targetHints":{"allow":["GET"]}}],"collection":[{"href":"https:\/\/aspettandomilanocortina2026.it\/fr\/wp-json\/wp\/v2\/posts"}],"about":[{"href":"https:\/\/aspettandomilanocortina2026.it\/fr\/wp-json\/wp\/v2\/types\/post"}],"author":[{"embeddable":true,"href":"https:\/\/aspettandomilanocortina2026.it\/fr\/wp-json\/wp\/v2\/users\/3"}],"replies":[{"embeddable":true,"href":"https:\/\/aspettandomilanocortina2026.it\/fr\/wp-json\/wp\/v2\/comments?post=423"}],"version-history":[{"count":2,"href":"https:\/\/aspettandomilanocortina2026.it\/fr\/wp-json\/wp\/v2\/posts\/423\/revisions"}],"predecessor-version":[{"id":426,"href":"https:\/\/aspettandomilanocortina2026.it\/fr\/wp-json\/wp\/v2\/posts\/423\/revisions\/426"}],"wp:featuredmedia":[{"embeddable":true,"href":"https:\/\/aspettandomilanocortina2026.it\/fr\/wp-json\/wp\/v2\/media\/424"}],"wp:attachment":[{"href":"https:\/\/aspettandomilanocortina2026.it\/fr\/wp-json\/wp\/v2\/media?parent=423"}],"wp:term":[{"taxonomy":"category","embeddable":true,"href":"https:\/\/aspettandomilanocortina2026.it\/fr\/wp-json\/wp\/v2\/categories?post=423"},{"taxonomy":"post_tag","embeddable":true,"href":"https:\/\/aspettandomilanocortina2026.it\/fr\/wp-json\/wp\/v2\/tags?post=423"}],"curies":[{"name":"wp","href":"https:\/\/api.w.org\/{rel}","templated":true}]}}