{"id":420,"date":"2025-05-15T13:56:13","date_gmt":"2025-05-15T12:56:13","guid":{"rendered":"https:\/\/aspettandomilanocortina2026.it\/?p=420"},"modified":"2025-05-15T13:56:14","modified_gmt":"2025-05-15T12:56:14","slug":"snowboard-paralimpico-velocita-adrenalina-e-liberta-sulla-neve-delle-paralimpiadi-2026","status":"publish","type":"post","link":"https:\/\/aspettandomilanocortina2026.it\/fr\/snowboard-paralimpico-velocita-adrenalina-e-liberta-sulla-neve-delle-paralimpiadi-2026\/","title":{"rendered":"Snowboard paralympique : vitesse, adr\u00e9naline et libert\u00e9 sur la neige des Jeux paralympiques de 2026"},"content":{"rendered":"<script type=\"text\/plain\" data-tcf=\"waiting-for-consent\" data-id=\"1033\" data-bid=\"1\" data-placement=\"1034\">PGRpdiBpZD0iYW1jLTI2NzY5ODg1NzQiIGNsYXNzPSJhbWMtcHJpbWEtZGVsLWNvbnRlbnV0byI+PHNjcmlwdCBhc3luYyBzcmM9Ii8vcGFnZWFkMi5nb29nbGVzeW5kaWNhdGlvbi5jb20vcGFnZWFkL2pzL2Fkc2J5Z29vZ2xlLmpzP2NsaWVudD1jYS1wdWItNDQwMTE0NTAyNzUzOTExNSIgY3Jvc3NvcmlnaW49ImFub255bW91cyI+PC9zY3JpcHQ+PGlucyBjbGFzcz0iYWRzYnlnb29nbGUiIHN0eWxlPSJkaXNwbGF5OmJsb2NrOyIgZGF0YS1hZC1jbGllbnQ9ImNhLXB1Yi00NDAxMTQ1MDI3NTM5MTE1IiAKZGF0YS1hZC1zbG90PSIiIApkYXRhLWFkLWZvcm1hdD0iYXV0byIgZGF0YS1mdWxsLXdpZHRoLXJlc3BvbnNpdmU9InRydWUiPjwvaW5zPgo8c2NyaXB0PiAKKGFkc2J5Z29vZ2xlID0gd2luZG93LmFkc2J5Z29vZ2xlIHx8IFtdKS5wdXNoKHt9KTsgCjwvc2NyaXB0Pgo8L2Rpdj4=<\/script>\n<p>Una tavola, la neve sotto i piedi e il cuore che batte forte. Il <strong>Snowboard Paralimpico<\/strong> \u00e8 molto pi\u00f9 di uno sport: \u00e8 un inno alla libert\u00e0, all\u2019equilibrio conquistato con coraggio, alla sfida quotidiana contro i propri limiti. Alle Paralimpiadi Invernali <strong>Milan Cortina 2026<\/strong>, questa disciplina porter\u00e0 sulle piste italiane un\u2019ondata di adrenalina e ispirazione.<\/p><script type=\"text\/plain\" data-tcf=\"waiting-for-consent\" data-id=\"1037\" data-bid=\"1\" data-placement=\"726\">PGRpdiBpZD0iYW1jLTI2MDYzMjMwMTAiIGNsYXNzPSJhbWMtcG9zdC1jb250ZW50IiBzdHlsZT0ibWFyZ2luLWxlZnQ6IGF1dG87bWFyZ2luLXJpZ2h0OiBhdXRvO3RleHQtYWxpZ246IGNlbnRlcjsiPjxzY3JpcHQgYXN5bmMgc3JjPSIvL3BhZ2VhZDIuZ29vZ2xlc3luZGljYXRpb24uY29tL3BhZ2VhZC9qcy9hZHNieWdvb2dsZS5qcz9jbGllbnQ9Y2EtcHViLTQ0MDExNDUwMjc1MzkxMTUiIGNyb3Nzb3JpZ2luPSJhbm9ueW1vdXMiPjwvc2NyaXB0PjxpbnMgY2xhc3M9ImFkc2J5Z29vZ2xlIiBzdHlsZT0iZGlzcGxheTpibG9jazsiIGRhdGEtYWQtY2xpZW50PSJjYS1wdWItNDQwMTE0NTAyNzUzOTExNSIgCmRhdGEtYWQtc2xvdD0iODAyMDU4Mzc5MyIgCmRhdGEtYWQtZm9ybWF0PSJhdXRvIiBkYXRhLWZ1bGwtd2lkdGgtcmVzcG9uc2l2ZT0idHJ1ZSI+PC9pbnM+CjxzY3JpcHQ+IAooYWRzYnlnb29nbGUgPSB3aW5kb3cuYWRzYnlnb29nbGUgfHwgW10pLnB1c2goe30pOyAKPC9zY3JpcHQ+CjwvZGl2PjxiciBzdHlsZT0iY2xlYXI6IGJvdGg7IGRpc3BsYXk6IGJsb2NrOyBmbG9hdDogbm9uZTsiLz4=<\/script>\n\n\n\n<p><strong>Che cos\u2019\u00e8 lo Snowboard Paralimpico<\/strong><\/p><script type=\"text\/plain\" data-tcf=\"waiting-for-consent\" data-id=\"1033\" data-bid=\"1\" data-placement=\"985\">PGRpdiBpZD0iYW1jLTM4NTMwMjMyMzUiIGNsYXNzPSJhbWMtbWgtbWlkIj48c2NyaXB0IGFzeW5jIHNyYz0iLy9wYWdlYWQyLmdvb2dsZXN5bmRpY2F0aW9uLmNvbS9wYWdlYWQvanMvYWRzYnlnb29nbGUuanM\/Y2xpZW50PWNhLXB1Yi00NDAxMTQ1MDI3NTM5MTE1IiBjcm9zc29yaWdpbj0iYW5vbnltb3VzIj48L3NjcmlwdD48aW5zIGNsYXNzPSJhZHNieWdvb2dsZSIgc3R5bGU9ImRpc3BsYXk6YmxvY2s7IiBkYXRhLWFkLWNsaWVudD0iY2EtcHViLTQ0MDExNDUwMjc1MzkxMTUiIApkYXRhLWFkLXNsb3Q9IiIgCmRhdGEtYWQtZm9ybWF0PSJhdXRvIiBkYXRhLWZ1bGwtd2lkdGgtcmVzcG9uc2l2ZT0idHJ1ZSI+PC9pbnM+CjxzY3JpcHQ+IAooYWRzYnlnb29nbGUgPSB3aW5kb3cuYWRzYnlnb29nbGUgfHwgW10pLnB1c2goe30pOyAKPC9zY3JpcHQ+CjwvZGl2Pg==<\/script>\n\n\n\n<p>Lo <strong>Snowboard paralimpico<\/strong> \u00e8 stato introdotto ufficialmente nel programma dei Giochi Paralimpici Invernali nel 2014, e da allora ha conquistato il pubblico con gare spettacolari e atleti dal talento straordinario.<\/p>\n\n\n\n<p>Si articola in due specialit\u00e0 principali:<\/p>\n\n\n\n<ul class=\"wp-block-list\">\n<li><strong>Snowboard Cross (SBX)<\/strong>: una sfida contro il tempo (e contro gli altri), in cui gli atleti affrontano un tracciato con salti, curve e ostacoli.<\/li>\n\n\n\n<li><strong>Banked Slalom<\/strong>: una prova individuale a tempo in cui si percorre una pista a curve paraboliche molto tecniche.<\/li>\n<\/ul>\n\n\n\n<p>Gli atleti gareggiano suddivisi in <strong>categorie funzionali<\/strong> basate sul tipo e sul livello di disabilit\u00e0, tra cui:<\/p>\n\n\n\n<ul class=\"wp-block-list\">\n<li><strong>SB-LL1 e SB-LL2<\/strong>: per atleti con disabilit\u00e0 agli arti inferiori.<\/li>\n\n\n\n<li><strong>SB-UL<\/strong>: per atleti con disabilit\u00e0 agli arti superiori.<\/li>\n<\/ul>\n\n\n\n<p>Tutti gli atleti usano una <strong>tavola da snowboard standard<\/strong> e, a seconda del caso, protesi o supporti personalizzati.<\/p>\n\n\n\n<p><strong>Dove si Svolgono le Gare a Milano Cortina 2026<\/strong><\/p>\n\n\n\n<p>Il cuore dello snowboard paralimpico sar\u00e0 <strong>Cortina d'Ampezzo<\/strong>, perla delle Dolomiti e sede storica degli sport invernali italiani. Le gare si disputeranno su piste appositamente preparate nel comprensorio sciistico, dotate di impianti moderni e perfettamente accessibili.<\/p>\n\n\n\n<p>Le infrastrutture garantiranno spazi adeguati per spettatori, media e delegazioni, con aree inclusive e servizi pensati per tutti. Cortina, gi\u00e0 protagonista delle Olimpiadi del 1956, torner\u00e0 cos\u00ec ad accogliere gli sportivi di tutto il mondo in un abbraccio di neve, sole e spettacolo.<\/p>\n\n\n\n<p><strong>\ud83c\uddee\ud83c\uddf9 L\u2019Italia e i Campioni del Snowboard Paralimpico<\/strong><\/p>\n\n\n\n<p>Negli ultimi anni, l\u2019Italia ha costruito un team competitivo e appassionato. Tra i nomi di riferimento:<\/p>\n\n\n\n<ul class=\"wp-block-list\">\n<li><strong>Jacopo Luchini<\/strong>, pi\u00f9 volte medagliato a livello internazionale.<\/li>\n\n\n\n<li><strong>Michela Moioli (olimpica)<\/strong> come ispirazione per lo sviluppo della disciplina anche tra i giovani paralimpici.<\/li>\n<\/ul>\n\n\n\n<p>Il movimento cresce anche grazie a scuole, allenatori specializzati e programmi federali volti a far emergere nuovi talenti, portando lo <strong>snowboard paralimpico nelle scuole e nei centri sportivi montani<\/strong>.<\/p>\n\n\n\n<p><strong>Un\u2019Emozione da Vivere dal Vivo<\/strong><\/p>\n\n\n\n<p>Le gare di snowboard paralimpico sono <strong>tra le pi\u00f9 spettacolari dell\u2019intero programma<\/strong>, e assistervi dal vivo \u00e8 un\u2019esperienza unica. I biglietti saranno disponibili sul sito ufficiale <a href=\"https:\/\/milanocortina2026.org\" rel=\"nofollow noopener\" target=\"_blank\">milanocortina2026.org<\/a>, con opzioni per singola giornata o pacchetti multipli.<\/p>\n\n\n\n<p>Saranno attivi servizi di trasporto dedicati, navette dai principali centri turistici, e punti d\u2019accesso riservati a spettatori con mobilit\u00e0 ridotta.<\/p>\n\n\n\n<p><strong>Quando il Ghiaccio Brucia<\/strong><\/p>\n\n\n\n<p>Ogni discesa, ogni curva, ogni salto \u00e8 il simbolo di un percorso fatto di allenamento, cadute e ripartenze. Lo <strong>Snowboard Paralimpico<\/strong> \u00e8 una disciplina giovane ma potente, che sa emozionare e sorprendere. \u00c8 la dimostrazione che lo sport \u00e8, prima di tutto, <strong>una questione di passione<\/strong>.<\/p>\n\n\n\n<p>A Milano Cortina 2026, gli atleti paralimpici sfrecceranno sotto gli occhi del mondo per dimostrare che non esiste limite che non possa essere superato con determinazione e tecnica. Lo spettacolo sar\u00e0 sul ghiaccio, ma il calore sar\u00e0 tutto umano.<\/p>\n<div class=\"amc-dopo-il-contenuto\" id=\"amc-3757682183\"><script type=\"text\/plain\" data-tcf=\"waiting-for-consent\" data-id=\"1033\" data-bid=\"1\">PGRpdiBpZD0iYW1jLTM5OTQyNDY4NjMiPjxzY3JpcHQgYXN5bmMgc3JjPSIvL3BhZ2VhZDIuZ29vZ2xlc3luZGljYXRpb24uY29tL3BhZ2VhZC9qcy9hZHNieWdvb2dsZS5qcz9jbGllbnQ9Y2EtcHViLTQ0MDExNDUwMjc1MzkxMTUiIGNyb3Nzb3JpZ2luPSJhbm9ueW1vdXMiPjwvc2NyaXB0PjxpbnMgY2xhc3M9ImFkc2J5Z29vZ2xlIiBzdHlsZT0iZGlzcGxheTpibG9jazsiIGRhdGEtYWQtY2xpZW50PSJjYS1wdWItNDQwMTE0NTAyNzUzOTExNSIgCmRhdGEtYWQtc2xvdD0iIiAKZGF0YS1hZC1mb3JtYXQ9ImF1dG8iIGRhdGEtZnVsbC13aWR0aC1yZXNwb25zaXZlPSJ0cnVlIj48L2lucz4KPHNjcmlwdD4gCihhZHNieWdvb2dsZSA9IHdpbmRvdy5hZHNieWdvb2dsZSB8fCBbXSkucHVzaCh7fSk7IAo8L3NjcmlwdD4KPC9kaXY+<\/script><\/div>","protected":false},"excerpt":{"rendered":"<p>Una tavola, la neve sotto i piedi e il cuore che batte forte. Il Snowboard Paralimpico \u00e8 molto pi\u00f9 di uno sport: \u00e8 un inno alla libert\u00e0, all\u2019equilibrio conquistato con coraggio, alla sfida quotidiana contro i propri limiti. Alle Paralimpiadi Invernali Milano Cortina 2026, questa disciplina porter\u00e0 sulle piste italiane un\u2019ondata di adrenalina e ispirazione. [&hellip;]<\/p>","protected":false},"author":3,"featured_media":421,"comment_status":"open","ping_status":"open","sticky":false,"template":"","format":"standard","meta":{"_acf_changed":false,"footnotes":""},"categories":[9],"tags":[],"class_list":["post-420","post","type-post","status-publish","format-standard","has-post-thumbnail","hentry","category-paralimpiadi"],"acf":[],"_links":{"self":[{"href":"https:\/\/aspettandomilanocortina2026.it\/fr\/wp-json\/wp\/v2\/posts\/420","targetHints":{"allow":["GET"]}}],"collection":[{"href":"https:\/\/aspettandomilanocortina2026.it\/fr\/wp-json\/wp\/v2\/posts"}],"about":[{"href":"https:\/\/aspettandomilanocortina2026.it\/fr\/wp-json\/wp\/v2\/types\/post"}],"author":[{"embeddable":true,"href":"https:\/\/aspettandomilanocortina2026.it\/fr\/wp-json\/wp\/v2\/users\/3"}],"replies":[{"embeddable":true,"href":"https:\/\/aspettandomilanocortina2026.it\/fr\/wp-json\/wp\/v2\/comments?post=420"}],"version-history":[{"count":1,"href":"https:\/\/aspettandomilanocortina2026.it\/fr\/wp-json\/wp\/v2\/posts\/420\/revisions"}],"predecessor-version":[{"id":422,"href":"https:\/\/aspettandomilanocortina2026.it\/fr\/wp-json\/wp\/v2\/posts\/420\/revisions\/422"}],"wp:featuredmedia":[{"embeddable":true,"href":"https:\/\/aspettandomilanocortina2026.it\/fr\/wp-json\/wp\/v2\/media\/421"}],"wp:attachment":[{"href":"https:\/\/aspettandomilanocortina2026.it\/fr\/wp-json\/wp\/v2\/media?parent=420"}],"wp:term":[{"taxonomy":"category","embeddable":true,"href":"https:\/\/aspettandomilanocortina2026.it\/fr\/wp-json\/wp\/v2\/categories?post=420"},{"taxonomy":"post_tag","embeddable":true,"href":"https:\/\/aspettandomilanocortina2026.it\/fr\/wp-json\/wp\/v2\/tags?post=420"}],"curies":[{"name":"wp","href":"https:\/\/api.w.org\/{rel}","templated":true}]}}